{"id":8607,"date":"2016-07-03T21:14:18","date_gmt":"2016-07-03T21:14:18","guid":{"rendered":"http:\/\/www.fabriceeulry-laboutique.com\/blog\/?p=8607"},"modified":"2018-12-12T02:21:57","modified_gmt":"2018-12-12T02:21:57","slug":"musique-pour-plante-verte","status":"publish","type":"post","link":"http:\/\/www.fabriceeulry-laboutique.com\/blog\/?p=8607","title":{"rendered":"MUSIQUE POUR PLANTE VERTE"},"content":{"rendered":"<h2 style=\"text-align: center;\"><span style=\"color: #000000;\">Le Canard du pianiste relaie r\u00e9guli\u00e8rement le blogue de Christine Sourgins qui nous propose un propos exempt de toute id\u00e9ologie.<\/span><\/h2>\n<h2 style=\"text-align: center;\"><span style=\"color: #000000;\">Pas de conservatisme frileux ni de modernisme b\u00e9at, mais un \u00e9clairage toujours inattendu et pertinent rendu possible par un sens des r\u00e9alit\u00e9s \u00e9conomiques (qui lib\u00e8re la pens\u00e9e de l&rsquo;abstraction id\u00e9ologique) et une \u00e9rudition dans les Arts plastiques, au service des artistes libres dont Christine Sourgins est une alli\u00e9e bienveillante.<\/span><\/h2>\n<p id=\"yui_3_16_0_ym19_1_1467544543506_88385\" style=\"text-align: center;\"><strong><span style=\"color: #000000;\">\u00ab\u00a0En Bretagne, \u00a0les cons\u00e9quences du d\u00e9sengagement de l\u2019Etat dans les collectivit\u00e9s publiques \u00a0mettent en lumi\u00e8re \u00e0 quel point un certain art dit \u00ab\u00a0contemporain\u00a0\u00bb \u00e9tait (et est encore) maintenu artificiellement sous perfusion financi\u00e8re. La mairie de Quimper a invoqu\u00e9 \u00ab\u00a0les restrictions budg\u00e9taires entra\u00een\u00e9es par la baisse de dotation de l\u2019Etat\u00a0\u00bb pour supprimer sa subvention au centre d\u2019art contemporain, cr\u00e9\u00e9 il y a 25 ans. Ces 252\u00a0000 euros manquants \u00a0repr\u00e9sentaient 40% du budget, le reste \u00e9tant financ\u00e9 par l\u2019Etat \u00e0 travers la DRAC, la r\u00e9gion et le d\u00e9partement\u00a0: le Quartier, esplanade Fran\u00e7ois-Mitterrand \u00e0 Quimper, a donc ferm\u00e9.<\/span><\/strong><\/p>\n<p id=\"yui_3_16_0_ym19_1_1467544543506_88395\" style=\"text-align: center;\"><strong><span style=\"color: #000000;\">A part quelques officiels et la protestation de la Ministre de la culture en personne, peu d\u2019\u00e9motion parmi la population, la presse locale ou le \u00ab\u00a0prol\u00e9tariat\u00a0\u00bb des artistes bretons&#8230; \u00ab\u00a0Le Monde\u00a0\u00bb est perplexe&#8230;\u00a0\u00bb<\/span><\/strong><\/p>\n<p style=\"text-align: center;\">Lire la <a href=\"http:\/\/En Bretagne, les cons\u00e9quences du d\u00e9sengagement de l\u2019Etat dans les collectivit\u00e9s publiques mettent en lumi\u00e8re \u00e0 quel point un certain art dit \u00ab contemporain \u00bb \u00e9tait (et est encore) maintenu artificiellement sous perfusion financi\u00e8re. La mairie de Quimper a invoqu\u00e9 \u00ab les restrictions budg\u00e9taires entra\u00een\u00e9es par la baisse de dotation de l\u2019Etat \u00bb pour supprimer sa subvention au centre d\u2019art contemporain, cr\u00e9\u00e9 il y a 25 ans. Ces 252 000 euros manquants repr\u00e9sentaient 40% du budget, le reste \u00e9tant financ\u00e9 par l\u2019Etat \u00e0 travers la DRAC, la r\u00e9gion et le d\u00e9partement : le Quartier, esplanade Fran\u00e7ois-Mitterrand \u00e0 Quimper, a donc ferm\u00e9. A part quelques officiels et la protestation de la Ministre de la culture en personne, peu d\u2019\u00e9motion parmi la population, la presse locale ou le \u00ab prol\u00e9tariat \u00bb des artistes bretons... &quot;Le Monde&quot; est perplexe...\">suite<\/a><\/p>\n<h2 style=\"text-align: center;\"><span style=\"color: #000000;\"><strong>Christine Sourgins est l&rsquo;auteur de<\/strong><\/span><\/h2>\n<h2><span style=\"color: #000000;\"><strong><a style=\"color: #000000;\" href=\"http:\/\/www.sourgins.fr\/liberte-dexpression\/\"><img data-recalc-dims=\"1\" loading=\"lazy\" decoding=\"async\" class=\"aligncenter\" title=\"sourgins\" src=\"https:\/\/i0.wp.com\/www.fabriceeulry-laboutique.com\/blog\/wp-content\/uploads\/2014\/10\/sourgins-.jpg?resize=207%2C300\" alt=\"\" width=\"207\" height=\"300\" \/><\/a><\/strong><\/span><\/h2>\n<h2 style=\"text-align: center;\"><\/h2>\n<h2 style=\"text-align: center;\"><span style=\"color: #000000;\"><strong>Concerto en DO# mineur &#8211; Fabrice Eulry<\/strong><\/span><\/h2>\n<div>\n<p style=\"text-align: center;\"><span style=\"color: #000000;\"><a style=\"color: #000000;\" href=\"http:\/\/www.fabriceeulry.com\/discographie.html\"><img data-recalc-dims=\"1\" decoding=\"async\" src=\"https:\/\/i0.wp.com\/www.fabriceeulry.com\/images\/cd\/pochette-concerto.png?w=640\" alt=\"Concerto en DO di\u00e8se mineur\" \/><\/a>\u00a0<em>cliquez sur l&rsquo;image pour le commander<\/em><\/span><\/p>\n<\/div>\n<p style=\"text-align: center;\">\n","protected":false},"excerpt":{"rendered":"<p>Le Canard du pianiste relaie r\u00e9guli\u00e8rement le blogue de Christine Sourgins qui nous propose un propos exempt de toute id\u00e9ologie. Pas de conservatisme frileux ni de modernisme b\u00e9at, mais un \u00e9clairage toujours inattendu et pertinent rendu possible par un sens &hellip; <a href=\"http:\/\/www.fabriceeulry-laboutique.com\/blog\/?p=8607\">Continuer la lecture <span class=\"meta-nav\">&rarr;<\/span><\/a><\/p>\n","protected":false},"author":2,"featured_media":0,"comment_status":"open","ping_status":"open","sticky":false,"template":"","format":"standard","meta":{"jetpack_post_was_ever_published":false,"_jetpack_newsletter_access":"","_jetpack_dont_email_post_to_subs":true,"_jetpack_newsletter_tier_id":0,"_jetpack_memberships_contains_paywalled_content":false,"_jetpack_memberships_contains_paid_content":false,"footnotes":"","jetpack_publicize_message":"","jetpack_publicize_feature_enabled":true,"jetpack_social_post_already_shared":true,"jetpack_social_options":{"image_generator_settings":{"template":"highway","default_image_id":0,"font":"","enabled":false},"version":2}},"categories":[1],"tags":[15],"class_list":["post-8607","post","type-post","status-publish","format-standard","hentry","category-non-classe","tag-art"],"jetpack_publicize_connections":[],"jetpack_featured_media_url":"","jetpack_sharing_enabled":true,"jetpack_shortlink":"https:\/\/wp.me\/p2D6dI-2eP","jetpack_likes_enabled":true,"jetpack-related-posts":[{"id":8428,"url":"http:\/\/www.fabriceeulry-laboutique.com\/blog\/?p=8428","url_meta":{"origin":8607,"position":0},"title":"L&rsquo;ETAT PERD DE VUE 23 000 OEUVRES D&rsquo;ART","author":"Le Canard du pianiste","date":"25 avril 2016","format":false,"excerpt":"Le Canard du pianiste relaie r\u00e9guli\u00e8rement le blogue de Christine Sourgins qui nous propose un propos exempt de toute id\u00e9ologie. Pas de conservatisme frileux ni de modernisme b\u00e9at, mais un \u00e9clairage toujours inattendu et pertinent rendu possible par un sens des r\u00e9alit\u00e9s \u00e9conomiques (qui lib\u00e8re la pens\u00e9e de l'abstraction id\u00e9ologique)\u2026","rel":"","context":"Dans &quot;Non class\u00e9&quot;","block_context":{"text":"Non class\u00e9","link":"http:\/\/www.fabriceeulry-laboutique.com\/blog\/?cat=1"},"img":{"alt_text":"","src":"https:\/\/i0.wp.com\/www.sourgins.fr\/wp-content\/uploads\/2014\/08\/comic-maigre-1-sur-2-600x82.jpg?resize=350%2C200","width":350,"height":200,"srcset":"https:\/\/i0.wp.com\/www.sourgins.fr\/wp-content\/uploads\/2014\/08\/comic-maigre-1-sur-2-600x82.jpg?resize=350%2C200 1x, https:\/\/i0.wp.com\/www.sourgins.fr\/wp-content\/uploads\/2014\/08\/comic-maigre-1-sur-2-600x82.jpg?resize=525%2C300 1.5x"},"classes":[]},{"id":11549,"url":"http:\/\/www.fabriceeulry-laboutique.com\/blog\/?p=11549","url_meta":{"origin":8607,"position":1},"title":"L&rsquo;ART DANS LE GRAND D\u00c9BAT ?","author":"Le Canard du pianiste","date":"3 f\u00e9vrier 2019","format":false,"excerpt":"PAR CHRISTINE SOURGINSLe Canard du pianiste relaie r\u00e9guli\u00e8rement le blogue de Christine Sourgins qui nous propose un propos exempt de toute id\u00e9ologie. Pas de conservatisme frileux ni de modernisme b\u00e9at, mais un \u00e9clairage toujours inattendu et pertinent rendu possible par un sens des r\u00e9alit\u00e9s \u00e9conomiques (qui lib\u00e8re la pens\u00e9e de\u2026","rel":"","context":"Dans &quot;Non class\u00e9&quot;","block_context":{"text":"Non class\u00e9","link":"http:\/\/www.fabriceeulry-laboutique.com\/blog\/?cat=1"},"img":{"alt_text":"","src":"","width":0,"height":0},"classes":[]},{"id":6504,"url":"http:\/\/www.fabriceeulry-laboutique.com\/blog\/?p=6504","url_meta":{"origin":8607,"position":2},"title":"VANDALISME CULTUREL EN SOUS-MAIN","author":"Le Canard du pianiste","date":"5 mars 2015","format":false,"excerpt":"\u00a0 \u00a0 \u00a0Toujours \u00e0 contrepied, dans Le Grain de sel de cette quinzaine, Christine Sourgins met en perspective les r\u00e9centes destructions du patrimoine. \u00a0 \u00a0 On s'est \u00e9mu avec pertinence du vandalisme qui s\u00e9vit au Moyen-Orient, sans mentionner assez qu'il trouve son \u00e9cho en France, o\u00f9 les saccages de lieux\u2026","rel":"","context":"Dans &quot;Non class\u00e9&quot;","block_context":{"text":"Non class\u00e9","link":"http:\/\/www.fabriceeulry-laboutique.com\/blog\/?cat=1"},"img":{"alt_text":"","src":"https:\/\/i0.wp.com\/www.fabriceeulry-laboutique.com\/blog\/wp-content\/uploads\/2015\/03\/d%C3%A9gradation-1.jpg?resize=350%2C200","width":350,"height":200},"classes":[]},{"id":8045,"url":"http:\/\/www.fabriceeulry-laboutique.com\/blog\/?p=8045","url_meta":{"origin":8607,"position":3},"title":"\u00ab\u00a0NUL N&rsquo;EST PROPHETE EN SON PAYS\u00a0\u00bb : UN PREJUGE DEMAGOGIQUE.","author":"Le Canard du pianiste","date":"27 janvier 2016","format":false,"excerpt":"Le Canard du pianiste relaie r\u00e9guli\u00e8rement le blogue de Christine Sourgins qui nous propose un propos exempt de toute id\u00e9ologie. Pas de conservatisme frileux ni de modernisme b\u00e9at, mais un \u00e9clairage toujours inattendu et pertinent rendu possible par un sens des r\u00e9alit\u00e9s \u00e9conomiques (qui lib\u00e8re la pens\u00e9e de l'abstraction id\u00e9ologique)\u2026","rel":"","context":"Dans &quot;Non class\u00e9&quot;","block_context":{"text":"Non class\u00e9","link":"http:\/\/www.fabriceeulry-laboutique.com\/blog\/?cat=1"},"img":{"alt_text":"","src":"https:\/\/i0.wp.com\/www.sourgins.fr\/wp-content\/uploads\/2014\/08\/comic-maigre-1-sur-2-600x82.jpg?resize=350%2C200","width":350,"height":200,"srcset":"https:\/\/i0.wp.com\/www.sourgins.fr\/wp-content\/uploads\/2014\/08\/comic-maigre-1-sur-2-600x82.jpg?resize=350%2C200 1x, https:\/\/i0.wp.com\/www.sourgins.fr\/wp-content\/uploads\/2014\/08\/comic-maigre-1-sur-2-600x82.jpg?resize=525%2C300 1.5x"},"classes":[]},{"id":8919,"url":"http:\/\/www.fabriceeulry-laboutique.com\/blog\/?p=8919","url_meta":{"origin":8607,"position":4},"title":"LES ENJEUX D&rsquo;UNE D\u00c9PROGRAMMATION SUR ARTE","author":"Le Canard du pianiste","date":"26 octobre 2016","format":false,"excerpt":"Le Canard du pianiste relaie r\u00e9guli\u00e8rement le blogue de Christine Sourgins qui nous propose un propos exempt de toute id\u00e9ologie. Pas de conservatisme frileux ni de modernisme b\u00e9at, mais un \u00e9clairage toujours inattendu et pertinent rendu possible par un sens des r\u00e9alit\u00e9s \u00e9conomiques (qui lib\u00e8re la pens\u00e9e de l'abstraction id\u00e9ologique)\u2026","rel":"","context":"Dans &quot;Non class\u00e9&quot;","block_context":{"text":"Non class\u00e9","link":"http:\/\/www.fabriceeulry-laboutique.com\/blog\/?cat=1"},"img":{"alt_text":"","src":"https:\/\/i0.wp.com\/www.fabriceeulry-laboutique.com\/blog\/wp-content\/uploads\/2014\/10\/sourgins--207x300.jpg?resize=350%2C200","width":350,"height":200},"classes":[]},{"id":8187,"url":"http:\/\/www.fabriceeulry-laboutique.com\/blog\/?p=8187","url_meta":{"origin":8607,"position":5},"title":"LE GRAIN DE SEL DE CHRISTINE SOURGINS","author":"Le Canard du pianiste","date":"4 mars 2016","format":false,"excerpt":"Le Canard du pianiste relaie r\u00e9guli\u00e8rement le blogue de Christine Sourgins qui nous propose un propos exempt de toute id\u00e9ologie. Pas de conservatisme frileux ni de modernisme b\u00e9at, mais un \u00e9clairage toujours inattendu et pertinent rendu possible par un sens des r\u00e9alit\u00e9s \u00e9conomiques (qui lib\u00e8re la pens\u00e9e de l'abstraction id\u00e9ologique)\u2026","rel":"","context":"Dans &quot;Non class\u00e9&quot;","block_context":{"text":"Non class\u00e9","link":"http:\/\/www.fabriceeulry-laboutique.com\/blog\/?cat=1"},"img":{"alt_text":"","src":"https:\/\/i0.wp.com\/www.sourgins.fr\/wp-content\/uploads\/2014\/08\/comic-maigre-1-sur-2-600x82.jpg?resize=350%2C200","width":350,"height":200,"srcset":"https:\/\/i0.wp.com\/www.sourgins.fr\/wp-content\/uploads\/2014\/08\/comic-maigre-1-sur-2-600x82.jpg?resize=350%2C200 1x, https:\/\/i0.wp.com\/www.sourgins.fr\/wp-content\/uploads\/2014\/08\/comic-maigre-1-sur-2-600x82.jpg?resize=525%2C300 1.5x"},"classes":[]}],"_links":{"self":[{"href":"http:\/\/www.fabriceeulry-laboutique.com\/blog\/index.php?rest_route=\/wp\/v2\/posts\/8607","targetHints":{"allow":["GET"]}}],"collection":[{"href":"http:\/\/www.fabriceeulry-laboutique.com\/blog\/index.php?rest_route=\/wp\/v2\/posts"}],"about":[{"href":"http:\/\/www.fabriceeulry-laboutique.com\/blog\/index.php?rest_route=\/wp\/v2\/types\/post"}],"author":[{"embeddable":true,"href":"http:\/\/www.fabriceeulry-laboutique.com\/blog\/index.php?rest_route=\/wp\/v2\/users\/2"}],"replies":[{"embeddable":true,"href":"http:\/\/www.fabriceeulry-laboutique.com\/blog\/index.php?rest_route=%2Fwp%2Fv2%2Fcomments&post=8607"}],"version-history":[{"count":2,"href":"http:\/\/www.fabriceeulry-laboutique.com\/blog\/index.php?rest_route=\/wp\/v2\/posts\/8607\/revisions"}],"predecessor-version":[{"id":8850,"href":"http:\/\/www.fabriceeulry-laboutique.com\/blog\/index.php?rest_route=\/wp\/v2\/posts\/8607\/revisions\/8850"}],"wp:attachment":[{"href":"http:\/\/www.fabriceeulry-laboutique.com\/blog\/index.php?rest_route=%2Fwp%2Fv2%2Fmedia&parent=8607"}],"wp:term":[{"taxonomy":"category","embeddable":true,"href":"http:\/\/www.fabriceeulry-laboutique.com\/blog\/index.php?rest_route=%2Fwp%2Fv2%2Fcategories&post=8607"},{"taxonomy":"post_tag","embeddable":true,"href":"http:\/\/www.fabriceeulry-laboutique.com\/blog\/index.php?rest_route=%2Fwp%2Fv2%2Ftags&post=8607"}],"curies":[{"name":"wp","href":"https:\/\/api.w.org\/{rel}","templated":true}]}}