{"id":8708,"date":"2016-08-20T14:05:20","date_gmt":"2016-08-20T14:05:20","guid":{"rendered":"http:\/\/www.fabriceeulry-laboutique.com\/blog\/?p=8708"},"modified":"2018-12-12T02:18:16","modified_gmt":"2018-12-12T02:18:16","slug":"meme-les-therapeutes-nous-le-disent","status":"publish","type":"post","link":"http:\/\/www.fabriceeulry-laboutique.com\/blog\/?p=8708","title":{"rendered":"MEME LES THERAPEUTES NOUS LE DISENT"},"content":{"rendered":"<h2 style=\"text-align: center;\"><span style=\"color: #000000;\">&#8230; la musique gu\u00e9rit ! <\/span><\/h2>\n<h2 style=\"text-align: center;\"><span style=\"color: #000000;\">Combien de fois ne m&rsquo;avez vous pas dit que la mienne devrait \u00eatre rembours\u00e9e par la s\u00e9curit\u00e9 sociale ? Mais aujourd&rsquo;hui, voici d&rsquo;autres points de vue, notamment sur les vertus de la voix de Nolwenn Leroy dont certains th\u00e9rapeutes sont devenus des inconditionnels. F.E.<\/span><\/h2>\n<h2 style=\"text-align: center;\"><span style=\"color: #000000;\"><strong><em>Cliquez sur l&rsquo;image pour lire l&rsquo;article<\/em><\/strong><\/span><\/h2>\n<p><a href=\"https:\/\/www.santenatureinnovation.com\/la-musique-qui-guerit\/\"><img data-recalc-dims=\"1\" loading=\"lazy\" decoding=\"async\" class=\"size-medium wp-image-8709 aligncenter\" src=\"https:\/\/i0.wp.com\/www.fabriceeulry-laboutique.com\/blog\/wp-content\/uploads\/2016\/08\/Nolwen.jpg?resize=300%2C150\" alt=\"Nolwen\" width=\"300\" height=\"150\" srcset=\"https:\/\/i0.wp.com\/www.fabriceeulry-laboutique.com\/blog\/wp-content\/uploads\/2016\/08\/Nolwen.jpg?resize=300%2C150 300w, https:\/\/i0.wp.com\/www.fabriceeulry-laboutique.com\/blog\/wp-content\/uploads\/2016\/08\/Nolwen.jpg?w=680 680w\" sizes=\"auto, (max-width: 300px) 100vw, 300px\" \/><\/a><\/p>\n<h2 style=\"text-align: center;\"><span style=\"color: #000000;\"><strong>Quoiqu&rsquo;il en soit la pratique o\u00f9 la fr\u00e9quentation de tout art est salvatrice !<\/strong><\/span><\/h2>\n<p>&nbsp;<\/p>\n<h1 style=\"text-align: center;\"><span style=\"color: #000000;\">La th\u00e9rapie par Paris jook, l&rsquo; album le plus soul de Fabrice Eulry\u00a0<\/span><\/h1>\n<h1 style=\"text-align: center;\"><span style=\"color: #000000;\"><strong>Avec Gary Wiggins Gerard Marmet et Al Sanders \u00e0 la basse<\/strong><\/span><\/h1>\n<h2 style=\"text-align: center;\"><span style=\"color: #000000;\"><em>(cliquez sur la pochette pour le commander)<\/em><\/span><\/h2>\n<p><span style=\"color: #000000;\"><img data-recalc-dims=\"1\" loading=\"lazy\" decoding=\"async\" class=\"aligncenter\" title=\"jook\" src=\"https:\/\/i0.wp.com\/www.fabriceeulry-laboutique.com\/blog\/wp-content\/uploads\/2015\/02\/jook-.jpg?resize=358%2C357\" alt=\"\" width=\"358\" height=\"357\" \/><\/span><\/p>\n","protected":false},"excerpt":{"rendered":"<p>&#8230; la musique gu\u00e9rit ! Combien de fois ne m&rsquo;avez vous pas dit que la mienne devrait \u00eatre rembours\u00e9e par la s\u00e9curit\u00e9 sociale ? Mais aujourd&rsquo;hui, voici d&rsquo;autres points de vue, notamment sur les vertus de la voix de Nolwenn &hellip; <a href=\"http:\/\/www.fabriceeulry-laboutique.com\/blog\/?p=8708\">Continuer la lecture <span class=\"meta-nav\">&rarr;<\/span><\/a><\/p>\n","protected":false},"author":2,"featured_media":0,"comment_status":"open","ping_status":"open","sticky":false,"template":"","format":"standard","meta":{"jetpack_post_was_ever_published":false,"_jetpack_newsletter_access":"","_jetpack_dont_email_post_to_subs":true,"_jetpack_newsletter_tier_id":0,"_jetpack_memberships_contains_paywalled_content":false,"_jetpack_memberships_contains_paid_content":false,"footnotes":"","jetpack_publicize_message":"","jetpack_publicize_feature_enabled":true,"jetpack_social_post_already_shared":true,"jetpack_social_options":{"image_generator_settings":{"template":"highway","default_image_id":0,"font":"","enabled":false},"version":2}},"categories":[1],"tags":[36],"class_list":["post-8708","post","type-post","status-publish","format-standard","hentry","category-non-classe","tag-divers"],"jetpack_publicize_connections":[],"jetpack_featured_media_url":"","jetpack_sharing_enabled":true,"jetpack_shortlink":"https:\/\/wp.me\/p2D6dI-2gs","jetpack_likes_enabled":true,"jetpack-related-posts":[{"id":5500,"url":"http:\/\/www.fabriceeulry-laboutique.com\/blog\/?p=5500","url_meta":{"origin":8708,"position":0},"title":"LES MELODIES PUBLICITAIRES ET LEUR IMPACT","author":"Le Canard du pianiste","date":"21 ao\u00fbt 2014","format":false,"excerpt":"Les m\u00e9lodies publicitaires & leur impact sur notre cerveau Les m\u00e9lodies publicitaires & leur impact sur notre cerveau Les\u00a0m\u00e9lodies publicitaires & leur impact sur notre cerveau Les\u00a0m\u00e9lodies publicitaires & leur impact sur notre cerveau Les\u00a0m\u00e9lodies publicitaires & leur impact sur notre cerveau Les\u00a0m\u00e9lodies publicitaires & leur impact sur notre cerveau\u2026","rel":"","context":"Dans &quot;Non class\u00e9&quot;","block_context":{"text":"Non class\u00e9","link":"http:\/\/www.fabriceeulry-laboutique.com\/blog\/?cat=1"},"img":{"alt_text":"","src":"https:\/\/i0.wp.com\/www.fabriceeulry-laboutique.com\/blog\/wp-content\/uploads\/2014\/08\/Pub-1.jpg?resize=350%2C200","width":350,"height":200,"srcset":"https:\/\/i0.wp.com\/www.fabriceeulry-laboutique.com\/blog\/wp-content\/uploads\/2014\/08\/Pub-1.jpg?resize=350%2C200 1x, https:\/\/i0.wp.com\/www.fabriceeulry-laboutique.com\/blog\/wp-content\/uploads\/2014\/08\/Pub-1.jpg?resize=525%2C300 1.5x, https:\/\/i0.wp.com\/www.fabriceeulry-laboutique.com\/blog\/wp-content\/uploads\/2014\/08\/Pub-1.jpg?resize=700%2C400 2x"},"classes":[]},{"id":6796,"url":"http:\/\/www.fabriceeulry-laboutique.com\/blog\/?p=6796","url_meta":{"origin":8708,"position":1},"title":"FABRICE EULRY ET JACKY MILLIET SUR LA RADIO SUISSE ROMANDE","author":"Le Canard du pianiste","date":"26 avril 2015","format":false,"excerpt":"Cliquez sur l'image du duo pour \u00e9couter l'\u00e9mission \u00a0CONNAITRE ET ECOUTER TOUTE LA DISCOGRAPHIE DE FABRICE EULRY ET JACKY MILLIET \u00a0\u00a0 \u00a0 \u00a0\u00a0\u00a0 \u00a0\u00a0\u00a0cliquez sur les pochettes de disque Sur le dernier disque les versions longues et compl\u00e8tes des deux morceaux jou\u00e9s sur la radio suisse : Si vous partez\u2026","rel":"","context":"Dans &quot;Non class\u00e9&quot;","block_context":{"text":"Non class\u00e9","link":"http:\/\/www.fabriceeulry-laboutique.com\/blog\/?cat=1"},"img":{"alt_text":"corbeil-1","src":"https:\/\/i0.wp.com\/www.on-mag.fr\/images\/stories\/2011\/07\/corbeil-1.jpg?resize=350%2C200","width":350,"height":200,"srcset":"https:\/\/i0.wp.com\/www.on-mag.fr\/images\/stories\/2011\/07\/corbeil-1.jpg?resize=350%2C200 1x, https:\/\/i0.wp.com\/www.on-mag.fr\/images\/stories\/2011\/07\/corbeil-1.jpg?resize=525%2C300 1.5x"},"classes":[]},{"id":11823,"url":"http:\/\/www.fabriceeulry-laboutique.com\/blog\/?p=11823","url_meta":{"origin":8708,"position":2},"title":"CONF\u00c9RENCE SUR LE BLUES POUR 600 ENFANTS","author":"Le Canard du pianiste","date":"28 avril 2019","format":false,"excerpt":"La communaut\u00e9 de commune du Rignacois accueillait les \u00e9l\u00e8ves de plusieurs \u00e9coles dans la splendide salle de Rignac. La jeunesse de cette contr\u00e9e de l'Aveyron qui pr\u00e9sente quelques bijoux (comme le village et le ch\u00e2teau de Bel Castel)\u00a0va assister \u00e0 une conf\u00e9rence qui retrace la gen\u00e8se du blues mais explique\u2026","rel":"","context":"Dans &quot;Non class\u00e9&quot;","block_context":{"text":"Non class\u00e9","link":"http:\/\/www.fabriceeulry-laboutique.com\/blog\/?cat=1"},"img":{"alt_text":"","src":"https:\/\/i0.wp.com\/www.fabriceeulry-laboutique.com\/blog\/wp-content\/uploads\/2019\/04\/scorignac.jpg?resize=350%2C200","width":350,"height":200,"srcset":"https:\/\/i0.wp.com\/www.fabriceeulry-laboutique.com\/blog\/wp-content\/uploads\/2019\/04\/scorignac.jpg?resize=350%2C200 1x, https:\/\/i0.wp.com\/www.fabriceeulry-laboutique.com\/blog\/wp-content\/uploads\/2019\/04\/scorignac.jpg?resize=525%2C300 1.5x, https:\/\/i0.wp.com\/www.fabriceeulry-laboutique.com\/blog\/wp-content\/uploads\/2019\/04\/scorignac.jpg?resize=700%2C400 2x, https:\/\/i0.wp.com\/www.fabriceeulry-laboutique.com\/blog\/wp-content\/uploads\/2019\/04\/scorignac.jpg?resize=1050%2C600 3x, https:\/\/i0.wp.com\/www.fabriceeulry-laboutique.com\/blog\/wp-content\/uploads\/2019\/04\/scorignac.jpg?resize=1400%2C800 4x"},"classes":[]},{"id":6807,"url":"http:\/\/www.fabriceeulry-laboutique.com\/blog\/?p=6807","url_meta":{"origin":8708,"position":3},"title":"CONFERENCE-CONCERT SUR LE BLUES","author":"Le Canard du pianiste","date":"29 avril 2015","format":false,"excerpt":"Le mardi 28 avril 2015, la Fondation R\u00e9sonnance a pr\u00e9sent\u00e9 une conf\u00e9rence-concert-d\u00e9bat sur le blues donn\u00e9e par Jacky Milliet et Fabrice Eulry. Jacky Milliet \u00e9voque le bouillon de culture louisianais et quelques anecdotes sur les pionniers du blues de la Nouvelle Orl\u00e9ans.\u00a0 \u00a0 Le blues illustr\u00e9 en musique avec Tin\u2026","rel":"","context":"Dans &quot;Non class\u00e9&quot;","block_context":{"text":"Non class\u00e9","link":"http:\/\/www.fabriceeulry-laboutique.com\/blog\/?cat=1"},"img":{"alt_text":"","src":"https:\/\/i0.wp.com\/www.fabriceeulry-laboutique.com\/blog\/wp-content\/uploads\/2015\/04\/conf-5-.jpg?resize=350%2C200","width":350,"height":200},"classes":[]},{"id":5027,"url":"http:\/\/www.fabriceeulry-laboutique.com\/blog\/?p=5027","url_meta":{"origin":8708,"position":4},"title":"EN PIANO SOLO A AGEN LE 3 JUIN DERNIER","author":"Le Canard du pianiste","date":"16 juin 2014","format":false,"excerpt":"\u00a0 A l'ENAP \u00e0 20h.30 le mardi 3 juin une salle comble (environ 350 personnes) et chaleureuse est venue applaudir mon spectacle. Les Agennais qui constituaient une moiti\u00e9 de la salle sont des bons vivants qui rient et appr\u00e9cient spontan\u00e9ment le burlesque. L'autre moiti\u00e9 de la salle \u00e9tait constitu\u00e9e des\u2026","rel":"","context":"Dans &quot;Non class\u00e9&quot;","block_context":{"text":"Non class\u00e9","link":"http:\/\/www.fabriceeulry-laboutique.com\/blog\/?cat=1"},"img":{"alt_text":"","src":"https:\/\/i0.wp.com\/www.fabriceeulry-laboutique.com\/blog\/wp-content\/uploads\/2014\/05\/ENAP.png?resize=350%2C200","width":350,"height":200},"classes":[]},{"id":12723,"url":"http:\/\/www.fabriceeulry-laboutique.com\/blog\/?p=12723","url_meta":{"origin":8708,"position":5},"title":"LES PARTITIONS A NOUVEAU DISPONIBLES !","author":"Le Canard du pianiste","date":"15 f\u00e9vrier 2023","format":false,"excerpt":"Le nouveau site fabriceeulry.com est en ligne, avec les partitions de ses compositions, quelques reprises arrang\u00e9es comme Les yeux noirs, Pr\u00e9lude II de J.S.Bach avec variations boogie, et bien s\u00fbr la m\u00e9thode de boogie-woogie ! Cliquez sur ce lien puis sur \"La boutique musicale\" https:\/\/https:\/\/www.fabriceeulry.com\/#disco\/#disco Quelques extraits de ces morceaux\u2026","rel":"","context":"Dans &quot;Non class\u00e9&quot;","block_context":{"text":"Non class\u00e9","link":"http:\/\/www.fabriceeulry-laboutique.com\/blog\/?cat=1"},"img":{"alt_text":"","src":"https:\/\/i0.wp.com\/www.fabriceeulry-laboutique.com\/blog\/wp-content\/uploads\/2019\/11\/Dauphine-capt.png?resize=350%2C200","width":350,"height":200,"srcset":"https:\/\/i0.wp.com\/www.fabriceeulry-laboutique.com\/blog\/wp-content\/uploads\/2019\/11\/Dauphine-capt.png?resize=350%2C200 1x, https:\/\/i0.wp.com\/www.fabriceeulry-laboutique.com\/blog\/wp-content\/uploads\/2019\/11\/Dauphine-capt.png?resize=525%2C300 1.5x"},"classes":[]}],"_links":{"self":[{"href":"http:\/\/www.fabriceeulry-laboutique.com\/blog\/index.php?rest_route=\/wp\/v2\/posts\/8708","targetHints":{"allow":["GET"]}}],"collection":[{"href":"http:\/\/www.fabriceeulry-laboutique.com\/blog\/index.php?rest_route=\/wp\/v2\/posts"}],"about":[{"href":"http:\/\/www.fabriceeulry-laboutique.com\/blog\/index.php?rest_route=\/wp\/v2\/types\/post"}],"author":[{"embeddable":true,"href":"http:\/\/www.fabriceeulry-laboutique.com\/blog\/index.php?rest_route=\/wp\/v2\/users\/2"}],"replies":[{"embeddable":true,"href":"http:\/\/www.fabriceeulry-laboutique.com\/blog\/index.php?rest_route=%2Fwp%2Fv2%2Fcomments&post=8708"}],"version-history":[{"count":1,"href":"http:\/\/www.fabriceeulry-laboutique.com\/blog\/index.php?rest_route=\/wp\/v2\/posts\/8708\/revisions"}],"predecessor-version":[{"id":8710,"href":"http:\/\/www.fabriceeulry-laboutique.com\/blog\/index.php?rest_route=\/wp\/v2\/posts\/8708\/revisions\/8710"}],"wp:attachment":[{"href":"http:\/\/www.fabriceeulry-laboutique.com\/blog\/index.php?rest_route=%2Fwp%2Fv2%2Fmedia&parent=8708"}],"wp:term":[{"taxonomy":"category","embeddable":true,"href":"http:\/\/www.fabriceeulry-laboutique.com\/blog\/index.php?rest_route=%2Fwp%2Fv2%2Fcategories&post=8708"},{"taxonomy":"post_tag","embeddable":true,"href":"http:\/\/www.fabriceeulry-laboutique.com\/blog\/index.php?rest_route=%2Fwp%2Fv2%2Ftags&post=8708"}],"curies":[{"name":"wp","href":"https:\/\/api.w.org\/{rel}","templated":true}]}}