{"id":8717,"date":"2016-08-26T15:19:46","date_gmt":"2016-08-26T15:19:46","guid":{"rendered":"http:\/\/www.fabriceeulry-laboutique.com\/blog\/?p=8717"},"modified":"2018-12-12T02:17:55","modified_gmt":"2018-12-12T02:17:55","slug":"fabrice-eulry-de-retour-a-la-salle-cortot","status":"publish","type":"post","link":"http:\/\/www.fabriceeulry-laboutique.com\/blog\/?p=8717","title":{"rendered":"FABRICE EULRY DE RETOUR A LA SALLE CORTOT"},"content":{"rendered":"<h2 style=\"text-align: center;\"><span style=\"color: #000000;\"><strong>Tous \u00e0 vos agendas<a href=\"https:\/\/i0.wp.com\/www.fabriceeulry-laboutique.com\/blog\/wp-content\/uploads\/2016\/08\/VISUEL-FABRICE.jpg\"><img data-recalc-dims=\"1\" loading=\"lazy\" decoding=\"async\" class=\"size-full wp-image-8719 aligncenter\" src=\"https:\/\/i0.wp.com\/www.fabriceeulry-laboutique.com\/blog\/wp-content\/uploads\/2016\/08\/VISUEL-FABRICE.jpg?resize=359%2C156\" alt=\"VISUEL FABRICE\" width=\"359\" height=\"156\" srcset=\"https:\/\/i0.wp.com\/www.fabriceeulry-laboutique.com\/blog\/wp-content\/uploads\/2016\/08\/VISUEL-FABRICE.jpg?w=359 359w, https:\/\/i0.wp.com\/www.fabriceeulry-laboutique.com\/blog\/wp-content\/uploads\/2016\/08\/VISUEL-FABRICE.jpg?resize=300%2C130 300w\" sizes=\"auto, (max-width: 359px) 100vw, 359px\" \/><\/a> !<\/strong><\/span><\/h2>\n<h2 style=\"text-align: center;\"><span style=\"color: #000000;\"><strong>\u00a0sera le dimanche 22 janvier pour la fondation R\u00e9sonnance \u00e0 la salle Cortot avec un<\/strong><\/span><\/h2>\n<h2 style=\"text-align: center;\"><span style=\"color: #000000;\"><strong>nouveau r\u00e9pertoire :<\/strong><\/span><\/h2>\n<p><a href=\"https:\/\/i0.wp.com\/www.fabriceeulry-laboutique.com\/blog\/wp-content\/uploads\/2016\/08\/cortot-2017.jpg\"><img data-recalc-dims=\"1\" loading=\"lazy\" decoding=\"async\" class=\"size-full wp-image-8718 aligncenter\" src=\"https:\/\/i0.wp.com\/www.fabriceeulry-laboutique.com\/blog\/wp-content\/uploads\/2016\/08\/cortot-2017.jpg?resize=387%2C377\" alt=\"cortot 2017\" width=\"387\" height=\"377\" srcset=\"https:\/\/i0.wp.com\/www.fabriceeulry-laboutique.com\/blog\/wp-content\/uploads\/2016\/08\/cortot-2017.jpg?w=387 387w, https:\/\/i0.wp.com\/www.fabriceeulry-laboutique.com\/blog\/wp-content\/uploads\/2016\/08\/cortot-2017.jpg?resize=300%2C292 300w\" sizes=\"auto, (max-width: 387px) 100vw, 387px\" \/><\/a><\/p>\n<h2 style=\"text-align: center;\"><span style=\"color: #000000;\"><strong>Attention \u00e0 l&rsquo;horaire ! R\u00e9servez le plus t\u00f4t possible !<\/strong><\/span><\/h2>\n<h2 style=\"text-align: center;\"><span style=\"color: #000000;\"><strong>Le Concerto en DO# mineur &#8211; Fabrice Eulry, cr\u00e9\u00e9 \u00e0 la salle Cortot en mars 2010<\/strong><\/span><\/h2>\n<div>\n<p style=\"text-align: center;\"><span style=\"color: #000000;\"><a href=\"http:\/\/www.fabriceeulry.com\/discographie.html\"><img data-recalc-dims=\"1\" loading=\"lazy\" decoding=\"async\" id=\"yui_3_16_0_ym19_1_1459901370141_37122\" src=\"https:\/\/i0.wp.com\/fabriceeulryunblogfr.unblog.fr\/files\/2010\/12\/pochetteconcerto.jpg?resize=300%2C300\" alt=\"\" width=\"300\" height=\"300\" \/><\/a>\u00a0<\/span><\/p>\n<p style=\"text-align: center;\"><span style=\"color: #000000;\"><em>cliquez sur l&rsquo;image pour \u00e9couter des extraits et le commander<\/em><\/span><\/p>\n<\/div>\n","protected":false},"excerpt":{"rendered":"<p>Tous \u00e0 vos agendas ! \u00a0sera le dimanche 22 janvier pour la fondation R\u00e9sonnance \u00e0 la salle Cortot avec un nouveau r\u00e9pertoire : Attention \u00e0 l&rsquo;horaire ! R\u00e9servez le plus t\u00f4t possible ! Le Concerto en DO# mineur &#8211; Fabrice &hellip; <a href=\"http:\/\/www.fabriceeulry-laboutique.com\/blog\/?p=8717\">Continuer la lecture <span class=\"meta-nav\">&rarr;<\/span><\/a><\/p>\n","protected":false},"author":2,"featured_media":0,"comment_status":"open","ping_status":"open","sticky":false,"template":"","format":"standard","meta":{"jetpack_post_was_ever_published":false,"_jetpack_newsletter_access":"","_jetpack_dont_email_post_to_subs":true,"_jetpack_newsletter_tier_id":0,"_jetpack_memberships_contains_paywalled_content":false,"_jetpack_memberships_contains_paid_content":false,"footnotes":"","jetpack_publicize_message":"","jetpack_publicize_feature_enabled":true,"jetpack_social_post_already_shared":true,"jetpack_social_options":{"image_generator_settings":{"template":"highway","default_image_id":0,"font":"","enabled":false},"version":2}},"categories":[1],"tags":[19],"class_list":["post-8717","post","type-post","status-publish","format-standard","hentry","category-non-classe","tag-annonces-concerts"],"jetpack_publicize_connections":[],"jetpack_featured_media_url":"","jetpack_sharing_enabled":true,"jetpack_shortlink":"https:\/\/wp.me\/p2D6dI-2gB","jetpack_likes_enabled":true,"jetpack-related-posts":[{"id":8915,"url":"http:\/\/www.fabriceeulry-laboutique.com\/blog\/?p=8915","url_meta":{"origin":8717,"position":0},"title":"SALLE CORTOT LE DIMANCHE 22 JANVIER DE BACH \u00c0 HENDRIX","author":"Le Canard du pianiste","date":"24 octobre 2016","format":false,"excerpt":"Tous \u00e0 vos agendas! \u00a0sera le dimanche 22 janvier pour la fondation R\u00e9sonnance \u00e0 la salle Cortot avec un nouveau r\u00e9pertoire : Attention \u00e0 l'horaire ! R\u00e9servez le plus t\u00f4t possible ! Le Concerto en DO# mineur - Fabrice Eulry, cr\u00e9\u00e9 \u00e0 la salle Cortot en mars 2010 \u00a0 cliquez\u2026","rel":"","context":"Dans &quot;Non class\u00e9&quot;","block_context":{"text":"Non class\u00e9","link":"http:\/\/www.fabriceeulry-laboutique.com\/blog\/?cat=1"},"img":{"alt_text":"VISUEL FABRICE","src":"https:\/\/i0.wp.com\/www.fabriceeulry-laboutique.com\/blog\/wp-content\/uploads\/2016\/08\/VISUEL-FABRICE.jpg?resize=350%2C200","width":350,"height":200},"classes":[]},{"id":9150,"url":"http:\/\/www.fabriceeulry-laboutique.com\/blog\/?p=9150","url_meta":{"origin":8717,"position":1},"title":"R\u00c9CITAL SALLE CORTOT J-5","author":"Le Canard du pianiste","date":"17 janvier 2017","format":false,"excerpt":"Les choses se pr\u00e9cisent : un tiers de la salle est d\u00e9j\u00e0 r\u00e9serv\u00e9 \u00e0 moins d'une semaine du concert, cela peut esquisser une salle compl\u00e8te, aussi nous vous conseillons de saisir les bonnes places plut\u00f4t que de risquer de devoir en acheter au tarif double dans le froid (certes elles\u2026","rel":"","context":"Dans &quot;Non class\u00e9&quot;","block_context":{"text":"Non class\u00e9","link":"http:\/\/www.fabriceeulry-laboutique.com\/blog\/?cat=1"},"img":{"alt_text":"","src":"https:\/\/i0.wp.com\/www.fabriceeulry-laboutique.com\/blog\/wp-content\/uploads\/2017\/01\/cortot-2017-1.png?resize=350%2C200","width":350,"height":200},"classes":[]},{"id":9160,"url":"http:\/\/www.fabriceeulry-laboutique.com\/blog\/?p=9160","url_meta":{"origin":8717,"position":2},"title":"FABRICE EULRY SUR PERLES DE CULTURE","author":"Le Canard du pianiste","date":"20 janvier 2017","format":false,"excerpt":"Anne Brassi\u00e9 invitait Fabrice Eulry (\u00e0 partir de 50'40) pour parler de son concert \u00e0 la salle Cortot. L'entrevue est entre autres illustr\u00e9e par des images de ses spectacles (Notes en transe -au Puy en Velay- et Deconcerto pour un seul homme \u00e0 l'Olympia). https:\/\/www.youtube.com\/watch?v=EQ8jbVx116k \u00a0 https:\/\/www.youtube.com\/watch?v=EQ8jbVx116k Les choses se\u2026","rel":"","context":"Dans &quot;Non class\u00e9&quot;","block_context":{"text":"Non class\u00e9","link":"http:\/\/www.fabriceeulry-laboutique.com\/blog\/?cat=1"},"img":{"alt_text":"cortot 2017","src":"https:\/\/i0.wp.com\/www.fabriceeulry-laboutique.com\/blog\/wp-content\/uploads\/2017\/01\/cortot-2017-1.png?resize=350%2C200","width":350,"height":200},"classes":[]},{"id":13323,"url":"http:\/\/www.fabriceeulry-laboutique.com\/blog\/?p=13323","url_meta":{"origin":8717,"position":3},"title":"SALLE CORTOT : CONCERT DE SOUTIEN !","author":"Le Canard du pianiste","date":"1 septembre 2025","format":false,"excerpt":"Un petit t\u00e9moignage de Fabrice Eulry : \"Le dimanche 23 novembre prochain, Elizabeth Sombart va encore remplir la salle Cortot et donner de sa personne avec un nouveau et fulgurant programme, pour un r\u00e9cital de soutien \u00e0 R\u00e9sonnance France. Je l'ai entendue samedi dernier dans une incroyable sonate de Schubert\u2026","rel":"","context":"Dans &quot;Non class\u00e9&quot;","block_context":{"text":"Non class\u00e9","link":"http:\/\/www.fabriceeulry-laboutique.com\/blog\/?cat=1"},"img":{"alt_text":"","src":"https:\/\/i0.wp.com\/www.fabriceeulry-laboutique.com\/blog\/wp-content\/uploads\/2025\/09\/CORTOT-23-NOV-2025-1.png?resize=350%2C200","width":350,"height":200,"srcset":"https:\/\/i0.wp.com\/www.fabriceeulry-laboutique.com\/blog\/wp-content\/uploads\/2025\/09\/CORTOT-23-NOV-2025-1.png?resize=350%2C200 1x, https:\/\/i0.wp.com\/www.fabriceeulry-laboutique.com\/blog\/wp-content\/uploads\/2025\/09\/CORTOT-23-NOV-2025-1.png?resize=525%2C300 1.5x, https:\/\/i0.wp.com\/www.fabriceeulry-laboutique.com\/blog\/wp-content\/uploads\/2025\/09\/CORTOT-23-NOV-2025-1.png?resize=700%2C400 2x"},"classes":[]},{"id":8059,"url":"http:\/\/www.fabriceeulry-laboutique.com\/blog\/?p=8059","url_meta":{"origin":8717,"position":4},"title":"ELIZABETH SOMBART A LA SALLE CORTOT","author":"Le Canard du pianiste","date":"28 janvier 2016","format":false,"excerpt":"Elizabeth Sombart est sp\u00e9cialement venue en France le 13 novembre 2015, pour donner ce concert deux jours plus tard le 15 novembre. Au moment o\u00f9 elle descendait \u00e0 la Gare de l'Est, les massacres venaient de commencer \u00e0 quelques centaines de m\u00e8tres de l\u00e0. Comme la plupart des salles parisiennes\u2026","rel":"","context":"Dans &quot;Non class\u00e9&quot;","block_context":{"text":"Non class\u00e9","link":"http:\/\/www.fabriceeulry-laboutique.com\/blog\/?cat=1"},"img":{"alt_text":"sombart","src":"https:\/\/i0.wp.com\/www.fabriceeulry-laboutique.com\/blog\/wp-content\/uploads\/2015\/10\/sombart-.jpg?resize=350%2C200","width":350,"height":200},"classes":[]},{"id":3861,"url":"http:\/\/www.fabriceeulry-laboutique.com\/blog\/?p=3861","url_meta":{"origin":8717,"position":5},"title":"ELIZABETH SOMBART A LA SALLE CORTOT","author":"Le Canard du pianiste","date":"18 novembre 2013","format":false,"excerpt":"Ici dans une polonaise, (Cliquez sur la photo) Elizabeth Sombart a donn\u00e9 dimanche dernier 17 novembre un merveilleux concert des nocturnes de Chopin, comment\u00e9 par Jean-Marc Eymon, devant une salle Cortot bond\u00e9e mais tr\u00e8s recueillie tant le l'assistance fut \u00e9mue par le jeu sans emphase ni virtuosit\u00e9 gratuite de la\u2026","rel":"","context":"Dans &quot;Non class\u00e9&quot;","block_context":{"text":"Non class\u00e9","link":"http:\/\/www.fabriceeulry-laboutique.com\/blog\/?cat=1"},"img":{"alt_text":"","src":"https:\/\/i0.wp.com\/www.fabriceeulry-laboutique.com\/blog\/wp-content\/uploads\/2013\/11\/Capture-d%E2%80%99%C3%A9cran-2013-11-11-%C3%A0-19.26.222-300x72.jpg?resize=350%2C200","width":350,"height":200},"classes":[]}],"_links":{"self":[{"href":"http:\/\/www.fabriceeulry-laboutique.com\/blog\/index.php?rest_route=\/wp\/v2\/posts\/8717","targetHints":{"allow":["GET"]}}],"collection":[{"href":"http:\/\/www.fabriceeulry-laboutique.com\/blog\/index.php?rest_route=\/wp\/v2\/posts"}],"about":[{"href":"http:\/\/www.fabriceeulry-laboutique.com\/blog\/index.php?rest_route=\/wp\/v2\/types\/post"}],"author":[{"embeddable":true,"href":"http:\/\/www.fabriceeulry-laboutique.com\/blog\/index.php?rest_route=\/wp\/v2\/users\/2"}],"replies":[{"embeddable":true,"href":"http:\/\/www.fabriceeulry-laboutique.com\/blog\/index.php?rest_route=%2Fwp%2Fv2%2Fcomments&post=8717"}],"version-history":[{"count":2,"href":"http:\/\/www.fabriceeulry-laboutique.com\/blog\/index.php?rest_route=\/wp\/v2\/posts\/8717\/revisions"}],"predecessor-version":[{"id":8818,"href":"http:\/\/www.fabriceeulry-laboutique.com\/blog\/index.php?rest_route=\/wp\/v2\/posts\/8717\/revisions\/8818"}],"wp:attachment":[{"href":"http:\/\/www.fabriceeulry-laboutique.com\/blog\/index.php?rest_route=%2Fwp%2Fv2%2Fmedia&parent=8717"}],"wp:term":[{"taxonomy":"category","embeddable":true,"href":"http:\/\/www.fabriceeulry-laboutique.com\/blog\/index.php?rest_route=%2Fwp%2Fv2%2Fcategories&post=8717"},{"taxonomy":"post_tag","embeddable":true,"href":"http:\/\/www.fabriceeulry-laboutique.com\/blog\/index.php?rest_route=%2Fwp%2Fv2%2Ftags&post=8717"}],"curies":[{"name":"wp","href":"https:\/\/api.w.org\/{rel}","templated":true}]}}