{"id":8737,"date":"2016-08-31T20:59:13","date_gmt":"2016-08-31T20:59:13","guid":{"rendered":"http:\/\/www.fabriceeulry-laboutique.com\/blog\/?p=8737"},"modified":"2018-12-12T02:13:49","modified_gmt":"2018-12-12T02:13:49","slug":"notes-en-transes-et-en-detail","status":"publish","type":"post","link":"http:\/\/www.fabriceeulry-laboutique.com\/blog\/?p=8737","title":{"rendered":"NOTES EN TRANSES (ET EN DETAIL)"},"content":{"rendered":"<h2 style=\"text-align: center;\"><span style=\"color: #000000;\">Tous les d\u00e9tails artistiques et pratiques du spectacle expliqu\u00e9s par le metteur en sc\u00e8ne Marc Sigaud sur FM 43 :<\/span><\/h2>\n<h2 style=\"text-align: center;\"><span style=\"color: #000000;\">(Cliquez sur l&rsquo;image pour \u00e9couter l&rsquo;entrevue)\u00a0<\/span><br \/>\n<a href=\"https:\/\/www.mixcloud.com\/FM43\/rencontre-avec-mr-sigaud-notes-en-transes\/\"><img data-recalc-dims=\"1\" loading=\"lazy\" decoding=\"async\" class=\"size-full wp-image-8726 aligncenter\" src=\"https:\/\/i0.wp.com\/www.fabriceeulry-laboutique.com\/blog\/wp-content\/uploads\/2016\/08\/tra.jpg?resize=382%2C355\" alt=\"tra\" width=\"382\" height=\"355\" srcset=\"https:\/\/i0.wp.com\/www.fabriceeulry-laboutique.com\/blog\/wp-content\/uploads\/2016\/08\/tra.jpg?w=382 382w, https:\/\/i0.wp.com\/www.fabriceeulry-laboutique.com\/blog\/wp-content\/uploads\/2016\/08\/tra.jpg?resize=300%2C279 300w\" sizes=\"auto, (max-width: 382px) 100vw, 382px\" \/><\/a><\/h2>\n","protected":false},"excerpt":{"rendered":"<p>Tous les d\u00e9tails artistiques et pratiques du spectacle expliqu\u00e9s par le metteur en sc\u00e8ne Marc Sigaud sur FM 43 : (Cliquez sur l&rsquo;image pour \u00e9couter l&rsquo;entrevue)\u00a0<\/p>\n","protected":false},"author":2,"featured_media":0,"comment_status":"open","ping_status":"open","sticky":false,"template":"","format":"standard","meta":{"jetpack_post_was_ever_published":false,"_jetpack_newsletter_access":"","_jetpack_dont_email_post_to_subs":true,"_jetpack_newsletter_tier_id":0,"_jetpack_memberships_contains_paywalled_content":false,"_jetpack_memberships_contains_paid_content":false,"footnotes":"","jetpack_publicize_message":"","jetpack_publicize_feature_enabled":true,"jetpack_social_post_already_shared":true,"jetpack_social_options":{"image_generator_settings":{"template":"highway","default_image_id":0,"font":"","enabled":false},"version":2}},"categories":[1],"tags":[19],"class_list":["post-8737","post","type-post","status-publish","format-standard","hentry","category-non-classe","tag-annonces-concerts"],"jetpack_publicize_connections":[],"jetpack_featured_media_url":"","jetpack_sharing_enabled":true,"jetpack_shortlink":"https:\/\/wp.me\/p2D6dI-2gV","jetpack_likes_enabled":true,"jetpack-related-posts":[{"id":6796,"url":"http:\/\/www.fabriceeulry-laboutique.com\/blog\/?p=6796","url_meta":{"origin":8737,"position":0},"title":"FABRICE EULRY ET JACKY MILLIET SUR LA RADIO SUISSE ROMANDE","author":"Le Canard du pianiste","date":"26 avril 2015","format":false,"excerpt":"Cliquez sur l'image du duo pour \u00e9couter l'\u00e9mission \u00a0CONNAITRE ET ECOUTER TOUTE LA DISCOGRAPHIE DE FABRICE EULRY ET JACKY MILLIET \u00a0\u00a0 \u00a0 \u00a0\u00a0\u00a0 \u00a0\u00a0\u00a0cliquez sur les pochettes de disque Sur le dernier disque les versions longues et compl\u00e8tes des deux morceaux jou\u00e9s sur la radio suisse : Si vous partez\u2026","rel":"","context":"Dans &quot;Non class\u00e9&quot;","block_context":{"text":"Non class\u00e9","link":"http:\/\/www.fabriceeulry-laboutique.com\/blog\/?cat=1"},"img":{"alt_text":"corbeil-1","src":"https:\/\/i0.wp.com\/www.on-mag.fr\/images\/stories\/2011\/07\/corbeil-1.jpg?resize=350%2C200","width":350,"height":200,"srcset":"https:\/\/i0.wp.com\/www.on-mag.fr\/images\/stories\/2011\/07\/corbeil-1.jpg?resize=350%2C200 1x, https:\/\/i0.wp.com\/www.on-mag.fr\/images\/stories\/2011\/07\/corbeil-1.jpg?resize=525%2C300 1.5x"},"classes":[]},{"id":8126,"url":"http:\/\/www.fabriceeulry-laboutique.com\/blog\/?p=8126","url_meta":{"origin":8737,"position":1},"title":"VIDEO SUR LA RESTAURATION D&rsquo;ANZY LE DUC","author":"Le Canard du pianiste","date":"11 f\u00e9vrier 2016","format":false,"excerpt":"Un retour sur une affaire qui a mal tourn\u00e9, ou comment la technostructure cherche avec le s\u00e9duction et l'argent d\u00e9truire les racines et la culture. Comment la r\u00e9sistance s'organise autour de leur connaissance. Dans cette vid\u00e9o St\u00e9phanie Bignon nous instruit sur ce cas d'\u00e9cole, en d\u00e9crivant pr\u00e9cis\u00e9ment les rouages et\u2026","rel":"","context":"Dans &quot;Non class\u00e9&quot;","block_context":{"text":"Non class\u00e9","link":"http:\/\/www.fabriceeulry-laboutique.com\/blog\/?cat=1"},"img":{"alt_text":"anzy","src":"https:\/\/i0.wp.com\/www.fabriceeulry-laboutique.com\/blog\/wp-content\/uploads\/2016\/01\/anzy-.jpg?resize=350%2C200","width":350,"height":200,"srcset":"https:\/\/i0.wp.com\/www.fabriceeulry-laboutique.com\/blog\/wp-content\/uploads\/2016\/01\/anzy-.jpg?resize=350%2C200 1x, https:\/\/i0.wp.com\/www.fabriceeulry-laboutique.com\/blog\/wp-content\/uploads\/2016\/01\/anzy-.jpg?resize=525%2C300 1.5x, https:\/\/i0.wp.com\/www.fabriceeulry-laboutique.com\/blog\/wp-content\/uploads\/2016\/01\/anzy-.jpg?resize=700%2C400 2x"},"classes":[]},{"id":5500,"url":"http:\/\/www.fabriceeulry-laboutique.com\/blog\/?p=5500","url_meta":{"origin":8737,"position":2},"title":"LES MELODIES PUBLICITAIRES ET LEUR IMPACT","author":"Le Canard du pianiste","date":"21 ao\u00fbt 2014","format":false,"excerpt":"Les m\u00e9lodies publicitaires & leur impact sur notre cerveau Les m\u00e9lodies publicitaires & leur impact sur notre cerveau Les\u00a0m\u00e9lodies publicitaires & leur impact sur notre cerveau Les\u00a0m\u00e9lodies publicitaires & leur impact sur notre cerveau Les\u00a0m\u00e9lodies publicitaires & leur impact sur notre cerveau Les\u00a0m\u00e9lodies publicitaires & leur impact sur notre cerveau\u2026","rel":"","context":"Dans &quot;Non class\u00e9&quot;","block_context":{"text":"Non class\u00e9","link":"http:\/\/www.fabriceeulry-laboutique.com\/blog\/?cat=1"},"img":{"alt_text":"","src":"https:\/\/i0.wp.com\/www.fabriceeulry-laboutique.com\/blog\/wp-content\/uploads\/2014\/08\/Pub-1.jpg?resize=350%2C200","width":350,"height":200,"srcset":"https:\/\/i0.wp.com\/www.fabriceeulry-laboutique.com\/blog\/wp-content\/uploads\/2014\/08\/Pub-1.jpg?resize=350%2C200 1x, https:\/\/i0.wp.com\/www.fabriceeulry-laboutique.com\/blog\/wp-content\/uploads\/2014\/08\/Pub-1.jpg?resize=525%2C300 1.5x, https:\/\/i0.wp.com\/www.fabriceeulry-laboutique.com\/blog\/wp-content\/uploads\/2014\/08\/Pub-1.jpg?resize=700%2C400 2x"},"classes":[]},{"id":12857,"url":"http:\/\/www.fabriceeulry-laboutique.com\/blog\/?p=12857","url_meta":{"origin":8737,"position":3},"title":"BOOGIE SUR DEUX PIANOS DE CONCERT","author":"Le Canard du pianiste","date":"5 f\u00e9vrier 2024","format":false,"excerpt":"Si le boogie-woogie permet d'improviser sur des bastringues, sur deux pianos en m\u00eame temps, ou \u00e0 deux pianistes sur un seul piano, il permet aussi plus simplement d'improviser sur deux bons pianos de concert... ? Si si ! Cela sonne tr\u00e8s bien aussi ! Ici des extraits de deux concerts\u2026","rel":"","context":"Dans &quot;Non class\u00e9&quot;","block_context":{"text":"Non class\u00e9","link":"http:\/\/www.fabriceeulry-laboutique.com\/blog\/?cat=1"},"img":{"alt_text":"","src":"https:\/\/i0.wp.com\/img.youtube.com\/vi\/Fu4CX8l-BxI\/0.jpg?resize=350%2C200","width":350,"height":200},"classes":[]},{"id":11823,"url":"http:\/\/www.fabriceeulry-laboutique.com\/blog\/?p=11823","url_meta":{"origin":8737,"position":4},"title":"CONF\u00c9RENCE SUR LE BLUES POUR 600 ENFANTS","author":"Le Canard du pianiste","date":"28 avril 2019","format":false,"excerpt":"La communaut\u00e9 de commune du Rignacois accueillait les \u00e9l\u00e8ves de plusieurs \u00e9coles dans la splendide salle de Rignac. La jeunesse de cette contr\u00e9e de l'Aveyron qui pr\u00e9sente quelques bijoux (comme le village et le ch\u00e2teau de Bel Castel)\u00a0va assister \u00e0 une conf\u00e9rence qui retrace la gen\u00e8se du blues mais explique\u2026","rel":"","context":"Dans &quot;Non class\u00e9&quot;","block_context":{"text":"Non class\u00e9","link":"http:\/\/www.fabriceeulry-laboutique.com\/blog\/?cat=1"},"img":{"alt_text":"","src":"https:\/\/i0.wp.com\/www.fabriceeulry-laboutique.com\/blog\/wp-content\/uploads\/2019\/04\/scorignac.jpg?resize=350%2C200","width":350,"height":200,"srcset":"https:\/\/i0.wp.com\/www.fabriceeulry-laboutique.com\/blog\/wp-content\/uploads\/2019\/04\/scorignac.jpg?resize=350%2C200 1x, https:\/\/i0.wp.com\/www.fabriceeulry-laboutique.com\/blog\/wp-content\/uploads\/2019\/04\/scorignac.jpg?resize=525%2C300 1.5x, https:\/\/i0.wp.com\/www.fabriceeulry-laboutique.com\/blog\/wp-content\/uploads\/2019\/04\/scorignac.jpg?resize=700%2C400 2x, https:\/\/i0.wp.com\/www.fabriceeulry-laboutique.com\/blog\/wp-content\/uploads\/2019\/04\/scorignac.jpg?resize=1050%2C600 3x, https:\/\/i0.wp.com\/www.fabriceeulry-laboutique.com\/blog\/wp-content\/uploads\/2019\/04\/scorignac.jpg?resize=1400%2C800 4x"},"classes":[]},{"id":6807,"url":"http:\/\/www.fabriceeulry-laboutique.com\/blog\/?p=6807","url_meta":{"origin":8737,"position":5},"title":"CONFERENCE-CONCERT SUR LE BLUES","author":"Le Canard du pianiste","date":"29 avril 2015","format":false,"excerpt":"Le mardi 28 avril 2015, la Fondation R\u00e9sonnance a pr\u00e9sent\u00e9 une conf\u00e9rence-concert-d\u00e9bat sur le blues donn\u00e9e par Jacky Milliet et Fabrice Eulry. Jacky Milliet \u00e9voque le bouillon de culture louisianais et quelques anecdotes sur les pionniers du blues de la Nouvelle Orl\u00e9ans.\u00a0 \u00a0 Le blues illustr\u00e9 en musique avec Tin\u2026","rel":"","context":"Dans &quot;Non class\u00e9&quot;","block_context":{"text":"Non class\u00e9","link":"http:\/\/www.fabriceeulry-laboutique.com\/blog\/?cat=1"},"img":{"alt_text":"","src":"https:\/\/i0.wp.com\/www.fabriceeulry-laboutique.com\/blog\/wp-content\/uploads\/2015\/04\/conf-5-.jpg?resize=350%2C200","width":350,"height":200},"classes":[]}],"_links":{"self":[{"href":"http:\/\/www.fabriceeulry-laboutique.com\/blog\/index.php?rest_route=\/wp\/v2\/posts\/8737","targetHints":{"allow":["GET"]}}],"collection":[{"href":"http:\/\/www.fabriceeulry-laboutique.com\/blog\/index.php?rest_route=\/wp\/v2\/posts"}],"about":[{"href":"http:\/\/www.fabriceeulry-laboutique.com\/blog\/index.php?rest_route=\/wp\/v2\/types\/post"}],"author":[{"embeddable":true,"href":"http:\/\/www.fabriceeulry-laboutique.com\/blog\/index.php?rest_route=\/wp\/v2\/users\/2"}],"replies":[{"embeddable":true,"href":"http:\/\/www.fabriceeulry-laboutique.com\/blog\/index.php?rest_route=%2Fwp%2Fv2%2Fcomments&post=8737"}],"version-history":[{"count":2,"href":"http:\/\/www.fabriceeulry-laboutique.com\/blog\/index.php?rest_route=\/wp\/v2\/posts\/8737\/revisions"}],"predecessor-version":[{"id":8739,"href":"http:\/\/www.fabriceeulry-laboutique.com\/blog\/index.php?rest_route=\/wp\/v2\/posts\/8737\/revisions\/8739"}],"wp:attachment":[{"href":"http:\/\/www.fabriceeulry-laboutique.com\/blog\/index.php?rest_route=%2Fwp%2Fv2%2Fmedia&parent=8737"}],"wp:term":[{"taxonomy":"category","embeddable":true,"href":"http:\/\/www.fabriceeulry-laboutique.com\/blog\/index.php?rest_route=%2Fwp%2Fv2%2Fcategories&post=8737"},{"taxonomy":"post_tag","embeddable":true,"href":"http:\/\/www.fabriceeulry-laboutique.com\/blog\/index.php?rest_route=%2Fwp%2Fv2%2Ftags&post=8737"}],"curies":[{"name":"wp","href":"https:\/\/api.w.org\/{rel}","templated":true}]}}