{"id":8772,"date":"2016-09-03T17:49:12","date_gmt":"2016-09-03T17:49:12","guid":{"rendered":"http:\/\/www.fabriceeulry-laboutique.com\/blog\/?p=8772"},"modified":"2018-12-12T02:12:58","modified_gmt":"2018-12-12T02:12:58","slug":"notes-en-transe-premiere","status":"publish","type":"post","link":"http:\/\/www.fabriceeulry-laboutique.com\/blog\/?p=8772","title":{"rendered":"NOTES EN TRANSE : PREMIERE !"},"content":{"rendered":"<p style=\"text-align: center;\"><span style=\"color: #000000;\"><strong>LA MARSEILLAISE<\/strong><\/span><br \/>\n<a href=\"https:\/\/i0.wp.com\/www.fabriceeulry-laboutique.com\/blog\/wp-content\/uploads\/2016\/09\/MARSEILLAISE-2.jpg\"><br \/>\n<img data-recalc-dims=\"1\" loading=\"lazy\" decoding=\"async\" class=\"alignright size-full wp-image-8785\" src=\"https:\/\/i0.wp.com\/www.fabriceeulry-laboutique.com\/blog\/wp-content\/uploads\/2016\/09\/MARSEILLAISE-2.jpg?resize=640%2C438\" alt=\"MARSEILLAISE 2\" width=\"640\" height=\"438\" srcset=\"https:\/\/i0.wp.com\/www.fabriceeulry-laboutique.com\/blog\/wp-content\/uploads\/2016\/09\/MARSEILLAISE-2.jpg?w=878 878w, https:\/\/i0.wp.com\/www.fabriceeulry-laboutique.com\/blog\/wp-content\/uploads\/2016\/09\/MARSEILLAISE-2.jpg?resize=300%2C205 300w, https:\/\/i0.wp.com\/www.fabriceeulry-laboutique.com\/blog\/wp-content\/uploads\/2016\/09\/MARSEILLAISE-2.jpg?resize=768%2C526 768w\" sizes=\"auto, (max-width: 640px) 100vw, 640px\" \/><\/a><\/p>\n<p style=\"text-align: center;\"><span style=\"color: #000000;\"><strong>\u00a0<\/strong><\/span><\/p>\n<p style=\"text-align: center;\"><strong><span style=\"color: #000000;\">PRELUDE II J.S. BACH ADAPTE EN BOOGIE-WOOGIE<\/span><\/strong><\/p>\n<p style=\"text-align: center;\"><a href=\"https:\/\/i0.wp.com\/www.fabriceeulry-laboutique.com\/blog\/wp-content\/uploads\/2016\/09\/vlcsnap-2016-09-03-15h30m09s958.png\"><img data-recalc-dims=\"1\" loading=\"lazy\" decoding=\"async\" class=\"alignright size-full wp-image-8774\" src=\"https:\/\/i0.wp.com\/www.fabriceeulry-laboutique.com\/blog\/wp-content\/uploads\/2016\/09\/vlcsnap-2016-09-03-15h30m09s958.png?resize=640%2C360\" alt=\"vlcsnap-2016-09-03-15h30m09s958\" width=\"640\" height=\"360\" srcset=\"https:\/\/i0.wp.com\/www.fabriceeulry-laboutique.com\/blog\/wp-content\/uploads\/2016\/09\/vlcsnap-2016-09-03-15h30m09s958.png?w=1920 1920w, https:\/\/i0.wp.com\/www.fabriceeulry-laboutique.com\/blog\/wp-content\/uploads\/2016\/09\/vlcsnap-2016-09-03-15h30m09s958.png?resize=300%2C169 300w, https:\/\/i0.wp.com\/www.fabriceeulry-laboutique.com\/blog\/wp-content\/uploads\/2016\/09\/vlcsnap-2016-09-03-15h30m09s958.png?resize=768%2C432 768w, https:\/\/i0.wp.com\/www.fabriceeulry-laboutique.com\/blog\/wp-content\/uploads\/2016\/09\/vlcsnap-2016-09-03-15h30m09s958.png?resize=1024%2C576 1024w, https:\/\/i0.wp.com\/www.fabriceeulry-laboutique.com\/blog\/wp-content\/uploads\/2016\/09\/vlcsnap-2016-09-03-15h30m09s958.png?w=1280 1280w\" sizes=\"auto, (max-width: 640px) 100vw, 640px\" \/><\/a><\/p>\n<p style=\"text-align: center;\"><a href=\"https:\/\/i0.wp.com\/www.fabriceeulry-laboutique.com\/blog\/wp-content\/uploads\/2016\/09\/vlcsnap-2016-09-03-15h33m01s775.png\"><img data-recalc-dims=\"1\" loading=\"lazy\" decoding=\"async\" class=\"alignright size-full wp-image-8773\" src=\"https:\/\/i0.wp.com\/www.fabriceeulry-laboutique.com\/blog\/wp-content\/uploads\/2016\/09\/vlcsnap-2016-09-03-15h33m01s775.png?resize=640%2C360\" alt=\"vlcsnap-2016-09-03-15h33m01s775\" width=\"640\" height=\"360\" srcset=\"https:\/\/i0.wp.com\/www.fabriceeulry-laboutique.com\/blog\/wp-content\/uploads\/2016\/09\/vlcsnap-2016-09-03-15h33m01s775.png?w=1920 1920w, https:\/\/i0.wp.com\/www.fabriceeulry-laboutique.com\/blog\/wp-content\/uploads\/2016\/09\/vlcsnap-2016-09-03-15h33m01s775.png?resize=300%2C169 300w, https:\/\/i0.wp.com\/www.fabriceeulry-laboutique.com\/blog\/wp-content\/uploads\/2016\/09\/vlcsnap-2016-09-03-15h33m01s775.png?resize=768%2C432 768w, https:\/\/i0.wp.com\/www.fabriceeulry-laboutique.com\/blog\/wp-content\/uploads\/2016\/09\/vlcsnap-2016-09-03-15h33m01s775.png?resize=1024%2C576 1024w, https:\/\/i0.wp.com\/www.fabriceeulry-laboutique.com\/blog\/wp-content\/uploads\/2016\/09\/vlcsnap-2016-09-03-15h33m01s775.png?w=1280 1280w\" sizes=\"auto, (max-width: 640px) 100vw, 640px\" \/><\/a><\/p>\n<p style=\"text-align: center;\">\u00a0<span style=\"color: #000000;\"><strong>SALUT ENTRE DEUX RAPPELS<\/strong><\/span><\/p>\n<h2 style=\"text-align: center;\"><span style=\"color: #000000;\">En partition :<\/span><\/h2>\n<h2 style=\"text-align: center;\"><span style=\"color: #000000;\"><strong><em>Cliquez sur l&rsquo;image<\/em>\u00a0<em>pour commander la partition de l&rsquo;adaptation par Fabrice Eulry de&#8230;<\/em><\/strong><\/span><\/h2>\n<h2 style=\"text-align: center;\"><span style=\"color: #000000;\"><strong><a href=\"http:\/\/www.fabriceeulry-laboutique.com\/fr\/partitions\/95-la-marseillaisepdf.html\"><img data-recalc-dims=\"1\" loading=\"lazy\" decoding=\"async\" class=\"size-full wp-image-8783 aligncenter\" src=\"https:\/\/i0.wp.com\/www.fabriceeulry-laboutique.com\/blog\/wp-content\/uploads\/2016\/09\/MARSEILLAISE-T.jpg?resize=489%2C308\" alt=\"MARSEILLAISE T\" width=\"489\" height=\"308\" \/><\/a>LA MARSEILLAISE<\/strong><\/span><\/h2>\n","protected":false},"excerpt":{"rendered":"<p>LA MARSEILLAISE \u00a0 PRELUDE II J.S. BACH ADAPTE EN BOOGIE-WOOGIE \u00a0SALUT ENTRE DEUX RAPPELS En partition : Cliquez sur l&rsquo;image\u00a0pour commander la partition de l&rsquo;adaptation par Fabrice Eulry de&#8230; LA MARSEILLAISE<\/p>\n","protected":false},"author":2,"featured_media":0,"comment_status":"open","ping_status":"open","sticky":false,"template":"","format":"standard","meta":{"jetpack_post_was_ever_published":false,"_jetpack_newsletter_access":"","_jetpack_dont_email_post_to_subs":true,"_jetpack_newsletter_tier_id":0,"_jetpack_memberships_contains_paywalled_content":false,"_jetpack_memberships_contains_paid_content":false,"footnotes":"","jetpack_publicize_message":"","jetpack_publicize_feature_enabled":true,"jetpack_social_post_already_shared":true,"jetpack_social_options":{"image_generator_settings":{"template":"highway","default_image_id":0,"font":"","enabled":false},"version":2}},"categories":[1],"tags":[32],"class_list":["post-8772","post","type-post","status-publish","format-standard","hentry","category-non-classe","tag-recits-de-concerts"],"jetpack_publicize_connections":[],"jetpack_featured_media_url":"","jetpack_sharing_enabled":true,"jetpack_shortlink":"https:\/\/wp.me\/p2D6dI-2hu","jetpack_likes_enabled":true,"jetpack-related-posts":[{"id":8753,"url":"http:\/\/www.fabriceeulry-laboutique.com\/blog\/?p=8753","url_meta":{"origin":8772,"position":0},"title":"NOTES EN TRANSE : PREPARATION","author":"Le Canard du pianiste","date":"3 septembre 2016","format":false,"excerpt":"jeudi 1er septembre \u00a022h00 : R\u00e9p\u00e9tition au piano pour rester en doigts malgr\u00e9 l'humidit\u00e9 qui tombe pendant que la sc\u00e8ne est install\u00e9e. 23h00 1h00 : Filage complet du spectacle avec la bande -son du dvd de Bobino ou de Boogie-wooguillaume et la mise en sc\u00e8ne images : le pianiste doit\u2026","rel":"","context":"Dans &quot;Non class\u00e9&quot;","block_context":{"text":"Non class\u00e9","link":"http:\/\/www.fabriceeulry-laboutique.com\/blog\/?cat=1"},"img":{"alt_text":"","src":"https:\/\/i0.wp.com\/www.fabriceeulry-laboutique.com\/blog\/wp-content\/uploads\/2016\/09\/not-7.jpg?resize=350%2C200","width":350,"height":200,"srcset":"https:\/\/i0.wp.com\/www.fabriceeulry-laboutique.com\/blog\/wp-content\/uploads\/2016\/09\/not-7.jpg?resize=350%2C200 1x, https:\/\/i0.wp.com\/www.fabriceeulry-laboutique.com\/blog\/wp-content\/uploads\/2016\/09\/not-7.jpg?resize=525%2C300 1.5x, https:\/\/i0.wp.com\/www.fabriceeulry-laboutique.com\/blog\/wp-content\/uploads\/2016\/09\/not-7.jpg?resize=700%2C400 2x"},"classes":[]},{"id":5027,"url":"http:\/\/www.fabriceeulry-laboutique.com\/blog\/?p=5027","url_meta":{"origin":8772,"position":1},"title":"EN PIANO SOLO A AGEN LE 3 JUIN DERNIER","author":"Le Canard du pianiste","date":"16 juin 2014","format":false,"excerpt":"\u00a0 A l'ENAP \u00e0 20h.30 le mardi 3 juin une salle comble (environ 350 personnes) et chaleureuse est venue applaudir mon spectacle. Les Agennais qui constituaient une moiti\u00e9 de la salle sont des bons vivants qui rient et appr\u00e9cient spontan\u00e9ment le burlesque. L'autre moiti\u00e9 de la salle \u00e9tait constitu\u00e9e des\u2026","rel":"","context":"Dans &quot;Non class\u00e9&quot;","block_context":{"text":"Non class\u00e9","link":"http:\/\/www.fabriceeulry-laboutique.com\/blog\/?cat=1"},"img":{"alt_text":"","src":"https:\/\/i0.wp.com\/www.fabriceeulry-laboutique.com\/blog\/wp-content\/uploads\/2014\/05\/ENAP.png?resize=350%2C200","width":350,"height":200},"classes":[]},{"id":7090,"url":"http:\/\/www.fabriceeulry-laboutique.com\/blog\/?p=7090","url_meta":{"origin":8772,"position":2},"title":"L&rsquo;OREILLE SE TRAVAILLE : REPONSES DE L&rsquo;EXERCICE N\u00b02","author":"Le Canard du pianiste","date":"12 juin 2015","format":false,"excerpt":"R\u00e9ponses de l'Exercice n\u00b02 Il s'agissait d'entendre si les deux premi\u00e8res notes de ces morceaux formaient un intervalle de quinte (montante) ou non : 1\u00b0 QUAND REVIENT LA NUIT (\"La-nuit...\") OUI 2\u00b0 SUR LE PONT D'AVIGNON (\"Sur-le...\") NON 3\u00b0 LA MER (\"La-Mer...\") NON 4\u00b0 UN ETE 42 OUI 5\u00b0 CADET\u2026","rel":"","context":"Dans &quot;Non class\u00e9&quot;","block_context":{"text":"Non class\u00e9","link":"http:\/\/www.fabriceeulry-laboutique.com\/blog\/?cat=1"},"img":{"alt_text":"eulry11.jpg","src":"https:\/\/i0.wp.com\/fabriceeulryunblogfr.unblog.fr\/files\/2010\/08\/eulry11.vignette.jpg?resize=350%2C200","width":350,"height":200},"classes":[]},{"id":11216,"url":"http:\/\/www.fabriceeulry-laboutique.com\/blog\/?p=11216","url_meta":{"origin":8772,"position":3},"title":"IMPRO SUR LES GILETS JAUNES (\u00c0 LA DEMANDE DES BRUXELLOIS)","author":"Le Canard du pianiste","date":"9 d\u00e9cembre 2018","format":false,"excerpt":"Deux mois apr\u00e8s la salle comble de Bozar o\u00f9 Fabrice Eulry avait donn\u00e9 la premi\u00e8re de son Concerto n\u00b03 \"supersonique\",\u00a0 c'est pour un r\u00e9cital que le Whalll recevait le \"Chopin du boogie\". Le programme annon\u00e7ait de Bach \u00e0 Hendrix... L'\u00e9clectisme fut donc \u00e0 l'honneur, et le r\u00e9pertoire de circonstance \u00e9galement\u2026","rel":"","context":"Dans &quot;Non class\u00e9&quot;","block_context":{"text":"Non class\u00e9","link":"http:\/\/www.fabriceeulry-laboutique.com\/blog\/?cat=1"},"img":{"alt_text":"","src":"https:\/\/i0.wp.com\/www.fabriceeulry-laboutique.com\/blog\/wp-content\/uploads\/2018\/12\/whalll3.png?resize=350%2C200","width":350,"height":200,"srcset":"https:\/\/i0.wp.com\/www.fabriceeulry-laboutique.com\/blog\/wp-content\/uploads\/2018\/12\/whalll3.png?resize=350%2C200 1x, https:\/\/i0.wp.com\/www.fabriceeulry-laboutique.com\/blog\/wp-content\/uploads\/2018\/12\/whalll3.png?resize=525%2C300 1.5x"},"classes":[]},{"id":7636,"url":"http:\/\/www.fabriceeulry-laboutique.com\/blog\/?p=7636","url_meta":{"origin":8772,"position":4},"title":"RAPPEL POUR LES PIANISTES (MOTIVES !)","author":"Le Canard du pianiste","date":"1 octobre 2015","format":false,"excerpt":"Les partitions suivantes en\u00a0pdf : \u00a0LE PRELUDE II DE J.S.BACH EN BOOGIE-WOOGIE\u00a0 \u00a0 Cette partition est l'adaptation de Fabrice Eulry que vous l'entendez jouer souvent en concert et que beaucoup ont r\u00e9clam\u00e9e LA MARSEILLAISE Version de Fabrice Eulry du dvd\u00a0A BOBINO\u00a0et du disque\u00a0EL BOOGIE-WOOGIE LO MAS RAPIDO PRELUDE EN FA\u2026","rel":"","context":"Dans &quot;Non class\u00e9&quot;","block_context":{"text":"Non class\u00e9","link":"http:\/\/www.fabriceeulry-laboutique.com\/blog\/?cat=1"},"img":{"alt_text":"","src":"https:\/\/i0.wp.com\/fabriceeulryunblogfr.unblog.fr\/files\/2012\/06\/bach_shades-225x300.jpg?resize=350%2C200","width":350,"height":200},"classes":[]},{"id":64,"url":"http:\/\/www.fabriceeulry-laboutique.com\/blog\/?p=64","url_meta":{"origin":8772,"position":5},"title":"Le pr\u00e9lude II de J.S.BACH EN BOOGIE","author":"Le Canard du pianiste","date":"26 juin 2012","format":false,"excerpt":"Commandez-le sur la boutique par la poste ou en pdf !\u00a0Cette partition est l'adaptation de Fabrice Eulry que vous l'entendez jouer souvent en concert et que beaucoup ont r\u00e9clam\u00e9e.\u00a0","rel":"","context":"Dans &quot;Non class\u00e9&quot;","block_context":{"text":"Non class\u00e9","link":"http:\/\/www.fabriceeulry-laboutique.com\/blog\/?cat=1"},"img":{"alt_text":"","src":"https:\/\/i0.wp.com\/fabriceeulryunblogfr.unblog.fr\/files\/2012\/06\/bach_shades-225x300.jpg?resize=350%2C200","width":350,"height":200},"classes":[]}],"_links":{"self":[{"href":"http:\/\/www.fabriceeulry-laboutique.com\/blog\/index.php?rest_route=\/wp\/v2\/posts\/8772","targetHints":{"allow":["GET"]}}],"collection":[{"href":"http:\/\/www.fabriceeulry-laboutique.com\/blog\/index.php?rest_route=\/wp\/v2\/posts"}],"about":[{"href":"http:\/\/www.fabriceeulry-laboutique.com\/blog\/index.php?rest_route=\/wp\/v2\/types\/post"}],"author":[{"embeddable":true,"href":"http:\/\/www.fabriceeulry-laboutique.com\/blog\/index.php?rest_route=\/wp\/v2\/users\/2"}],"replies":[{"embeddable":true,"href":"http:\/\/www.fabriceeulry-laboutique.com\/blog\/index.php?rest_route=%2Fwp%2Fv2%2Fcomments&post=8772"}],"version-history":[{"count":3,"href":"http:\/\/www.fabriceeulry-laboutique.com\/blog\/index.php?rest_route=\/wp\/v2\/posts\/8772\/revisions"}],"predecessor-version":[{"id":8789,"href":"http:\/\/www.fabriceeulry-laboutique.com\/blog\/index.php?rest_route=\/wp\/v2\/posts\/8772\/revisions\/8789"}],"wp:attachment":[{"href":"http:\/\/www.fabriceeulry-laboutique.com\/blog\/index.php?rest_route=%2Fwp%2Fv2%2Fmedia&parent=8772"}],"wp:term":[{"taxonomy":"category","embeddable":true,"href":"http:\/\/www.fabriceeulry-laboutique.com\/blog\/index.php?rest_route=%2Fwp%2Fv2%2Fcategories&post=8772"},{"taxonomy":"post_tag","embeddable":true,"href":"http:\/\/www.fabriceeulry-laboutique.com\/blog\/index.php?rest_route=%2Fwp%2Fv2%2Ftags&post=8772"}],"curies":[{"name":"wp","href":"https:\/\/api.w.org\/{rel}","templated":true}]}}