{"id":8829,"date":"2016-09-24T02:21:00","date_gmt":"2016-09-24T02:21:00","guid":{"rendered":"http:\/\/www.fabriceeulry-laboutique.com\/blog\/?p=8829"},"modified":"2018-12-12T02:09:42","modified_gmt":"2018-12-12T02:09:42","slug":"cisco-herzhaft-invite-fabrice-eulry-pour-son-nouveau-disque","status":"publish","type":"post","link":"http:\/\/www.fabriceeulry-laboutique.com\/blog\/?p=8829","title":{"rendered":"CISCO HERZHAFT INVITE FABRICE EULRY POUR SON NOUVEAU DISQUE"},"content":{"rendered":"<h3 style=\"text-align: center;\"><span style=\"color: #000000;\">Le guitariste et chanteur hante la sc\u00e8ne du blues depuis les ann\u00e9es soixante et, seul europ\u00e9en \u00e0 avoir enregistr\u00e9 avec John Lee Hooker, le voil\u00e0 dans un nouveau projet musical avec des compositions personnelles qui servent cet imitable son du delta. D\u00e9j\u00e0 deux titres en duo avec Fabrice Eulry enregistr\u00e9s \u00a0le 23 septembre, en attendant les autres en quintet avec notamment,<\/span><\/h3>\n<h3 style=\"text-align: center;\"><a href=\"https:\/\/www.youtube.com\/watch?v=cof_jmY9Z4Y\"><img data-recalc-dims=\"1\" loading=\"lazy\" decoding=\"async\" class=\"size-full wp-image-8831 aligncenter\" src=\"https:\/\/i0.wp.com\/www.fabriceeulry-laboutique.com\/blog\/wp-content\/uploads\/2016\/09\/Darte.jpg?resize=519%2C289\" alt=\"darte\" width=\"519\" height=\"289\" srcset=\"https:\/\/i0.wp.com\/www.fabriceeulry-laboutique.com\/blog\/wp-content\/uploads\/2016\/09\/Darte.jpg?w=519 519w, https:\/\/i0.wp.com\/www.fabriceeulry-laboutique.com\/blog\/wp-content\/uploads\/2016\/09\/Darte.jpg?resize=300%2C167 300w\" sizes=\"auto, (max-width: 519px) 100vw, 519px\" \/><\/a><\/h3>\n<h3 style=\"text-align: center;\"><span style=\"color: #000000;\"> l&rsquo;harmoniciste<\/span><\/h3>\n<h3 style=\"text-align: center;\"><span style=\"color: #000000;\">Genevi\u00e8ve Dartevelle<em> (cliquez sur sa photo pour l&rsquo;\u00e9couter)<\/em><br \/>\n<\/span><\/h3>\n<h3 style=\"text-align: center;\"><span style=\"color: #000000;\"><em><strong>Cliquer sur l&rsquo;image de Cisco Herzhaft pour acc\u00e9der \u00e0 sa page Fb<\/strong><\/em><\/span><br \/>\n<a href=\"https:\/\/www.facebook.com\/cisco-herzhaft-187600191944\/\"><img data-recalc-dims=\"1\" loading=\"lazy\" decoding=\"async\" class=\"alignright size-full wp-image-8830\" src=\"https:\/\/i0.wp.com\/www.fabriceeulry-laboutique.com\/blog\/wp-content\/uploads\/2016\/09\/cisco.jpg?resize=640%2C431\" alt=\"cisco\" width=\"640\" height=\"431\" srcset=\"https:\/\/i0.wp.com\/www.fabriceeulry-laboutique.com\/blog\/wp-content\/uploads\/2016\/09\/cisco.jpg?w=820 820w, https:\/\/i0.wp.com\/www.fabriceeulry-laboutique.com\/blog\/wp-content\/uploads\/2016\/09\/cisco.jpg?resize=300%2C202 300w, https:\/\/i0.wp.com\/www.fabriceeulry-laboutique.com\/blog\/wp-content\/uploads\/2016\/09\/cisco.jpg?resize=768%2C517 768w\" sizes=\"auto, (max-width: 640px) 100vw, 640px\" \/><\/a><\/h3>\n","protected":false},"excerpt":{"rendered":"<p>Le guitariste et chanteur hante la sc\u00e8ne du blues depuis les ann\u00e9es soixante et, seul europ\u00e9en \u00e0 avoir enregistr\u00e9 avec John Lee Hooker, le voil\u00e0 dans un nouveau projet musical avec des compositions personnelles qui servent cet imitable son du &hellip; <a href=\"http:\/\/www.fabriceeulry-laboutique.com\/blog\/?p=8829\">Continuer la lecture <span class=\"meta-nav\">&rarr;<\/span><\/a><\/p>\n","protected":false},"author":2,"featured_media":0,"comment_status":"open","ping_status":"open","sticky":false,"template":"","format":"standard","meta":{"jetpack_post_was_ever_published":false,"_jetpack_newsletter_access":"","_jetpack_dont_email_post_to_subs":true,"_jetpack_newsletter_tier_id":0,"_jetpack_memberships_contains_paywalled_content":false,"_jetpack_memberships_contains_paid_content":false,"footnotes":"","jetpack_publicize_message":"","jetpack_publicize_feature_enabled":true,"jetpack_social_post_already_shared":true,"jetpack_social_options":{"image_generator_settings":{"template":"highway","default_image_id":0,"font":"","enabled":false},"version":2}},"categories":[1],"tags":[8],"class_list":["post-8829","post","type-post","status-publish","format-standard","hentry","category-non-classe","tag-blues"],"jetpack_publicize_connections":[],"jetpack_featured_media_url":"","jetpack_sharing_enabled":true,"jetpack_shortlink":"https:\/\/wp.me\/p2D6dI-2ip","jetpack_likes_enabled":true,"jetpack-related-posts":[{"id":8844,"url":"http:\/\/www.fabriceeulry-laboutique.com\/blog\/?p=8844","url_meta":{"origin":8829,"position":0},"title":"LE BLUES DE CISCO HERZHAFT ET FABRICE EULRY","author":"Le Canard du pianiste","date":"29 septembre 2016","format":false,"excerpt":"D\u00e9j\u00e0 deux titres en duo avec enregistr\u00e9s le 23 septembre, en attendant les autres en quintet avec notamment, l'harmoniciste Genevi\u00e8ve Dartevelle (cliquez sur sa photo pour l'\u00e9couter) Ces autres titres seront enregistr\u00e9s fin novembre, merci de votre patience ! Cliquer sur l'image de Cisco Herzhaft pour acc\u00e9der \u00e0 sa page\u2026","rel":"","context":"Dans &quot;Non class\u00e9&quot;","block_context":{"text":"Non class\u00e9","link":"http:\/\/www.fabriceeulry-laboutique.com\/blog\/?cat=1"},"img":{"alt_text":"cisco-10","src":"https:\/\/i0.wp.com\/www.fabriceeulry-laboutique.com\/blog\/wp-content\/uploads\/2016\/09\/Cisco-10.jpg?resize=350%2C200","width":350,"height":200},"classes":[]},{"id":12351,"url":"http:\/\/www.fabriceeulry-laboutique.com\/blog\/?p=12351","url_meta":{"origin":8829,"position":1},"title":"BLUES EN AVEYRON 2020 RESCAP\u00c9 !","author":"Le Canard du pianiste","date":"30 ao\u00fbt 2020","format":false,"excerpt":"Hommage \u00e0 Simone ANGLADE \u00c9glise d'Espalion le 15 jeudi octobre 20h30\u00a0r\u00e9cital Ca Blues de source avec\u00a0Cisco HERZHAFT (guitare-chant) Genevi\u00e8ve Dartevelle (harmonica) et Fabrice EULRY (piano) au centre europ\u00e9en de Conques le vendredi 16 octobre 20h30. Fabrice EULRY r\u00e9cital \u00e0 l'\u00c9glise de Sauveterre de Rouergue le samedi 17 octobre 20h30. \u00a0Spectacle\u2026","rel":"","context":"Dans &quot;Non class\u00e9&quot;","block_context":{"text":"Non class\u00e9","link":"http:\/\/www.fabriceeulry-laboutique.com\/blog\/?cat=1"},"img":{"alt_text":"","src":"","width":0,"height":0},"classes":[]},{"id":12223,"url":"http:\/\/www.fabriceeulry-laboutique.com\/blog\/?p=12223","url_meta":{"origin":8829,"position":2},"title":"BLUES \u00c0 SAVINES LE LAC","author":"Le Canard du pianiste","date":"1 d\u00e9cembre 2019","format":false,"excerpt":"Savines le lac est un site magnifique mais il faut faire la route pour le d\u00e9couvrir ! Tout d'abord, en allant jusqu'\u00e0 Gap, puis en continuant \u00e0 travers les monts magnifiques des Alpes du sud. Le d\u00e9placement vaut aussi le coup pour la chaleur du public, comme souvent dans les\u2026","rel":"","context":"Dans &quot;Non class\u00e9&quot;","block_context":{"text":"Non class\u00e9","link":"http:\/\/www.fabriceeulry-laboutique.com\/blog\/?cat=1"},"img":{"alt_text":"","src":"https:\/\/i0.wp.com\/www.fabriceeulry-laboutique.com\/blog\/wp-content\/uploads\/2019\/12\/savines.png?resize=350%2C200","width":350,"height":200},"classes":[]},{"id":11498,"url":"http:\/\/www.fabriceeulry-laboutique.com\/blog\/?p=11498","url_meta":{"origin":8829,"position":3},"title":"LE FESTIVAL BLUES EN AVEYRON 2019 !","author":"Le Canard du pianiste","date":"14 janvier 2019","format":false,"excerpt":"Chers amis du blues,L'association Blues en Aveyron a d\u00e9j\u00e0 \u00e0 son actif deux \u00e9ditions du festival BLUES EN AVEYRON. Les Pr\u00e9ambules du Festival 2019 12 mars 2019 14h30 Concert pour le public scolaire Fabrice EULRY conte le Blues Entr\u00e9e Libre (Eglise St Pie X de Bozouls) * 19 avril 2019\u2026","rel":"","context":"Dans &quot;Non class\u00e9&quot;","block_context":{"text":"Non class\u00e9","link":"http:\/\/www.fabriceeulry-laboutique.com\/blog\/?cat=1"},"img":{"alt_text":"","src":"https:\/\/i0.wp.com\/www.fabriceeulry-laboutique.com\/blog\/wp-content\/uploads\/2019\/03\/milliet-eulry.png?resize=350%2C200","width":350,"height":200,"srcset":"https:\/\/i0.wp.com\/www.fabriceeulry-laboutique.com\/blog\/wp-content\/uploads\/2019\/03\/milliet-eulry.png?resize=350%2C200 1x, https:\/\/i0.wp.com\/www.fabriceeulry-laboutique.com\/blog\/wp-content\/uploads\/2019\/03\/milliet-eulry.png?resize=525%2C300 1.5x, https:\/\/i0.wp.com\/www.fabriceeulry-laboutique.com\/blog\/wp-content\/uploads\/2019\/03\/milliet-eulry.png?resize=700%2C400 2x"},"classes":[]},{"id":11823,"url":"http:\/\/www.fabriceeulry-laboutique.com\/blog\/?p=11823","url_meta":{"origin":8829,"position":4},"title":"CONF\u00c9RENCE SUR LE BLUES POUR 600 ENFANTS","author":"Le Canard du pianiste","date":"28 avril 2019","format":false,"excerpt":"La communaut\u00e9 de commune du Rignacois accueillait les \u00e9l\u00e8ves de plusieurs \u00e9coles dans la splendide salle de Rignac. La jeunesse de cette contr\u00e9e de l'Aveyron qui pr\u00e9sente quelques bijoux (comme le village et le ch\u00e2teau de Bel Castel)\u00a0va assister \u00e0 une conf\u00e9rence qui retrace la gen\u00e8se du blues mais explique\u2026","rel":"","context":"Dans &quot;Non class\u00e9&quot;","block_context":{"text":"Non class\u00e9","link":"http:\/\/www.fabriceeulry-laboutique.com\/blog\/?cat=1"},"img":{"alt_text":"","src":"https:\/\/i0.wp.com\/www.fabriceeulry-laboutique.com\/blog\/wp-content\/uploads\/2019\/04\/scorignac.jpg?resize=350%2C200","width":350,"height":200,"srcset":"https:\/\/i0.wp.com\/www.fabriceeulry-laboutique.com\/blog\/wp-content\/uploads\/2019\/04\/scorignac.jpg?resize=350%2C200 1x, https:\/\/i0.wp.com\/www.fabriceeulry-laboutique.com\/blog\/wp-content\/uploads\/2019\/04\/scorignac.jpg?resize=525%2C300 1.5x, https:\/\/i0.wp.com\/www.fabriceeulry-laboutique.com\/blog\/wp-content\/uploads\/2019\/04\/scorignac.jpg?resize=700%2C400 2x, https:\/\/i0.wp.com\/www.fabriceeulry-laboutique.com\/blog\/wp-content\/uploads\/2019\/04\/scorignac.jpg?resize=1050%2C600 3x, https:\/\/i0.wp.com\/www.fabriceeulry-laboutique.com\/blog\/wp-content\/uploads\/2019\/04\/scorignac.jpg?resize=1400%2C800 4x"},"classes":[]},{"id":11628,"url":"http:\/\/www.fabriceeulry-laboutique.com\/blog\/?p=11628","url_meta":{"origin":8829,"position":5},"title":"BLUES EN AVEYRON 2019 : BILLETTERIE EN LIGNE","author":"Le Canard du pianiste","date":"2 mars 2019","format":false,"excerpt":"le Festival BLUES EN AVEYRON 2019 se d\u00e9roule sur 13 jours du 7 au 19 mai. L'association Blues en Aveyron vous propose entre autres un PASSE de 39 \u20ac qui acc\u00e8s donne \u00e0\u00a0TOUS\u00a0les concerts du festival ! R\u00e9servez en ligne en cliquant sur ce lien https:\/\/www.weezevent.com\/blues-en-aveyron-2019P Les Pr\u00e9ambules du Festival\u2026","rel":"","context":"Dans &quot;Non class\u00e9&quot;","block_context":{"text":"Non class\u00e9","link":"http:\/\/www.fabriceeulry-laboutique.com\/blog\/?cat=1"},"img":{"alt_text":"","src":"https:\/\/i0.wp.com\/www.fabriceeulry-laboutique.com\/blog\/wp-content\/uploads\/2019\/03\/Agenda-BenA-2019-1.png?resize=350%2C200","width":350,"height":200},"classes":[]}],"_links":{"self":[{"href":"http:\/\/www.fabriceeulry-laboutique.com\/blog\/index.php?rest_route=\/wp\/v2\/posts\/8829","targetHints":{"allow":["GET"]}}],"collection":[{"href":"http:\/\/www.fabriceeulry-laboutique.com\/blog\/index.php?rest_route=\/wp\/v2\/posts"}],"about":[{"href":"http:\/\/www.fabriceeulry-laboutique.com\/blog\/index.php?rest_route=\/wp\/v2\/types\/post"}],"author":[{"embeddable":true,"href":"http:\/\/www.fabriceeulry-laboutique.com\/blog\/index.php?rest_route=\/wp\/v2\/users\/2"}],"replies":[{"embeddable":true,"href":"http:\/\/www.fabriceeulry-laboutique.com\/blog\/index.php?rest_route=%2Fwp%2Fv2%2Fcomments&post=8829"}],"version-history":[{"count":1,"href":"http:\/\/www.fabriceeulry-laboutique.com\/blog\/index.php?rest_route=\/wp\/v2\/posts\/8829\/revisions"}],"predecessor-version":[{"id":8832,"href":"http:\/\/www.fabriceeulry-laboutique.com\/blog\/index.php?rest_route=\/wp\/v2\/posts\/8829\/revisions\/8832"}],"wp:attachment":[{"href":"http:\/\/www.fabriceeulry-laboutique.com\/blog\/index.php?rest_route=%2Fwp%2Fv2%2Fmedia&parent=8829"}],"wp:term":[{"taxonomy":"category","embeddable":true,"href":"http:\/\/www.fabriceeulry-laboutique.com\/blog\/index.php?rest_route=%2Fwp%2Fv2%2Fcategories&post=8829"},{"taxonomy":"post_tag","embeddable":true,"href":"http:\/\/www.fabriceeulry-laboutique.com\/blog\/index.php?rest_route=%2Fwp%2Fv2%2Ftags&post=8829"}],"curies":[{"name":"wp","href":"https:\/\/api.w.org\/{rel}","templated":true}]}}