{"id":8844,"date":"2016-09-29T19:27:41","date_gmt":"2016-09-29T19:27:41","guid":{"rendered":"http:\/\/www.fabriceeulry-laboutique.com\/blog\/?p=8844"},"modified":"2024-12-06T09:53:08","modified_gmt":"2024-12-06T09:53:08","slug":"le-blues-cisco-de-herzaft-et-fabrice-eulry","status":"publish","type":"post","link":"http:\/\/www.fabriceeulry-laboutique.com\/blog\/?p=8844","title":{"rendered":"LE BLUES DE CISCO HERZHAFT ET FABRICE EULRY"},"content":{"rendered":"<h3 style=\"text-align: center;\"><span style=\"color: #000000;\"> <a href=\"https:\/\/i0.wp.com\/www.fabriceeulry-laboutique.com\/blog\/wp-content\/uploads\/2016\/09\/Cisco-10.jpg\"><img data-recalc-dims=\"1\" loading=\"lazy\" decoding=\"async\" class=\"alignright size-full wp-image-8845\" src=\"https:\/\/i0.wp.com\/www.fabriceeulry-laboutique.com\/blog\/wp-content\/uploads\/2016\/09\/Cisco-10.jpg?resize=230%2C97\" alt=\"cisco-10\" width=\"230\" height=\"97\" \/><\/a>D\u00e9j\u00e0 deux titres en duo avec enregistr\u00e9s le 23 septembre, en attendant les autres en quintet avec notamment,<\/span><\/h3>\n<h3 style=\"text-align: center;\"><img data-recalc-dims=\"1\" loading=\"lazy\" decoding=\"async\" class=\"size-full wp-image-8831 aligncenter\" src=\"https:\/\/i0.wp.com\/www.fabriceeulry-laboutique.com\/blog\/wp-content\/uploads\/2016\/09\/Darte.jpg?resize=519%2C289\" alt=\"darte\" width=\"519\" height=\"289\" srcset=\"https:\/\/i0.wp.com\/www.fabriceeulry-laboutique.com\/blog\/wp-content\/uploads\/2016\/09\/Darte.jpg?w=519 519w, https:\/\/i0.wp.com\/www.fabriceeulry-laboutique.com\/blog\/wp-content\/uploads\/2016\/09\/Darte.jpg?resize=300%2C167 300w\" sizes=\"auto, (max-width: 519px) 100vw, 519px\" \/><\/h3>\n<h3 style=\"text-align: center;\"><span style=\"color: #000000;\">l&rsquo;harmoniciste<\/span><\/h3>\n<h3 style=\"text-align: center;\"><span style=\"color: #000000;\">Genevi\u00e8ve Dartevelle<em> (cliquez sur sa photo pour l&rsquo;\u00e9couter)<\/em><br \/>\n<\/span><\/h3>\n<h3 style=\"text-align: center;\"><span style=\"color: #000000;\"><strong>Ces autres titres seront enregistr\u00e9s fin novembre, merci de votre patience !<\/strong><\/span><\/h3>\n<h3 style=\"text-align: center;\"><span style=\"color: #000000;\"><em><strong>Cliquer sur l&rsquo;image de Cisco Herzhaft pour acc\u00e9der \u00e0 sa page Fb<\/strong><\/em><\/span><br \/>\n<a href=\"https:\/\/www.facebook.com\/cisco-herzhaft-187600191944\/\"><img data-recalc-dims=\"1\" loading=\"lazy\" decoding=\"async\" class=\"alignright size-full wp-image-8830\" src=\"https:\/\/i0.wp.com\/www.fabriceeulry-laboutique.com\/blog\/wp-content\/uploads\/2016\/09\/cisco.jpg?resize=640%2C431\" alt=\"cisco\" width=\"640\" height=\"431\" srcset=\"https:\/\/i0.wp.com\/www.fabriceeulry-laboutique.com\/blog\/wp-content\/uploads\/2016\/09\/cisco.jpg?w=820 820w, https:\/\/i0.wp.com\/www.fabriceeulry-laboutique.com\/blog\/wp-content\/uploads\/2016\/09\/cisco.jpg?resize=300%2C202 300w, https:\/\/i0.wp.com\/www.fabriceeulry-laboutique.com\/blog\/wp-content\/uploads\/2016\/09\/cisco.jpg?resize=768%2C517 768w\" sizes=\"auto, (max-width: 640px) 100vw, 640px\" \/><\/a><\/h3>\n","protected":false},"excerpt":{"rendered":"<p>D\u00e9j\u00e0 deux titres en duo avec enregistr\u00e9s le 23 septembre, en attendant les autres en quintet avec notamment, l&rsquo;harmoniciste Genevi\u00e8ve Dartevelle (cliquez sur sa photo pour l&rsquo;\u00e9couter) Ces autres titres seront enregistr\u00e9s fin novembre, merci de votre patience ! Cliquer &hellip; <a href=\"http:\/\/www.fabriceeulry-laboutique.com\/blog\/?p=8844\">Continuer la lecture <span class=\"meta-nav\">&rarr;<\/span><\/a><\/p>\n","protected":false},"author":2,"featured_media":0,"comment_status":"open","ping_status":"open","sticky":false,"template":"","format":"standard","meta":{"jetpack_post_was_ever_published":false,"_jetpack_newsletter_access":"","_jetpack_dont_email_post_to_subs":true,"_jetpack_newsletter_tier_id":0,"_jetpack_memberships_contains_paywalled_content":false,"_jetpack_memberships_contains_paid_content":false,"footnotes":"","jetpack_publicize_message":"","jetpack_publicize_feature_enabled":true,"jetpack_social_post_already_shared":true,"jetpack_social_options":{"image_generator_settings":{"template":"highway","default_image_id":0,"font":"","enabled":false},"version":2}},"categories":[1],"tags":[8],"class_list":["post-8844","post","type-post","status-publish","format-standard","hentry","category-non-classe","tag-blues"],"jetpack_publicize_connections":[],"jetpack_featured_media_url":"","jetpack_sharing_enabled":true,"jetpack_shortlink":"https:\/\/wp.me\/p2D6dI-2iE","jetpack_likes_enabled":true,"jetpack-related-posts":[{"id":8829,"url":"http:\/\/www.fabriceeulry-laboutique.com\/blog\/?p=8829","url_meta":{"origin":8844,"position":0},"title":"CISCO HERZHAFT INVITE FABRICE EULRY POUR SON NOUVEAU DISQUE","author":"Le Canard du pianiste","date":"24 septembre 2016","format":false,"excerpt":"Le guitariste et chanteur hante la sc\u00e8ne du blues depuis les ann\u00e9es soixante et, seul europ\u00e9en \u00e0 avoir enregistr\u00e9 avec John Lee Hooker, le voil\u00e0 dans un nouveau projet musical avec des compositions personnelles qui servent cet imitable son du delta. D\u00e9j\u00e0 deux titres en duo avec Fabrice Eulry enregistr\u00e9s\u2026","rel":"","context":"Dans &quot;Non class\u00e9&quot;","block_context":{"text":"Non class\u00e9","link":"http:\/\/www.fabriceeulry-laboutique.com\/blog\/?cat=1"},"img":{"alt_text":"","src":"https:\/\/i0.wp.com\/www.fabriceeulry-laboutique.com\/blog\/wp-content\/uploads\/2016\/09\/Darte.jpg?resize=350%2C200","width":350,"height":200},"classes":[]},{"id":8563,"url":"http:\/\/www.fabriceeulry-laboutique.com\/blog\/?p=8563","url_meta":{"origin":8844,"position":1},"title":"LE NOUVEAU DISQUE !","author":"Le Canard du pianiste","date":"14 juin 2016","format":false,"excerpt":"en piano soloCliquez sur la pochette pour \u00e9couter des extraits Un cd de 14 titres enregistr\u00e9s au fil des tourn\u00e9es entre 2004 et 2008 dans cinq pays avec une riche palette d' atmosph\u00e8res, et en bouquet final, une version compl\u00e8tement folle du Boogie expiatoire \u00e0 Newport Kentucky, sp\u00e9cial d\u00e9calage horaire\u2026","rel":"","context":"Dans &quot;Non class\u00e9&quot;","block_context":{"text":"Non class\u00e9","link":"http:\/\/www.fabriceeulry-laboutique.com\/blog\/?cat=1"},"img":{"alt_text":"","src":"https:\/\/i0.wp.com\/www.fabriceeulry-laboutique.com\/blog\/wp-content\/uploads\/2016\/06\/on-tour.jpg?resize=350%2C200","width":350,"height":200},"classes":[]},{"id":12665,"url":"http:\/\/www.fabriceeulry-laboutique.com\/blog\/?p=12665","url_meta":{"origin":8844,"position":2},"title":"SORTIE DU DISQUE : \u00ab\u00a0EN TOURNEE\u00a0\u00bb","author":"Le Canard du pianiste","date":"19 novembre 2022","format":false,"excerpt":"Tout comme \"On tour\" il y quelques ann\u00e9es, \"En tourn\u00e9e\" fait entendre des morceaux choisis dans les r\u00e9citals de Fabrice Eulry, et enregistr\u00e9s dans diff\u00e9rents pays dont les petits drapeaux figurent ci-dessous. Cette fois la p\u00e9riode est plus r\u00e9cente, mais avec de nouveau, des horizons pianistiques, des rythmes des pianos,\u2026","rel":"","context":"Dans &quot;Non class\u00e9&quot;","block_context":{"text":"Non class\u00e9","link":"http:\/\/www.fabriceeulry-laboutique.com\/blog\/?cat=1"},"img":{"alt_text":"","src":"https:\/\/i0.wp.com\/www.fabriceeulry-laboutique.com\/blog\/wp-content\/uploads\/2022\/11\/EN-TOURNEE-cd-1-de-couv-scaled.jpg?resize=350%2C200","width":350,"height":200,"srcset":"https:\/\/i0.wp.com\/www.fabriceeulry-laboutique.com\/blog\/wp-content\/uploads\/2022\/11\/EN-TOURNEE-cd-1-de-couv-scaled.jpg?resize=350%2C200 1x, https:\/\/i0.wp.com\/www.fabriceeulry-laboutique.com\/blog\/wp-content\/uploads\/2022\/11\/EN-TOURNEE-cd-1-de-couv-scaled.jpg?resize=525%2C300 1.5x, https:\/\/i0.wp.com\/www.fabriceeulry-laboutique.com\/blog\/wp-content\/uploads\/2022\/11\/EN-TOURNEE-cd-1-de-couv-scaled.jpg?resize=700%2C400 2x, https:\/\/i0.wp.com\/www.fabriceeulry-laboutique.com\/blog\/wp-content\/uploads\/2022\/11\/EN-TOURNEE-cd-1-de-couv-scaled.jpg?resize=1050%2C600 3x, https:\/\/i0.wp.com\/www.fabriceeulry-laboutique.com\/blog\/wp-content\/uploads\/2022\/11\/EN-TOURNEE-cd-1-de-couv-scaled.jpg?resize=1400%2C800 4x"},"classes":[]},{"id":68,"url":"http:\/\/www.fabriceeulry-laboutique.com\/blog\/?p=68","url_meta":{"origin":8844,"position":3},"title":"LE NOUVEAU BOOGIE-EXPIATOIRE","author":"Le Canard du pianiste","date":"26 juin 2012","format":false,"excerpt":"... Est arriv\u00e9 !Rebaptis\u00e9 Grand boogie pour l'occasion, le Boogie-woogie expiatoire a fait l'objet d'un nouveau disque : 4 pianistes : Chase Garrett, Carl Sonny Leyland, Fabrice Eulry et Mark Braun enregistr\u00e9s \u00e0 Iowa City devant un public tr\u00e8s jeune et survolt\u00e9 autant par cette musique que par le charme\u2026","rel":"","context":"Dans &quot;Non class\u00e9&quot;","block_context":{"text":"Non class\u00e9","link":"http:\/\/www.fabriceeulry-laboutique.com\/blog\/?cat=1"},"img":{"alt_text":"","src":"https:\/\/i0.wp.com\/fabriceeulryunblogfr.unblog.fr\/files\/2011\/04\/pianovudedessusjpg.jpg?resize=350%2C200","width":350,"height":200},"classes":[]},{"id":12773,"url":"http:\/\/www.fabriceeulry-laboutique.com\/blog\/?p=12773","url_meta":{"origin":8844,"position":4},"title":"TOUCH OF GROOVE CL\u00d4TURERA BLUES EN AVEYRON 2023 !","author":"Le Canard du pianiste","date":"1 septembre 2023","format":false,"excerpt":"Le timbre chaleureux de Letty M. teint\u00e9 d\u2019un grain particulier, combin\u00e9 \u00e0 l\u2019\u00e9nergie de sa voix, font de cette artiste une chanteuse de Soul Music remarquable. Auteur-compositeur de longue date sur des titres fran\u00e7ais et anglais dans plusieurs registres musicaux (Celtique, Pop-Rock, Country, France r\u00e9pertoire des ann\u00e9es 30-40), elle est\u2026","rel":"","context":"Dans &quot;Non class\u00e9&quot;","block_context":{"text":"Non class\u00e9","link":"http:\/\/www.fabriceeulry-laboutique.com\/blog\/?cat=1"},"img":{"alt_text":"","src":"https:\/\/i0.wp.com\/www.fabriceeulry-laboutique.com\/blog\/wp-content\/uploads\/2023\/09\/letty.png?resize=350%2C200","width":350,"height":200,"srcset":"https:\/\/i0.wp.com\/www.fabriceeulry-laboutique.com\/blog\/wp-content\/uploads\/2023\/09\/letty.png?resize=350%2C200 1x, https:\/\/i0.wp.com\/www.fabriceeulry-laboutique.com\/blog\/wp-content\/uploads\/2023\/09\/letty.png?resize=525%2C300 1.5x, https:\/\/i0.wp.com\/www.fabriceeulry-laboutique.com\/blog\/wp-content\/uploads\/2023\/09\/letty.png?resize=700%2C400 2x"},"classes":[]},{"id":257,"url":"http:\/\/www.fabriceeulry-laboutique.com\/blog\/?p=257","url_meta":{"origin":8844,"position":5},"title":"SESSION D&rsquo;ENREGITREMENT A CINCINNATI OHIO","author":"Le Canard du pianiste","date":"8 ao\u00fbt 2012","format":false,"excerpt":"\u00a0 Vendredi 8 \u00a0ao\u00fbt 2012 VOUS LE SAVEZ, FABRICE EULRY & LES ROLLING TWISTERS FETENT LA \u00a0SORTIE DE TWISTIN' AT RAY'S. ET PREPARENT LE SECOND DISQUE Et voici \u00a0les morceaux enregistr\u00e9s ce lundi 5 ao\u00fbt 2012 aux studios Ultrasuede de Cincinnati, la patrie des \u00a0records, \u00a0pour la\u00a0s\u00e9ance d'enregistrement du second\u2026","rel":"","context":"Dans &quot;Non class\u00e9&quot;","block_context":{"text":"Non class\u00e9","link":"http:\/\/www.fabriceeulry-laboutique.com\/blog\/?cat=1"},"img":{"alt_text":"","src":"https:\/\/i0.wp.com\/www.fabriceeulry-laboutique.com\/blog\/wp-content\/uploads\/2012\/08\/Cincy-22.jpg?resize=350%2C200","width":350,"height":200,"srcset":"https:\/\/i0.wp.com\/www.fabriceeulry-laboutique.com\/blog\/wp-content\/uploads\/2012\/08\/Cincy-22.jpg?resize=350%2C200 1x, https:\/\/i0.wp.com\/www.fabriceeulry-laboutique.com\/blog\/wp-content\/uploads\/2012\/08\/Cincy-22.jpg?resize=525%2C300 1.5x"},"classes":[]}],"_links":{"self":[{"href":"http:\/\/www.fabriceeulry-laboutique.com\/blog\/index.php?rest_route=\/wp\/v2\/posts\/8844","targetHints":{"allow":["GET"]}}],"collection":[{"href":"http:\/\/www.fabriceeulry-laboutique.com\/blog\/index.php?rest_route=\/wp\/v2\/posts"}],"about":[{"href":"http:\/\/www.fabriceeulry-laboutique.com\/blog\/index.php?rest_route=\/wp\/v2\/types\/post"}],"author":[{"embeddable":true,"href":"http:\/\/www.fabriceeulry-laboutique.com\/blog\/index.php?rest_route=\/wp\/v2\/users\/2"}],"replies":[{"embeddable":true,"href":"http:\/\/www.fabriceeulry-laboutique.com\/blog\/index.php?rest_route=%2Fwp%2Fv2%2Fcomments&post=8844"}],"version-history":[{"count":5,"href":"http:\/\/www.fabriceeulry-laboutique.com\/blog\/index.php?rest_route=\/wp\/v2\/posts\/8844\/revisions"}],"predecessor-version":[{"id":13147,"href":"http:\/\/www.fabriceeulry-laboutique.com\/blog\/index.php?rest_route=\/wp\/v2\/posts\/8844\/revisions\/13147"}],"wp:attachment":[{"href":"http:\/\/www.fabriceeulry-laboutique.com\/blog\/index.php?rest_route=%2Fwp%2Fv2%2Fmedia&parent=8844"}],"wp:term":[{"taxonomy":"category","embeddable":true,"href":"http:\/\/www.fabriceeulry-laboutique.com\/blog\/index.php?rest_route=%2Fwp%2Fv2%2Fcategories&post=8844"},{"taxonomy":"post_tag","embeddable":true,"href":"http:\/\/www.fabriceeulry-laboutique.com\/blog\/index.php?rest_route=%2Fwp%2Fv2%2Ftags&post=8844"}],"curies":[{"name":"wp","href":"https:\/\/api.w.org\/{rel}","templated":true}]}}