{"id":8881,"date":"2016-10-11T19:04:15","date_gmt":"2016-10-11T19:04:15","guid":{"rendered":"http:\/\/www.fabriceeulry-laboutique.com\/blog\/?p=8881"},"modified":"2018-12-12T01:59:16","modified_gmt":"2018-12-12T01:59:16","slug":"conference-concert-sur-le-ragtime","status":"publish","type":"post","link":"http:\/\/www.fabriceeulry-laboutique.com\/blog\/?p=8881","title":{"rendered":"CONF\u00c9RENCE-CONCERT SUR LE RAGTIME"},"content":{"rendered":"<h2 style=\"text-align: center;\"><span style=\"color: #000000;\"><strong>Tr\u00e8s prochainement le Canard du pianiste publiera la vid\u00e9o d&rsquo;une conf\u00e9rence-concert qui a \u00e9t\u00e9 donn\u00e9e gracieusement \u00e0 la Fondation R\u00e9sonnance de Morges :<\/strong><\/span><\/h2>\n<h2 style=\"text-align: center;\"><span style=\"color: #000000;\"><strong>Le 25 mai 2016 la Fondation <a style=\"color: #000000;\" href=\"http:\/\/www.resonnance.org\/resonnance\/presentation-resonnance\">R\u00e9sonnance<\/a>\u00a0a pr\u00e9sent\u00e9 une conf\u00e9rence-concert sur le Ragtime anim\u00e9e par Jacky Milliet et Fabrice Eulry.<\/strong><\/span><\/h2>\n<h2 style=\"text-align: center;\"><span style=\"color: #000000;\"><strong>Ils ont \u00e9voqu\u00e9 en musique et par un expos\u00e9, la gen\u00e8se du Ragtime et sa nature, le tout piment\u00e9 par quelques anecdotes.\u00a0<\/strong><\/span><\/h2>\n<p style=\"text-align: center;\">\n<p style=\"text-align: center;\"><span style=\"color: #000000;\"><a style=\"color: #000000;\" href=\"https:\/\/i0.wp.com\/www.fabriceeulry-laboutique.com\/blog\/wp-content\/uploads\/2015\/04\/conf-.3-1.jpg\"><img data-recalc-dims=\"1\" loading=\"lazy\" decoding=\"async\" class=\"aligncenter size-full wp-image-6809\" title=\"conf .3\" src=\"https:\/\/i0.wp.com\/www.fabriceeulry-laboutique.com\/blog\/wp-content\/uploads\/2015\/04\/conf-.3-1.jpg?resize=640%2C357\" alt=\"\" width=\"640\" height=\"357\" srcset=\"https:\/\/i0.wp.com\/www.fabriceeulry-laboutique.com\/blog\/wp-content\/uploads\/2015\/04\/conf-.3-1.jpg?w=1097 1097w, https:\/\/i0.wp.com\/www.fabriceeulry-laboutique.com\/blog\/wp-content\/uploads\/2015\/04\/conf-.3-1.jpg?resize=300%2C167 300w, https:\/\/i0.wp.com\/www.fabriceeulry-laboutique.com\/blog\/wp-content\/uploads\/2015\/04\/conf-.3-1.jpg?resize=1024%2C571 1024w\" sizes=\"auto, (max-width: 640px) 100vw, 640px\" \/><\/a><\/span><\/p>\n<p style=\"text-align: center;\"><span style=\"color: #000000;\"><a style=\"color: #000000;\" href=\"https:\/\/i0.wp.com\/www.fabriceeulry-laboutique.com\/blog\/wp-content\/uploads\/2015\/04\/conf-2-1.jpg\"><img data-recalc-dims=\"1\" loading=\"lazy\" decoding=\"async\" class=\"aligncenter\" title=\"conf 2\" src=\"https:\/\/i0.wp.com\/www.fabriceeulry-laboutique.com\/blog\/wp-content\/uploads\/2015\/04\/conf-2-1.jpg?resize=640%2C400\" alt=\"\" width=\"640\" height=\"400\" \/><\/a><\/span><\/p>\n<h2 style=\"text-align: center;\"><span style=\"color: #000000;\">Le p\u00e8re du ragtime (biographie en anglais)<\/span><\/h2>\n<h2 style=\"text-align: center;\"><span style=\"color: #000000;\"><a style=\"color: #000000;\" href=\"http:\/\/www.scottjoplin.org\/biography.html\"><img data-recalc-dims=\"1\" loading=\"lazy\" decoding=\"async\" class=\"aligncenter size-full wp-image-3645\" src=\"https:\/\/i0.wp.com\/www.fabriceeulry-laboutique.com\/blog\/wp-content\/uploads\/2013\/10\/Joplin.jpg?resize=275%2C468\" alt=\"Joplin\" width=\"275\" height=\"468\" srcset=\"https:\/\/i0.wp.com\/www.fabriceeulry-laboutique.com\/blog\/wp-content\/uploads\/2013\/10\/Joplin.jpg?w=275 275w, https:\/\/i0.wp.com\/www.fabriceeulry-laboutique.com\/blog\/wp-content\/uploads\/2013\/10\/Joplin.jpg?resize=176%2C300 176w\" sizes=\"auto, (max-width: 275px) 100vw, 275px\" \/><\/a>La long\u00e9vit\u00e9 du pianiste Ralph Sutton, l&rsquo;un des pionniers, lui a permis de jouer avec Jacky Milliet :<\/span><\/h2>\n<p><span class=\"embed-youtube\" style=\"text-align:center; display: block;\"><iframe loading=\"lazy\" class=\"youtube-player\" width=\"640\" height=\"360\" src=\"https:\/\/www.youtube.com\/embed\/DsO0WVOb8Xk?version=3&#038;rel=1&#038;showsearch=0&#038;showinfo=1&#038;iv_load_policy=1&#038;fs=1&#038;hl=fr-FR&#038;autohide=2&#038;wmode=transparent\" allowfullscreen=\"true\" style=\"border:0;\" sandbox=\"allow-scripts allow-same-origin allow-popups allow-presentation allow-popups-to-escape-sandbox\"><\/iframe><\/span><\/p>\n<h3 style=\"text-align: center;\"><span style=\"color: #000000;\"><strong>CONNAITRE ET ECOUTER TOUTE LA DISCOGRAPHIE DE FABRICE EULRY ET JACKY MILLIET<\/strong><\/span><\/h3>\n<div style=\"text-align: center;\"><span style=\"color: #000000;\"><a style=\"color: #000000;\" href=\"https:\/\/i0.wp.com\/fabriceeulryunblogfr.unblog.fr\/files\/2011\/12\/clarinetconnection.png\"><img data-recalc-dims=\"1\" loading=\"lazy\" decoding=\"async\" title=\"clarinetconnection.png\" src=\"https:\/\/i0.wp.com\/fabriceeulryunblogfr.unblog.fr\/files\/2011\/12\/clarinetconnection.png?resize=77%2C78\" alt=\"\" width=\"77\" height=\"78\" \/><\/a>\u00a0\u00a0 \u00a0 \u00a0<a style=\"color: #000000;\" href=\"http:\/\/www.fabriceeulry.com\/discographie.html\"><img data-recalc-dims=\"1\" loading=\"lazy\" decoding=\"async\" title=\"franco1.png\" src=\"https:\/\/i0.wp.com\/fabriceeulryunblogfr.unblog.fr\/files\/2011\/12\/franco1.png?resize=78%2C79\" alt=\"\" width=\"78\" height=\"79\" \/><\/a>\u00a0\u00a0 \u00a0\u00a0<a style=\"color: #000000;\" href=\"http:\/\/www.fabriceeulry.com\/discographie.html\"><img data-recalc-dims=\"1\" loading=\"lazy\" decoding=\"async\" title=\"franco2.png\" src=\"https:\/\/i0.wp.com\/fabriceeulryunblogfr.unblog.fr\/files\/2011\/12\/franco2.png?resize=79%2C79\" alt=\"\" width=\"79\" height=\"79\" \/><\/a>\u00a0<em>cliquez sur les pochettes de disque<\/em><\/span><a href=\"http:\/\/www.fabriceeulry.com\/media\/pdf\/bon_de_commande.pdf\"><img data-recalc-dims=\"1\" loading=\"lazy\" decoding=\"async\" class=\"aligncenter\" title=\"BAT LABEL-Milliet-Eulry EscapadeSymph\" src=\"https:\/\/i0.wp.com\/www.fabriceeulry-laboutique.com\/blog\/wp-content\/uploads\/2013\/03\/BAT-LABEL-Milliet-Eulry-EscapadeSymph1-150x150.jpg?resize=150%2C150\" alt=\"\" width=\"150\" height=\"150\" \/><\/a><\/div>\n<p>&nbsp;<\/p>\n","protected":false},"excerpt":{"rendered":"<p>Tr\u00e8s prochainement le Canard du pianiste publiera la vid\u00e9o d&rsquo;une conf\u00e9rence-concert qui a \u00e9t\u00e9 donn\u00e9e gracieusement \u00e0 la Fondation R\u00e9sonnance de Morges : Le 25 mai 2016 la Fondation R\u00e9sonnance\u00a0a pr\u00e9sent\u00e9 une conf\u00e9rence-concert sur le Ragtime anim\u00e9e par Jacky Milliet &hellip; <a href=\"http:\/\/www.fabriceeulry-laboutique.com\/blog\/?p=8881\">Continuer la lecture <span class=\"meta-nav\">&rarr;<\/span><\/a><\/p>\n","protected":false},"author":2,"featured_media":0,"comment_status":"open","ping_status":"open","sticky":false,"template":"","format":"standard","meta":{"jetpack_post_was_ever_published":false,"_jetpack_newsletter_access":"","_jetpack_dont_email_post_to_subs":true,"_jetpack_newsletter_tier_id":0,"_jetpack_memberships_contains_paywalled_content":false,"_jetpack_memberships_contains_paid_content":false,"footnotes":"","jetpack_publicize_message":"","jetpack_publicize_feature_enabled":true,"jetpack_social_post_already_shared":true,"jetpack_social_options":{"image_generator_settings":{"template":"highway","default_image_id":0,"font":"","enabled":false},"version":2}},"categories":[1],"tags":[41],"class_list":["post-8881","post","type-post","status-publish","format-standard","hentry","category-non-classe","tag-ragtime"],"jetpack_publicize_connections":[],"jetpack_featured_media_url":"","jetpack_sharing_enabled":true,"jetpack_shortlink":"https:\/\/wp.me\/p2D6dI-2jf","jetpack_likes_enabled":true,"jetpack-related-posts":[{"id":7917,"url":"http:\/\/www.fabriceeulry-laboutique.com\/blog\/?p=7917","url_meta":{"origin":8881,"position":0},"title":"CONFERENCE-CONCERT","author":"Le Canard du pianiste","date":"11 d\u00e9cembre 2015","format":false,"excerpt":"Une conf\u00e9rence-concert sera donn\u00e9e gracieusement \u00e0 la Fondation R\u00e9sonnance de Morges : Le dimanche 13 d\u00e9cembre 2015 \u00e0 18h00 la Fondation R\u00e9sonnance\u00a0pr\u00e9sente une conf\u00e9rence-concert sur le swing anim\u00e9e par Jacky Milliet et Fabrice Eulry. Ils \u00e9voqueront en musique et par un expos\u00e9, l'histoire du swing, et sa nature rythmique, le\u2026","rel":"","context":"Dans &quot;Non class\u00e9&quot;","block_context":{"text":"Non class\u00e9","link":"http:\/\/www.fabriceeulry-laboutique.com\/blog\/?cat=1"},"img":{"alt_text":"","src":"https:\/\/i0.wp.com\/www.fabriceeulry-laboutique.com\/blog\/wp-content\/uploads\/2015\/04\/conf-5-.jpg?resize=350%2C200","width":350,"height":200},"classes":[]},{"id":8893,"url":"http:\/\/www.fabriceeulry-laboutique.com\/blog\/?p=8893","url_meta":{"origin":8881,"position":1},"title":"CONFERENCE CONCERT SUR LE SWING","author":"Le Canard du pianiste","date":"15 octobre 2016","format":false,"excerpt":"Le dimanche 13 d\u00e9cembre 2015 \u00e0 18h00 la Fondation R\u00e9sonnance\u00a0a pr\u00e9sent\u00e9 une conf\u00e9rence-concert sur le swing anim\u00e9e par Fabrice Eulry et Jacky Milliet. https:\/\/www.youtube.com\/watch?v=I_QVYaSTAdA Fabrice Eulry commence en donnant un descriptif du swing en temps que forme \u00a0rythmique, puis en temps que courant musical dans ses aspects historiques, \u00e9conomiques, et\u2026","rel":"","context":"Dans &quot;Non class\u00e9&quot;","block_context":{"text":"Non class\u00e9","link":"http:\/\/www.fabriceeulry-laboutique.com\/blog\/?cat=1"},"img":{"alt_text":"","src":"https:\/\/i0.wp.com\/fabriceeulryunblogfr.unblog.fr\/files\/2010\/09\/millietenfinesse.jpg?resize=350%2C200","width":350,"height":200,"srcset":"https:\/\/i0.wp.com\/fabriceeulryunblogfr.unblog.fr\/files\/2010\/09\/millietenfinesse.jpg?resize=350%2C200 1x, https:\/\/i0.wp.com\/fabriceeulryunblogfr.unblog.fr\/files\/2010\/09\/millietenfinesse.jpg?resize=525%2C300 1.5x"},"classes":[]},{"id":5521,"url":"http:\/\/www.fabriceeulry-laboutique.com\/blog\/?p=5521","url_meta":{"origin":8881,"position":2},"title":"CONCERT GRACIEUX A RESONNANCE","author":"Le Canard du pianiste","date":"12 d\u00e9cembre 2014","format":false,"excerpt":"La fondation R\u00e9sonnance a offert gracieusement une conf\u00e9rence-d\u00e9bat-concert avec Jacky Milliet et Fabrice Eulry autour la musique de Nouvelle-Orl\u00e9ans, le vendredi 12 d\u00e9cembre 2014 \u00e0 20h. A suivre... \u00a0CONNAITRE ET ECOUTER TOUTE LA DISCOGRAPHIE DE FABRICE EULRY ET JACKY MILLIET \u00a0\u00a0 \u00a0 \u00a0\u00a0\u00a0 \u00a0\u00a0\u00a0cliquez sur les pochettes de disque INSCRIPTIONS\u2026","rel":"","context":"Dans &quot;Non class\u00e9&quot;","block_context":{"text":"Non class\u00e9","link":"http:\/\/www.fabriceeulry-laboutique.com\/blog\/?cat=1"},"img":{"alt_text":"","src":"https:\/\/i0.wp.com\/fabriceeulryunblogfr.unblog.fr\/files\/2011\/12\/clarinetconnection.png?resize=350%2C200","width":350,"height":200},"classes":[]},{"id":4703,"url":"http:\/\/www.fabriceeulry-laboutique.com\/blog\/?p=4703","url_meta":{"origin":8881,"position":3},"title":"L&rsquo;ETERNEL RETOUR DU RAGTIME","author":"Le Canard du pianiste","date":"20 mars 2014","format":false,"excerpt":"\u00a0 Le Canard du pianiste a le plaisir d'annoncer la r\u00e9activation, par le coll\u00e8gue pianiste et organiste Benjamin Intartaglia, de son double site consacr\u00e9 au ragtime et \u00e0 ses activit\u00e9s musicales\u00a0 http:\/\/www.ragtime-france.fr\/ \u00a0 \u00a0\u00a0 \u00a0Cliquez sur la pochette du disque et commandez l'album RAGTIME de Fabrice Eulry Avec outre les\u2026","rel":"","context":"Dans &quot;Non class\u00e9&quot;","block_context":{"text":"Non class\u00e9","link":"http:\/\/www.fabriceeulry-laboutique.com\/blog\/?cat=1"},"img":{"alt_text":"","src":"https:\/\/i0.wp.com\/www.fabriceeulry-laboutique.com\/blog\/wp-content\/uploads\/2014\/03\/rag2.jpg?resize=350%2C200","width":350,"height":200},"classes":[]},{"id":8569,"url":"http:\/\/www.fabriceeulry-laboutique.com\/blog\/?p=8569","url_meta":{"origin":8881,"position":4},"title":"FABRICE EULRY SUR MTV LIBAN","author":"Le Canard du pianiste","date":"19 juin 2016","format":false,"excerpt":"Entre deux mast\u00e8res classes au conservatoire de Beyrouth et \u00e0 la Fondation R\u00e9sonnance Beyrouth, voici une \u00e9mission t\u00e9l\u00e9vis\u00e9e sur MTV Liban qui avait pour but de promouvoir le concert de solidarit\u00e9 organis\u00e9 par la Fondation R\u00e9sonnance Beyrouth repr\u00e9sent\u00e9e ici par sa directrice, la pianiste Chantal Menassa, en compagnie de son\u2026","rel":"","context":"Dans &quot;Non class\u00e9&quot;","block_context":{"text":"Non class\u00e9","link":"http:\/\/www.fabriceeulry-laboutique.com\/blog\/?cat=1"},"img":{"alt_text":"","src":"https:\/\/i0.wp.com\/www.fabriceeulry-laboutique.com\/blog\/wp-content\/uploads\/2016\/06\/Vins-liabanais.jpg?resize=350%2C200","width":350,"height":200},"classes":[]}],"_links":{"self":[{"href":"http:\/\/www.fabriceeulry-laboutique.com\/blog\/index.php?rest_route=\/wp\/v2\/posts\/8881","targetHints":{"allow":["GET"]}}],"collection":[{"href":"http:\/\/www.fabriceeulry-laboutique.com\/blog\/index.php?rest_route=\/wp\/v2\/posts"}],"about":[{"href":"http:\/\/www.fabriceeulry-laboutique.com\/blog\/index.php?rest_route=\/wp\/v2\/types\/post"}],"author":[{"embeddable":true,"href":"http:\/\/www.fabriceeulry-laboutique.com\/blog\/index.php?rest_route=\/wp\/v2\/users\/2"}],"replies":[{"embeddable":true,"href":"http:\/\/www.fabriceeulry-laboutique.com\/blog\/index.php?rest_route=%2Fwp%2Fv2%2Fcomments&post=8881"}],"version-history":[{"count":1,"href":"http:\/\/www.fabriceeulry-laboutique.com\/blog\/index.php?rest_route=\/wp\/v2\/posts\/8881\/revisions"}],"predecessor-version":[{"id":8882,"href":"http:\/\/www.fabriceeulry-laboutique.com\/blog\/index.php?rest_route=\/wp\/v2\/posts\/8881\/revisions\/8882"}],"wp:attachment":[{"href":"http:\/\/www.fabriceeulry-laboutique.com\/blog\/index.php?rest_route=%2Fwp%2Fv2%2Fmedia&parent=8881"}],"wp:term":[{"taxonomy":"category","embeddable":true,"href":"http:\/\/www.fabriceeulry-laboutique.com\/blog\/index.php?rest_route=%2Fwp%2Fv2%2Fcategories&post=8881"},{"taxonomy":"post_tag","embeddable":true,"href":"http:\/\/www.fabriceeulry-laboutique.com\/blog\/index.php?rest_route=%2Fwp%2Fv2%2Ftags&post=8881"}],"curies":[{"name":"wp","href":"https:\/\/api.w.org\/{rel}","templated":true}]}}