{"id":8909,"date":"2016-10-21T20:42:29","date_gmt":"2016-10-21T20:42:29","guid":{"rendered":"http:\/\/www.fabriceeulry-laboutique.com\/blog\/?p=8909"},"modified":"2018-12-12T01:58:47","modified_gmt":"2018-12-12T01:58:47","slug":"piano-killers-reedite","status":"publish","type":"post","link":"http:\/\/www.fabriceeulry-laboutique.com\/blog\/?p=8909","title":{"rendered":"PIANO KILLERS R\u00c9\u00c9DIT\u00c9"},"content":{"rendered":"<h2 style=\"text-align: center;\"><span style=\"color: #000000;\"><em>Ecoutez int\u00e9gralement le premier morceau de l&rsquo;album de Ricky Nye Fabrice Eulry et <a href=\"http:\/\/www.fabriceeulry-laboutique.com\/blog\/?p=299\">Renaud Patigny<\/a> :<\/em><\/span><\/h2>\n<p><a href=\"http:\/\/www.fabriceeulry.com\/discographie.html\"><img data-recalc-dims=\"1\" loading=\"lazy\" decoding=\"async\" class=\"aligncenter size-full wp-image-7706\" src=\"https:\/\/i0.wp.com\/www.fabriceeulry-laboutique.com\/blog\/wp-content\/uploads\/2015\/10\/kil-.jpg?resize=535%2C524\" alt=\"kil\" width=\"535\" height=\"524\" srcset=\"https:\/\/i0.wp.com\/www.fabriceeulry-laboutique.com\/blog\/wp-content\/uploads\/2015\/10\/kil-.jpg?w=535 535w, https:\/\/i0.wp.com\/www.fabriceeulry-laboutique.com\/blog\/wp-content\/uploads\/2015\/10\/kil-.jpg?resize=300%2C294 300w\" sizes=\"auto, (max-width: 535px) 100vw, 535px\" \/><\/a><\/p>\n<p style=\"text-align: center;\"><a style=\"color: #000000;\" href=\"https:\/\/i0.wp.com\/www.fabriceeulry-laboutique.com\/blog\/wp-content\/uploads\/2014\/01\/Templeuve1.jpg\"><img data-recalc-dims=\"1\" loading=\"lazy\" decoding=\"async\" class=\"alignnone size-full wp-image-4444\" title=\"Templeuve1\" src=\"https:\/\/i0.wp.com\/www.fabriceeulry-laboutique.com\/blog\/wp-content\/uploads\/2014\/01\/Templeuve1.jpg?resize=399%2C272\" alt=\"\" width=\"399\" height=\"272\" srcset=\"https:\/\/i0.wp.com\/www.fabriceeulry-laboutique.com\/blog\/wp-content\/uploads\/2014\/01\/Templeuve1.jpg?w=399 399w, https:\/\/i0.wp.com\/www.fabriceeulry-laboutique.com\/blog\/wp-content\/uploads\/2014\/01\/Templeuve1.jpg?resize=300%2C204 300w\" sizes=\"auto, (max-width: 399px) 100vw, 399px\" \/><\/a><\/p>\n<p style=\"text-align: center;\"><span style=\"color: #000000;\"><em><strong>Ici Patigny &amp; Eulry dans Le f<em>a<\/em>ux strip tease pour tous.<\/strong><\/em><\/span><\/p>\n","protected":false},"excerpt":{"rendered":"<p>Ecoutez int\u00e9gralement le premier morceau de l&rsquo;album de Ricky Nye Fabrice Eulry et Renaud Patigny : Ici Patigny &amp; Eulry dans Le faux strip tease pour tous.<\/p>\n","protected":false},"author":2,"featured_media":0,"comment_status":"open","ping_status":"open","sticky":false,"template":"","format":"standard","meta":{"jetpack_post_was_ever_published":false,"_jetpack_newsletter_access":"","_jetpack_dont_email_post_to_subs":true,"_jetpack_newsletter_tier_id":0,"_jetpack_memberships_contains_paywalled_content":false,"_jetpack_memberships_contains_paid_content":false,"footnotes":"","jetpack_publicize_message":"","jetpack_publicize_feature_enabled":true,"jetpack_social_post_already_shared":true,"jetpack_social_options":{"image_generator_settings":{"template":"highway","default_image_id":0,"font":"","enabled":false},"version":2}},"categories":[1],"tags":[25],"class_list":["post-8909","post","type-post","status-publish","format-standard","hentry","category-non-classe","tag-boogie-woogie"],"jetpack_publicize_connections":[],"jetpack_featured_media_url":"","jetpack_sharing_enabled":true,"jetpack_shortlink":"https:\/\/wp.me\/p2D6dI-2jH","jetpack_likes_enabled":true,"jetpack-related-posts":[{"id":9392,"url":"http:\/\/www.fabriceeulry-laboutique.com\/blog\/?p=9392","url_meta":{"origin":8909,"position":0},"title":"CONCERT \u00c0 CHAUNY (FABRICE EULRY &#8211; RENAUD PATIGNY &#8211; ORPH\u00c9ON CELESTA)","author":"Le Canard du pianiste","date":"14 avril 2017","format":false,"excerpt":"Au programme : Fabrice Eulry \u00a0Minerva Trio, avec Renaud\u00a0Patigny, son fr\u00e8re Tristan \u00e0\u00a0la batterie et au washboard, et\u00a0Peter Verhas, clarinettiste \u2013\u00a0saxophoniste. Avec en invit\u00e9s des musiciens\u00a0am\u00e9ricains... Orph\u00e9on C\u00e9lesta A la fin de la soir\u00e9e tous les musiciens\u00a0se joindront sur sc\u00e8ne\u00a0pour la jam session finale. \u00a0","rel":"","context":"Dans &quot;Non class\u00e9&quot;","block_context":{"text":"Non class\u00e9","link":"http:\/\/www.fabriceeulry-laboutique.com\/blog\/?cat=1"},"img":{"alt_text":"","src":"https:\/\/i0.wp.com\/www.fabriceeulry-laboutique.com\/blog\/wp-content\/uploads\/2017\/04\/chauny-2.jpg?resize=350%2C200","width":350,"height":200},"classes":[]},{"id":7703,"url":"http:\/\/www.fabriceeulry-laboutique.com\/blog\/?p=7703","url_meta":{"origin":8909,"position":1},"title":"NUITS MUSICALES DE TRIVY","author":"Le Canard du pianiste","date":"15 octobre 2015","format":false,"excerpt":"Avec Ricky Nye Fabrice Eulry Carl Schlosser et St\u00e9phane Roger Un compte-rendu du journal de Sa\u00f4ne et Loire : Ecoutez int\u00e9gralement le premier morceau de l'album de Ricky Nye Fabrice Eulry et Renaud Patigny :","rel":"","context":"Dans &quot;Non class\u00e9&quot;","block_context":{"text":"Non class\u00e9","link":"http:\/\/www.fabriceeulry-laboutique.com\/blog\/?cat=1"},"img":{"alt_text":"","src":"https:\/\/i0.wp.com\/www.fabriceeulry-laboutique.com\/blog\/wp-content\/uploads\/2015\/10\/kil-.jpg?resize=350%2C200","width":350,"height":200,"srcset":"https:\/\/i0.wp.com\/www.fabriceeulry-laboutique.com\/blog\/wp-content\/uploads\/2015\/10\/kil-.jpg?resize=350%2C200 1x, https:\/\/i0.wp.com\/www.fabriceeulry-laboutique.com\/blog\/wp-content\/uploads\/2015\/10\/kil-.jpg?resize=525%2C300 1.5x"},"classes":[]},{"id":10000,"url":"http:\/\/www.fabriceeulry-laboutique.com\/blog\/?p=10000","url_meta":{"origin":8909,"position":2},"title":"ATTENTION ! C&rsquo;EST AINSI QUE NAISSENT LES FESTIVALS !","author":"Le Canard du pianiste","date":"2 janvier 2018","format":false,"excerpt":"Deux soir\u00e9es informelles dans les Flandres \u00e0 ne pas manquer : Et une bonne ann\u00e9e \u00e0 tous les abonn\u00e9s et les lecteurs du Canard du pianiste ! Ecoutez le premier morceau de l'album de Ricky Nye Fabrice Eulry et Renaud Patigny :","rel":"","context":"Dans &quot;Non class\u00e9&quot;","block_context":{"text":"Non class\u00e9","link":"http:\/\/www.fabriceeulry-laboutique.com\/blog\/?cat=1"},"img":{"alt_text":"","src":"https:\/\/i0.wp.com\/www.fabriceeulry-laboutique.com\/blog\/wp-content\/uploads\/2018\/01\/bluesfestputte.png?resize=350%2C200","width":350,"height":200},"classes":[]},{"id":4289,"url":"http:\/\/www.fabriceeulry-laboutique.com\/blog\/?p=4289","url_meta":{"origin":8909,"position":3},"title":"GROS SUCCES DU FESTIVAL DE BOOGIE A TEMPLEUVE (NORD)","author":"Le Canard du pianiste","date":"12 f\u00e9vrier 2014","format":false,"excerpt":"\u00a0 \u00a0Le festival de boogie-woogie de Templeuve au profit de l'association LA FLECHE qui propose toute sorte d'activit\u00e9 enrichissante pour les handicap\u00e9s, a \u00e9t\u00e9 un succ\u00e8s d'affluence sans pr\u00e9c\u00e9dent pour ce festival. \u00a0Patigny & Eulry : le faux strip tease pour tous\u00a0 \u00a0 http:\/\/assofleche.canalblog.com\u00a0 \u00a0Boogie Folies\u00a0\u00a0\u00a0\u00a0Boogie Folies Volume 2","rel":"","context":"Dans &quot;Non class\u00e9&quot;","block_context":{"text":"Non class\u00e9","link":"http:\/\/www.fabriceeulry-laboutique.com\/blog\/?cat=1"},"img":{"alt_text":"","src":"https:\/\/i0.wp.com\/www.fabriceeulry-laboutique.com\/blog\/wp-content\/uploads\/2014\/01\/Templeuve1.jpg?resize=350%2C200","width":350,"height":200},"classes":[]},{"id":3025,"url":"http:\/\/www.fabriceeulry-laboutique.com\/blog\/?p=3025","url_meta":{"origin":8909,"position":4},"title":"FABRICE EULRY A PADEREWSKI","author":"Le Canard du pianiste","date":"8 novembre 2013","format":false,"excerpt":"Affiche de Jessica Scheurer Fabrice Eulry a affront\u00e9 le vendredi 8 novembre une premi\u00e8re fois, la salle Paderewski du casino de Montbenon de Lausanne en solo avant d'y donner des duos de pianos ce soir \u00e0 20h.30. et le samedi 9 novembre. \u00a0 Les spectateurs dont un tiers venaient de\u2026","rel":"","context":"Dans &quot;Non class\u00e9&quot;","block_context":{"text":"Non class\u00e9","link":"http:\/\/www.fabriceeulry-laboutique.com\/blog\/?cat=1"},"img":{"alt_text":"","src":"https:\/\/i0.wp.com\/www.fabriceeulry-laboutique.com\/blog\/wp-content\/uploads\/2013\/07\/PIANO-BLUES-BOOGIE-EN-ROMANDIE.png?resize=350%2C200","width":350,"height":200},"classes":[]},{"id":13354,"url":"http:\/\/www.fabriceeulry-laboutique.com\/blog\/?p=13354","url_meta":{"origin":8909,"position":5},"title":"LES BRIGADES DU TIGRE","author":"Le Canard du pianiste","date":"1 octobre 2025","format":false,"excerpt":"LES BRIGADES DU TIGRE (2 PIANOS) Fabrice EULRY - Renaud PATIGNY Cette musique a \u00e9t\u00e9 \u00e9crite par Claude Bolling. Les deux pianistes, qui ont jou\u00e9 avec lui et l'ont bien connu, racontent en 2025, des anecdotes sur le compositeur des Brigades du tigre (et de Borsalino) avant de jouer le\u2026","rel":"","context":"Dans &quot;Non class\u00e9&quot;","block_context":{"text":"Non class\u00e9","link":"http:\/\/www.fabriceeulry-laboutique.com\/blog\/?cat=1"},"img":{"alt_text":"","src":"https:\/\/i0.wp.com\/www.fabriceeulry-laboutique.com\/blog\/wp-content\/uploads\/2025\/10\/LES-BRIGADES.png?resize=350%2C200","width":350,"height":200,"srcset":"https:\/\/i0.wp.com\/www.fabriceeulry-laboutique.com\/blog\/wp-content\/uploads\/2025\/10\/LES-BRIGADES.png?resize=350%2C200 1x, https:\/\/i0.wp.com\/www.fabriceeulry-laboutique.com\/blog\/wp-content\/uploads\/2025\/10\/LES-BRIGADES.png?resize=525%2C300 1.5x, https:\/\/i0.wp.com\/www.fabriceeulry-laboutique.com\/blog\/wp-content\/uploads\/2025\/10\/LES-BRIGADES.png?resize=700%2C400 2x, https:\/\/i0.wp.com\/www.fabriceeulry-laboutique.com\/blog\/wp-content\/uploads\/2025\/10\/LES-BRIGADES.png?resize=1050%2C600 3x, https:\/\/i0.wp.com\/www.fabriceeulry-laboutique.com\/blog\/wp-content\/uploads\/2025\/10\/LES-BRIGADES.png?resize=1400%2C800 4x"},"classes":[]}],"_links":{"self":[{"href":"http:\/\/www.fabriceeulry-laboutique.com\/blog\/index.php?rest_route=\/wp\/v2\/posts\/8909","targetHints":{"allow":["GET"]}}],"collection":[{"href":"http:\/\/www.fabriceeulry-laboutique.com\/blog\/index.php?rest_route=\/wp\/v2\/posts"}],"about":[{"href":"http:\/\/www.fabriceeulry-laboutique.com\/blog\/index.php?rest_route=\/wp\/v2\/types\/post"}],"author":[{"embeddable":true,"href":"http:\/\/www.fabriceeulry-laboutique.com\/blog\/index.php?rest_route=\/wp\/v2\/users\/2"}],"replies":[{"embeddable":true,"href":"http:\/\/www.fabriceeulry-laboutique.com\/blog\/index.php?rest_route=%2Fwp%2Fv2%2Fcomments&post=8909"}],"version-history":[{"count":3,"href":"http:\/\/www.fabriceeulry-laboutique.com\/blog\/index.php?rest_route=\/wp\/v2\/posts\/8909\/revisions"}],"predecessor-version":[{"id":8913,"href":"http:\/\/www.fabriceeulry-laboutique.com\/blog\/index.php?rest_route=\/wp\/v2\/posts\/8909\/revisions\/8913"}],"wp:attachment":[{"href":"http:\/\/www.fabriceeulry-laboutique.com\/blog\/index.php?rest_route=%2Fwp%2Fv2%2Fmedia&parent=8909"}],"wp:term":[{"taxonomy":"category","embeddable":true,"href":"http:\/\/www.fabriceeulry-laboutique.com\/blog\/index.php?rest_route=%2Fwp%2Fv2%2Fcategories&post=8909"},{"taxonomy":"post_tag","embeddable":true,"href":"http:\/\/www.fabriceeulry-laboutique.com\/blog\/index.php?rest_route=%2Fwp%2Fv2%2Ftags&post=8909"}],"curies":[{"name":"wp","href":"https:\/\/api.w.org\/{rel}","templated":true}]}}