{"id":8952,"date":"2016-11-22T05:29:11","date_gmt":"2016-11-22T05:29:11","guid":{"rendered":"http:\/\/www.fabriceeulry-laboutique.com\/blog\/?p=8952"},"modified":"2018-12-12T01:50:32","modified_gmt":"2018-12-12T01:50:32","slug":"concert-pour-resonnance-belgique","status":"publish","type":"post","link":"http:\/\/www.fabriceeulry-laboutique.com\/blog\/?p=8952","title":{"rendered":"CONCERT POUR R\u00c9SONNANCE BELGIQUE"},"content":{"rendered":"<h2 style=\"text-align: center;\"><span style=\"color: #000000;\"><strong>Le ch\u00e2teau de Claydael dans les Flandres,\u00a0<\/strong><a style=\"color: #000000;\" href=\"https:\/\/i0.wp.com\/www.fabriceeulry-laboutique.com\/blog\/wp-content\/uploads\/2014\/11\/Cley-1-.jpg\"><img data-recalc-dims=\"1\" loading=\"lazy\" decoding=\"async\" class=\"aligncenter size-full wp-image-5871\" title=\"Cley 1\" src=\"https:\/\/i0.wp.com\/www.fabriceeulry-laboutique.com\/blog\/wp-content\/uploads\/2014\/11\/Cley-1-.jpg?resize=492%2C326\" alt=\"\" width=\"492\" height=\"326\" srcset=\"https:\/\/i0.wp.com\/www.fabriceeulry-laboutique.com\/blog\/wp-content\/uploads\/2014\/11\/Cley-1-.jpg?w=492 492w, https:\/\/i0.wp.com\/www.fabriceeulry-laboutique.com\/blog\/wp-content\/uploads\/2014\/11\/Cley-1-.jpg?resize=300%2C198 300w\" sizes=\"auto, (max-width: 492px) 100vw, 492px\" \/><\/a><a style=\"color: #000000;\" href=\"https:\/\/i0.wp.com\/www.fabriceeulry-laboutique.com\/blog\/wp-content\/uploads\/2014\/11\/CLEY-17-.jpg\"><img data-recalc-dims=\"1\" loading=\"lazy\" decoding=\"async\" title=\"CLEY 17\" src=\"https:\/\/i0.wp.com\/www.fabriceeulry-laboutique.com\/blog\/wp-content\/uploads\/2014\/11\/CLEY-17-.jpg?resize=417%2C320\" alt=\"\" width=\"417\" height=\"320\" \/><\/a><\/span><\/h2>\n<h2 style=\"text-align: center;\"><span style=\"color: #000000;\">Le ch\u00e2teau m\u00e9di\u00e9val flamand et ses belles ouvertures pratiqu\u00e9es \u00e0 la Renaissance, a accueilli les 18 et 19 novembre 2016, mast\u00e8res classes et concerts, propos\u00e9s avec Fabrice Eulry pour R\u00e9sonnance Belgique\u00a0<\/span><\/h2>\n<h2 style=\"text-align: center;\"><\/h2>\n<p><img data-recalc-dims=\"1\" loading=\"lazy\" decoding=\"async\" class=\"size-full wp-image-8859 aligncenter\" src=\"https:\/\/i0.wp.com\/www.fabriceeulry-laboutique.com\/blog\/wp-content\/uploads\/2016\/10\/CLY-3-.jpg?resize=640%2C240\" alt=\"cly-3\" width=\"640\" height=\"240\" srcset=\"https:\/\/i0.wp.com\/www.fabriceeulry-laboutique.com\/blog\/wp-content\/uploads\/2016\/10\/CLY-3-.jpg?w=826 826w, https:\/\/i0.wp.com\/www.fabriceeulry-laboutique.com\/blog\/wp-content\/uploads\/2016\/10\/CLY-3-.jpg?resize=300%2C113 300w, https:\/\/i0.wp.com\/www.fabriceeulry-laboutique.com\/blog\/wp-content\/uploads\/2016\/10\/CLY-3-.jpg?resize=768%2C288 768w\" sizes=\"auto, (max-width: 640px) 100vw, 640px\" \/><\/p>\n<p><strong><a style=\"color: #000000;\" href=\"https:\/\/i0.wp.com\/www.fabriceeulry-laboutique.com\/blog\/wp-content\/uploads\/2014\/11\/CLY-5-.jpg\"><img data-recalc-dims=\"1\" loading=\"lazy\" decoding=\"async\" class=\"aligncenter\" title=\"CLY 5\" src=\"https:\/\/i0.wp.com\/www.fabriceeulry-laboutique.com\/blog\/wp-content\/uploads\/2014\/11\/CLY-5-.jpg?resize=640%2C504\" alt=\"\" width=\"640\" height=\"504\" \/><\/a><\/strong><\/p>\n<h2 style=\"text-align: center;\"><strong style=\"color: #000000; font-size: 16px; line-height: 1.5;\"><a style=\"color: #000000;\" href=\"https:\/\/i0.wp.com\/www.fabriceeulry-laboutique.com\/blog\/wp-content\/uploads\/2014\/11\/CLY-2-.jpg\"><img data-recalc-dims=\"1\" loading=\"lazy\" decoding=\"async\" title=\"CLY 2\" src=\"https:\/\/i0.wp.com\/www.fabriceeulry-laboutique.com\/blog\/wp-content\/uploads\/2014\/11\/CLY-2-.jpg?resize=640%2C428\" alt=\"\" width=\"640\" height=\"428\" \/><\/a><\/strong><\/h2>\n<h2 style=\"text-align: center;\"><\/h2>\n<h2 style=\"text-align: center;\"><span style=\"color: #000000;\">Concerto en DO# mineur &#8211; Fabrice Eulry<\/span><\/h2>\n<div>\n<p style=\"text-align: center;\"><span style=\"color: #000000;\"><a style=\"color: #000000;\" href=\"http:\/\/www.fabriceeulry.com\/discographie.html\"><img data-recalc-dims=\"1\" decoding=\"async\" src=\"https:\/\/i0.wp.com\/www.fabriceeulry.com\/images\/cd\/pochette-concerto.png?w=640\" alt=\"Concerto en DO di\u00e8se mineur\" \/><\/a>\u00a0<em>cliquez sur l&rsquo;image pour le commander<\/em><\/span><\/p>\n<p style=\"text-align: center;\">\n<\/div>\n","protected":false},"excerpt":{"rendered":"<p>Le ch\u00e2teau de Claydael dans les Flandres,\u00a0 Le ch\u00e2teau m\u00e9di\u00e9val flamand et ses belles ouvertures pratiqu\u00e9es \u00e0 la Renaissance, a accueilli les 18 et 19 novembre 2016, mast\u00e8res classes et concerts, propos\u00e9s avec Fabrice Eulry pour R\u00e9sonnance Belgique\u00a0 Concerto en &hellip; <a href=\"http:\/\/www.fabriceeulry-laboutique.com\/blog\/?p=8952\">Continuer la lecture <span class=\"meta-nav\">&rarr;<\/span><\/a><\/p>\n","protected":false},"author":2,"featured_media":0,"comment_status":"open","ping_status":"open","sticky":false,"template":"","format":"standard","meta":{"jetpack_post_was_ever_published":false,"_jetpack_newsletter_access":"","_jetpack_dont_email_post_to_subs":true,"_jetpack_newsletter_tier_id":0,"_jetpack_memberships_contains_paywalled_content":false,"_jetpack_memberships_contains_paid_content":false,"footnotes":"","jetpack_publicize_message":"","jetpack_publicize_feature_enabled":true,"jetpack_social_post_already_shared":true,"jetpack_social_options":{"image_generator_settings":{"template":"highway","default_image_id":0,"font":"","enabled":false},"version":2}},"categories":[1],"tags":[12],"class_list":["post-8952","post","type-post","status-publish","format-standard","hentry","category-non-classe","tag-fondation-resonnance"],"jetpack_publicize_connections":[],"jetpack_featured_media_url":"","jetpack_sharing_enabled":true,"jetpack_shortlink":"https:\/\/wp.me\/p2D6dI-2ko","jetpack_likes_enabled":true,"jetpack-related-posts":[{"id":5870,"url":"http:\/\/www.fabriceeulry-laboutique.com\/blog\/?p=5870","url_meta":{"origin":8952,"position":0},"title":"RENAISSANCE DE RESONNANCE BELGIQUE","author":"Le Canard du pianiste","date":"6 novembre 2014","format":false,"excerpt":"\u00a0 \u00a0 Le ch\u00e2teau de Claydael dans les Flandres, accueillait le 31 octobre l'un des concerts de soutien \u00e0 la fondation R\u00e9sonnance dont la filiale belge n\u00e9cessitait un nouveau d\u00e9part.Un ch\u00e2teau m\u00e9di\u00e9val flamand avec de belles ouvertures pratiqu\u00e9es \u00e0 la Renaissance, et le voici pr\u00eat \u00e0 vous accueillir : \u00a0\u2026","rel":"","context":"Dans &quot;Non class\u00e9&quot;","block_context":{"text":"Non class\u00e9","link":"http:\/\/www.fabriceeulry-laboutique.com\/blog\/?cat=1"},"img":{"alt_text":"","src":"https:\/\/i0.wp.com\/www.fabriceeulry-laboutique.com\/blog\/wp-content\/uploads\/2014\/11\/CLY-5-.jpg?resize=350%2C200","width":350,"height":200,"srcset":"https:\/\/i0.wp.com\/www.fabriceeulry-laboutique.com\/blog\/wp-content\/uploads\/2014\/11\/CLY-5-.jpg?resize=350%2C200 1x, https:\/\/i0.wp.com\/www.fabriceeulry-laboutique.com\/blog\/wp-content\/uploads\/2014\/11\/CLY-5-.jpg?resize=525%2C300 1.5x"},"classes":[]},{"id":6218,"url":"http:\/\/www.fabriceeulry-laboutique.com\/blog\/?p=6218","url_meta":{"origin":8952,"position":1},"title":"RESONNANCE BELGIQUE : UNE AFFAIRE QUI ROULE","author":"Le Canard du pianiste","date":"16 janvier 2015","format":false,"excerpt":"\u00a0 \u00a0Entour\u00e9 de la pr\u00e9sidente de R\u00e9sonnance Belgique et de l'\u00e9chevin de Malines, en pr\u00e9ambule d'un concert dans une maison de retraite de la ville, a eu lieu ce 15 janvier 2015, en pr\u00e9sence de la presse, la remise d'un ch\u00e8que symbolique \u00e0 l'\u00e9tablissement. (Oui symbolique car en Belgique il\u2026","rel":"","context":"Dans &quot;Non class\u00e9&quot;","block_context":{"text":"Non class\u00e9","link":"http:\/\/www.fabriceeulry-laboutique.com\/blog\/?cat=1"},"img":{"alt_text":"","src":"https:\/\/i0.wp.com\/www.fabriceeulry-laboutique.com\/blog\/wp-content\/uploads\/2015\/01\/so--e1422284886735.jpg?resize=350%2C200","width":350,"height":200},"classes":[]},{"id":5615,"url":"http:\/\/www.fabriceeulry-laboutique.com\/blog\/?p=5615","url_meta":{"origin":8952,"position":2},"title":"POUR NOS AMIS BELGES","author":"Le Canard du pianiste","date":"17 septembre 2014","format":false,"excerpt":"Prochains \u00e9v\u00e8nements de R\u00e9sonnance Belgique \u00a0 \u00a0 \u00a0 \u00a0 \u00a0 \u00a0 ELIZABETH SOMBART & FABRICE EULRY N'attendez pas la derni\u00e8re minute pour r\u00e9server vos places car il n'y en a que 100. ENCORE\u00a020 PLACES J'esp\u00e8re que vous pourrez nous y rejoindre ! A bient\u00f4t, LE VENDREDI 31 OCTOBRE 2014 \u2013\u2026","rel":"","context":"Dans &quot;Non class\u00e9&quot;","block_context":{"text":"Non class\u00e9","link":"http:\/\/www.fabriceeulry-laboutique.com\/blog\/?cat=1"},"img":{"alt_text":"","src":"https:\/\/i0.wp.com\/www.fabriceeulry-laboutique.com\/blog\/wp-content\/uploads\/2014\/09\/du-1.jpg?resize=350%2C200","width":350,"height":200,"srcset":"https:\/\/i0.wp.com\/www.fabriceeulry-laboutique.com\/blog\/wp-content\/uploads\/2014\/09\/du-1.jpg?resize=350%2C200 1x, https:\/\/i0.wp.com\/www.fabriceeulry-laboutique.com\/blog\/wp-content\/uploads\/2014\/09\/du-1.jpg?resize=525%2C300 1.5x"},"classes":[]},{"id":4617,"url":"http:\/\/www.fabriceeulry-laboutique.com\/blog\/?p=4617","url_meta":{"origin":8952,"position":3},"title":"UNE BOUGIE POUR CHOPIN AVEC LE CHOPIN DU BOOGIE","author":"Le Canard du pianiste","date":"12 mars 2014","format":false,"excerpt":"\u00a0Pour f\u00eater la naissance de R\u00e9sonnance Belgique la fondation R\u00e9sonnance a cr\u00e9\u00e9 un \u00e9v\u00e8nement mixte avec Elizabeth Sombart et Fabrice Eulry Pour sa naissance, R\u00e9sonnance Belgique vous d\u00e9roule le tapis rouge ! \u00a0Les deux complices juste avant le concert posent pour la t\u00e9l\u00e9 flamande. Elizabeth Sombart : l'accord final de\u2026","rel":"","context":"Dans &quot;Non class\u00e9&quot;","block_context":{"text":"Non class\u00e9","link":"http:\/\/www.fabriceeulry-laboutique.com\/blog\/?cat=1"},"img":{"alt_text":"","src":"https:\/\/i0.wp.com\/www.fabriceeulry-laboutique.com\/blog\/wp-content\/uploads\/2014\/03\/res.jpg?resize=350%2C200","width":350,"height":200},"classes":[]},{"id":7626,"url":"http:\/\/www.fabriceeulry-laboutique.com\/blog\/?p=7626","url_meta":{"origin":8952,"position":4},"title":"BIJ ONZE VLAAMSE VRIENDEN (CHEZ NOS AMIS FLAMANDS)","author":"Le Canard du pianiste","date":"1 octobre 2015","format":false,"excerpt":"Bient\u00f4t un concert dans les Flandres qui va sensibiliser nos amis Belges \u00e0 l'action caritative de R\u00e9sonnance Belgique qui depuis un an, prend un merveilleux essor :\u00a0 \u00a0 Ici Lier, un bijou des Flandres : Cliquez sur l'image pour acc\u00e9der au site de la fondation R\u00e9sonnance d'Elizabeth Sombart et \u00e0\u2026","rel":"","context":"Dans &quot;Non class\u00e9&quot;","block_context":{"text":"Non class\u00e9","link":"http:\/\/www.fabriceeulry-laboutique.com\/blog\/?cat=1"},"img":{"alt_text":"","src":"https:\/\/i0.wp.com\/www.fabriceeulry-laboutique.com\/blog\/wp-content\/uploads\/2015\/10\/claydael2015.jpg?resize=350%2C200","width":350,"height":200,"srcset":"https:\/\/i0.wp.com\/www.fabriceeulry-laboutique.com\/blog\/wp-content\/uploads\/2015\/10\/claydael2015.jpg?resize=350%2C200 1x, https:\/\/i0.wp.com\/www.fabriceeulry-laboutique.com\/blog\/wp-content\/uploads\/2015\/10\/claydael2015.jpg?resize=525%2C300 1.5x"},"classes":[]},{"id":7719,"url":"http:\/\/www.fabriceeulry-laboutique.com\/blog\/?p=7719","url_meta":{"origin":8952,"position":5},"title":"UN QUATRE MAINS DANS LES FLANDRES","author":"Le Canard du pianiste","date":"17 octobre 2015","format":false,"excerpt":"Lors d'un des concerts en apr\u00e8s-midi donn\u00e9s pour la fondation R\u00e9sonnance Belgique, ce pensionnaire d'une maison de retraite s'invite aujourd'hui pour un quatre mains sur ma version de La foule. Il m'avouera ensuite \u00eatre pianiste et violoniste. Cliquez sur l'image pour voir la petite vid\u00e9o tourn\u00e9e par Elizabeth Sombart Concerto\u2026","rel":"","context":"Dans &quot;Non class\u00e9&quot;","block_context":{"text":"Non class\u00e9","link":"http:\/\/www.fabriceeulry-laboutique.com\/blog\/?cat=1"},"img":{"alt_text":"","src":"https:\/\/i0.wp.com\/www.fabriceeulry-laboutique.com\/blog\/wp-content\/uploads\/2015\/10\/home-.jpg?resize=350%2C200","width":350,"height":200,"srcset":"https:\/\/i0.wp.com\/www.fabriceeulry-laboutique.com\/blog\/wp-content\/uploads\/2015\/10\/home-.jpg?resize=350%2C200 1x, https:\/\/i0.wp.com\/www.fabriceeulry-laboutique.com\/blog\/wp-content\/uploads\/2015\/10\/home-.jpg?resize=525%2C300 1.5x, https:\/\/i0.wp.com\/www.fabriceeulry-laboutique.com\/blog\/wp-content\/uploads\/2015\/10\/home-.jpg?resize=700%2C400 2x"},"classes":[]}],"_links":{"self":[{"href":"http:\/\/www.fabriceeulry-laboutique.com\/blog\/index.php?rest_route=\/wp\/v2\/posts\/8952","targetHints":{"allow":["GET"]}}],"collection":[{"href":"http:\/\/www.fabriceeulry-laboutique.com\/blog\/index.php?rest_route=\/wp\/v2\/posts"}],"about":[{"href":"http:\/\/www.fabriceeulry-laboutique.com\/blog\/index.php?rest_route=\/wp\/v2\/types\/post"}],"author":[{"embeddable":true,"href":"http:\/\/www.fabriceeulry-laboutique.com\/blog\/index.php?rest_route=\/wp\/v2\/users\/2"}],"replies":[{"embeddable":true,"href":"http:\/\/www.fabriceeulry-laboutique.com\/blog\/index.php?rest_route=%2Fwp%2Fv2%2Fcomments&post=8952"}],"version-history":[{"count":2,"href":"http:\/\/www.fabriceeulry-laboutique.com\/blog\/index.php?rest_route=\/wp\/v2\/posts\/8952\/revisions"}],"predecessor-version":[{"id":8954,"href":"http:\/\/www.fabriceeulry-laboutique.com\/blog\/index.php?rest_route=\/wp\/v2\/posts\/8952\/revisions\/8954"}],"wp:attachment":[{"href":"http:\/\/www.fabriceeulry-laboutique.com\/blog\/index.php?rest_route=%2Fwp%2Fv2%2Fmedia&parent=8952"}],"wp:term":[{"taxonomy":"category","embeddable":true,"href":"http:\/\/www.fabriceeulry-laboutique.com\/blog\/index.php?rest_route=%2Fwp%2Fv2%2Fcategories&post=8952"},{"taxonomy":"post_tag","embeddable":true,"href":"http:\/\/www.fabriceeulry-laboutique.com\/blog\/index.php?rest_route=%2Fwp%2Fv2%2Ftags&post=8952"}],"curies":[{"name":"wp","href":"https:\/\/api.w.org\/{rel}","templated":true}]}}