{"id":9015,"date":"2016-11-28T05:26:59","date_gmt":"2016-11-28T05:26:59","guid":{"rendered":"http:\/\/www.fabriceeulry-laboutique.com\/blog\/?p=9015"},"modified":"2018-12-12T01:51:07","modified_gmt":"2018-12-12T01:51:07","slug":"gospel-en-saone-et-loire","status":"publish","type":"post","link":"http:\/\/www.fabriceeulry-laboutique.com\/blog\/?p=9015","title":{"rendered":"GOSPEL EN SA\u00d4NE ET LOIRE"},"content":{"rendered":"<h2 style=\"text-align: center;\"><strong><span style=\"color: #000000;\">Fabrice Eulry accompagnera samedi 3 d\u00e9cembre, un groupe de gospel de Lyon<\/span>\u00a0<span style=\"color: #000000;\">dont les chants<\/span>\u00a0<\/strong><span style=\"color: #000000;\">ponctueront une conf\u00e9rence qu&rsquo;il donnera sur cette musique en l&rsquo;\u00e9glise de Chiddes, qui accueillera cet \u00e9v\u00e8nement auquel le public pourra participer librement au profit de la restauration de la toiture de ce petit bijou roman dont le choeur date de l&rsquo;an mille.\u00a0<\/span><\/h2>\n<h2 style=\"text-align: center;\"><span style=\"color: #000000;\"><strong>L&rsquo;album le plus soul de Fabrice Eulry<\/strong><\/span><\/h2>\n<h2 style=\"text-align: center;\"><span style=\"color: #000000;\"><strong>Avec Gary Wiggins Gerard Marmet \u00e0 la batterie et Al Sanders \u00e0 la basse<\/strong><\/span><\/h2>\n<p style=\"text-align: center;\"><span style=\"color: #000000;\"><strong><em>(cliq<\/em><em>uez sur la pochette pour le commander)<\/em><\/strong><\/span><\/p>\n<p><a href=\"http:\/\/www.fabriceeulry.com\/discographie.html\"><img data-recalc-dims=\"1\" loading=\"lazy\" decoding=\"async\" class=\"size-full wp-image-6454 aligncenter\" src=\"https:\/\/i0.wp.com\/www.fabriceeulry-laboutique.com\/blog\/wp-content\/uploads\/2015\/02\/jook-.jpg?resize=358%2C357\" alt=\"jook\" width=\"358\" height=\"357\" srcset=\"https:\/\/i0.wp.com\/www.fabriceeulry-laboutique.com\/blog\/wp-content\/uploads\/2015\/02\/jook-.jpg?w=358 358w, https:\/\/i0.wp.com\/www.fabriceeulry-laboutique.com\/blog\/wp-content\/uploads\/2015\/02\/jook-.jpg?resize=150%2C150 150w, https:\/\/i0.wp.com\/www.fabriceeulry-laboutique.com\/blog\/wp-content\/uploads\/2015\/02\/jook-.jpg?resize=300%2C300 300w\" sizes=\"auto, (max-width: 358px) 100vw, 358px\" \/><\/a><\/p>\n","protected":false},"excerpt":{"rendered":"<p>Fabrice Eulry accompagnera samedi 3 d\u00e9cembre, un groupe de gospel de Lyon\u00a0dont les chants\u00a0ponctueront une conf\u00e9rence qu&rsquo;il donnera sur cette musique en l&rsquo;\u00e9glise de Chiddes, qui accueillera cet \u00e9v\u00e8nement auquel le public pourra participer librement au profit de la restauration &hellip; <a href=\"http:\/\/www.fabriceeulry-laboutique.com\/blog\/?p=9015\">Continuer la lecture <span class=\"meta-nav\">&rarr;<\/span><\/a><\/p>\n","protected":false},"author":2,"featured_media":0,"comment_status":"open","ping_status":"open","sticky":false,"template":"","format":"standard","meta":{"jetpack_post_was_ever_published":false,"_jetpack_newsletter_access":"","_jetpack_dont_email_post_to_subs":true,"_jetpack_newsletter_tier_id":0,"_jetpack_memberships_contains_paywalled_content":false,"_jetpack_memberships_contains_paid_content":false,"footnotes":"","jetpack_publicize_message":"","jetpack_publicize_feature_enabled":true,"jetpack_social_post_already_shared":true,"jetpack_social_options":{"image_generator_settings":{"template":"highway","default_image_id":0,"font":"","enabled":false},"version":2}},"categories":[1],"tags":[5],"class_list":["post-9015","post","type-post","status-publish","format-standard","hentry","category-non-classe","tag-gospel"],"jetpack_publicize_connections":[],"jetpack_featured_media_url":"","jetpack_sharing_enabled":true,"jetpack_shortlink":"https:\/\/wp.me\/p2D6dI-2lp","jetpack_likes_enabled":true,"jetpack-related-posts":[{"id":11164,"url":"http:\/\/www.fabriceeulry-laboutique.com\/blog\/?p=11164","url_meta":{"origin":9015,"position":0},"title":"DEUX MESSES DE NO\u00cbL GOSPEL 23 ET 24 D\u00c9CEMBRE \u00c0 LYON","author":"Le Canard du pianiste","date":"1 d\u00e9cembre 2018","format":false,"excerpt":"Propos\u00e9es par le choeur d'APOT SING et Fabrice Eulry. ---------------------------- \u00c9glise baptiste\u00a0 85 cours vitton Lyon 6\u00a0Pour le 23 d\u00e9cembre matin\u00a0 \u00a0Temple du change pour le 24 d\u00e9cembre soir\u00a0 2 place du change Lyon 5 \u00c0 droite, Apot chef de choeur. L'album le plus soul de Fabrice Eulry : Avec\u2026","rel":"","context":"Dans &quot;Non class\u00e9&quot;","block_context":{"text":"Non class\u00e9","link":"http:\/\/www.fabriceeulry-laboutique.com\/blog\/?cat=1"},"img":{"alt_text":"","src":"https:\/\/i0.wp.com\/www.fabriceeulry-laboutique.com\/blog\/wp-content\/uploads\/2018\/12\/temple-du-change.png?resize=350%2C200","width":350,"height":200},"classes":[]},{"id":9133,"url":"http:\/\/www.fabriceeulry-laboutique.com\/blog\/?p=9133","url_meta":{"origin":9015,"position":1},"title":"CONCERT DE GOSPEL POUR LA RESTAURATION D&rsquo;UNE EGLISE ROMANE","author":"Le Canard du pianiste","date":"14 janvier 2017","format":false,"excerpt":"Trois concerts pour commencer de financer un tel projet, et pour sensibiliser... Ce n'est pas la premi\u00e8re fois que cette d\u00e9marche s'av\u00e8re efficace. Souvenez-vous du duo Claude Bolling-Fabrice Eulry\u00a0(cliquez sur l'image des comp\u00e8res pour lire cet ancien article du Canard du pianiste)\u00a0qui lan\u00e7a la restauration de la Chapelle Saint-Joseph de\u2026","rel":"","context":"Dans &quot;Non class\u00e9&quot;","block_context":{"text":"Non class\u00e9","link":"http:\/\/www.fabriceeulry-laboutique.com\/blog\/?cat=1"},"img":{"alt_text":"","src":"https:\/\/i0.wp.com\/www.fabriceeulry-laboutique.com\/blog\/wp-content\/uploads\/2017\/01\/jos.png?resize=350%2C200","width":350,"height":200,"srcset":"https:\/\/i0.wp.com\/www.fabriceeulry-laboutique.com\/blog\/wp-content\/uploads\/2017\/01\/jos.png?resize=350%2C200 1x, https:\/\/i0.wp.com\/www.fabriceeulry-laboutique.com\/blog\/wp-content\/uploads\/2017\/01\/jos.png?resize=525%2C300 1.5x"},"classes":[]},{"id":11872,"url":"http:\/\/www.fabriceeulry-laboutique.com\/blog\/?p=11872","url_meta":{"origin":9015,"position":2},"title":"LES ROLLING TWISTERS S\u00c8MENT LA PANIQUE \u00c0 ST GENIEZ","author":"Le Canard du pianiste","date":"20 mai 2019","format":false,"excerpt":"Les Rolling twisters emmen\u00e9s par Fabrice Eulry ont tout d'abord fait leur entr\u00e9e en jouant, en p\u00e9n\u00e9trant \u00e0 l'int\u00e9rieur \u00e0 bord de leur Fiat 500. Apr\u00e8s avoir chauff\u00e9 la salle avec quelques twists, ils ont pr\u00e9sent\u00e9 Al Sanders, qui \u00e0 la basse et au chant a soulev\u00e9 l'enthousiasme avec un\u2026","rel":"","context":"Dans &quot;Non class\u00e9&quot;","block_context":{"text":"Non class\u00e9","link":"http:\/\/www.fabriceeulry-laboutique.com\/blog\/?cat=1"},"img":{"alt_text":"","src":"https:\/\/i0.wp.com\/www.fabriceeulry-laboutique.com\/blog\/wp-content\/uploads\/2019\/05\/Gen10.png?resize=350%2C200","width":350,"height":200,"srcset":"https:\/\/i0.wp.com\/www.fabriceeulry-laboutique.com\/blog\/wp-content\/uploads\/2019\/05\/Gen10.png?resize=350%2C200 1x, https:\/\/i0.wp.com\/www.fabriceeulry-laboutique.com\/blog\/wp-content\/uploads\/2019\/05\/Gen10.png?resize=525%2C300 1.5x, https:\/\/i0.wp.com\/www.fabriceeulry-laboutique.com\/blog\/wp-content\/uploads\/2019\/05\/Gen10.png?resize=700%2C400 2x"},"classes":[]},{"id":12643,"url":"http:\/\/www.fabriceeulry-laboutique.com\/blog\/?p=12643","url_meta":{"origin":9015,"position":3},"title":"BLUES EN AVEYRON F\u00caTE SES 5 ANS","author":"Le Canard du pianiste","date":"17 septembre 2022","format":false,"excerpt":"Voici la billetterie en ligne : https:\/\/my.weezevent.com\/blues-en-aveyron-2022 Les billets seront \u00e9galement disponibles \u00e0 la librairie du Pont-virgule d'Espalion \u00e0 partir du samedi 24 septembre Du 20 au 23 octobre 2022, la sixi\u00e8me \u00e9dition du festival vous propose : Emilie Hedou et Fabrice Eulry : \"Emilie Hedou et Fabrice Eulry :\u2026","rel":"","context":"Dans &quot;Non class\u00e9&quot;","block_context":{"text":"Non class\u00e9","link":"http:\/\/www.fabriceeulry-laboutique.com\/blog\/?cat=1"},"img":{"alt_text":"","src":"https:\/\/i0.wp.com\/www.fabriceeulry-laboutique.com\/blog\/wp-content\/uploads\/2022\/09\/Emilie-Fab.png?resize=350%2C200","width":350,"height":200,"srcset":"https:\/\/i0.wp.com\/www.fabriceeulry-laboutique.com\/blog\/wp-content\/uploads\/2022\/09\/Emilie-Fab.png?resize=350%2C200 1x, https:\/\/i0.wp.com\/www.fabriceeulry-laboutique.com\/blog\/wp-content\/uploads\/2022\/09\/Emilie-Fab.png?resize=525%2C300 1.5x, https:\/\/i0.wp.com\/www.fabriceeulry-laboutique.com\/blog\/wp-content\/uploads\/2022\/09\/Emilie-Fab.png?resize=700%2C400 2x, https:\/\/i0.wp.com\/www.fabriceeulry-laboutique.com\/blog\/wp-content\/uploads\/2022\/09\/Emilie-Fab.png?resize=1050%2C600 3x, https:\/\/i0.wp.com\/www.fabriceeulry-laboutique.com\/blog\/wp-content\/uploads\/2022\/09\/Emilie-Fab.png?resize=1400%2C800 4x"},"classes":[]},{"id":10886,"url":"http:\/\/www.fabriceeulry-laboutique.com\/blog\/?p=10886","url_meta":{"origin":9015,"position":4},"title":"MESSE","author":"Le Canard du pianiste","date":"11 ao\u00fbt 2018","format":false,"excerpt":"\u00a0Ce dimanche 12 ao\u00fbt \u00e0 11 heures : MESSE donn\u00e9e dans l'\u00e9glise paroissiale d'Espalion, avec au piano, Fabrice Eulry : r\u00e9pertoire sacr\u00e9 : Bach, Gounod, et gospel.","rel":"","context":"Dans &quot;Non class\u00e9&quot;","block_context":{"text":"Non class\u00e9","link":"http:\/\/www.fabriceeulry-laboutique.com\/blog\/?cat=1"},"img":{"alt_text":"eglise espalion","src":"https:\/\/i0.wp.com\/www.fabriceeulry-laboutique.com\/blog\/wp-content\/uploads\/2018\/01\/eglise-espalion.png?resize=350%2C200","width":350,"height":200},"classes":[]},{"id":8598,"url":"http:\/\/www.fabriceeulry-laboutique.com\/blog\/?p=8598","url_meta":{"origin":9015,"position":5},"title":"ENTRETIEN AVEC AYMERIC MAHIEU","author":"Le Canard du pianiste","date":"1 juillet 2016","format":false,"excerpt":"Le compositeur et pianiste du pays de Saint-Malo a propos\u00e9 un entretien \u00e0 Fabrice Eulry dont le Canard du pianiste vous livre les premi\u00e8res lignes \u00a0: Cliquez sur le cadre pour acc\u00e9der au site d'Aymeric Mahieu et lire l'int\u00e9gralit\u00e9 de l'entretien http:\/\/aymeric-mahieu.com\/piano-boogie-woogie-fabrice-eulry\/","rel":"","context":"Dans &quot;Non class\u00e9&quot;","block_context":{"text":"Non class\u00e9","link":"http:\/\/www.fabriceeulry-laboutique.com\/blog\/?cat=1"},"img":{"alt_text":"mahieu","src":"https:\/\/i0.wp.com\/www.fabriceeulry-laboutique.com\/blog\/wp-content\/uploads\/2016\/06\/mahieu-300x147.jpg?resize=350%2C200","width":350,"height":200},"classes":[]}],"_links":{"self":[{"href":"http:\/\/www.fabriceeulry-laboutique.com\/blog\/index.php?rest_route=\/wp\/v2\/posts\/9015","targetHints":{"allow":["GET"]}}],"collection":[{"href":"http:\/\/www.fabriceeulry-laboutique.com\/blog\/index.php?rest_route=\/wp\/v2\/posts"}],"about":[{"href":"http:\/\/www.fabriceeulry-laboutique.com\/blog\/index.php?rest_route=\/wp\/v2\/types\/post"}],"author":[{"embeddable":true,"href":"http:\/\/www.fabriceeulry-laboutique.com\/blog\/index.php?rest_route=\/wp\/v2\/users\/2"}],"replies":[{"embeddable":true,"href":"http:\/\/www.fabriceeulry-laboutique.com\/blog\/index.php?rest_route=%2Fwp%2Fv2%2Fcomments&post=9015"}],"version-history":[{"count":6,"href":"http:\/\/www.fabriceeulry-laboutique.com\/blog\/index.php?rest_route=\/wp\/v2\/posts\/9015\/revisions"}],"predecessor-version":[{"id":9029,"href":"http:\/\/www.fabriceeulry-laboutique.com\/blog\/index.php?rest_route=\/wp\/v2\/posts\/9015\/revisions\/9029"}],"wp:attachment":[{"href":"http:\/\/www.fabriceeulry-laboutique.com\/blog\/index.php?rest_route=%2Fwp%2Fv2%2Fmedia&parent=9015"}],"wp:term":[{"taxonomy":"category","embeddable":true,"href":"http:\/\/www.fabriceeulry-laboutique.com\/blog\/index.php?rest_route=%2Fwp%2Fv2%2Fcategories&post=9015"},{"taxonomy":"post_tag","embeddable":true,"href":"http:\/\/www.fabriceeulry-laboutique.com\/blog\/index.php?rest_route=%2Fwp%2Fv2%2Ftags&post=9015"}],"curies":[{"name":"wp","href":"https:\/\/api.w.org\/{rel}","templated":true}]}}