{"id":9057,"date":"2016-12-11T17:31:57","date_gmt":"2016-12-11T17:31:57","guid":{"rendered":"http:\/\/www.fabriceeulry-laboutique.com\/blog\/?p=9057"},"modified":"2018-12-12T01:54:05","modified_gmt":"2018-12-12T01:54:05","slug":"quelques-instants-de-grace","status":"publish","type":"post","link":"http:\/\/www.fabriceeulry-laboutique.com\/blog\/?p=9057","title":{"rendered":"QUELQUES INSTANTS DE GR\u00c2CE"},"content":{"rendered":"<h2 style=\"text-align: center;\"><span style=\"color: #000000;\"><strong>\u00a0En me permettant de donner la musique vivante l\u00e0 o\u00f9 on ne la trouve pas, la Fondation<a href=\"http:\/\/resonnance.org\"> R\u00e9sonnance<\/a>\u00a0permet l&rsquo;oubli de notre condition, en la transfigurant m\u00eame dans des moments de bonheur, \u00e0 l&rsquo;instar de cette femme qui soudain se met \u00e0 danser avec l\u00e9g\u00e8ret\u00e9 lors d&rsquo;un de mes concerts dans les maisons de retraite. <\/strong><\/span><\/h2>\n<h2 style=\"text-align: center;\"><span style=\"color: #000000;\"><strong><span style=\"color: #000000;\">Fabrice Eulry.<\/span><\/strong><\/span><\/h2>\n<p>&nbsp;<\/p>\n<div style=\"width: 640px;\" class=\"wp-video\"><video class=\"wp-video-shortcode\" id=\"video-9057-1\" width=\"640\" height=\"360\" preload=\"metadata\" controls=\"controls\"><source type=\"video\/mp4\" src=\"http:\/\/www.fabriceeulry-laboutique.com\/blog\/wp-content\/uploads\/2016\/12\/VIDEO0133.mp4?_=1\" \/><a href=\"http:\/\/www.fabriceeulry-laboutique.com\/blog\/wp-content\/uploads\/2016\/12\/VIDEO0133.mp4\">http:\/\/www.fabriceeulry-laboutique.com\/blog\/wp-content\/uploads\/2016\/12\/VIDEO0133.mp4<\/a><\/video><\/div>\n<h2 style=\"text-align: center;\"><span style=\"color: #000000;\"><strong>Merci \u00e0 Boris pour ces images fugaces.<\/strong><\/span><\/h2>\n<h2 style=\"text-align: center;\"><span style=\"color: #000000;\">R\u00e9sonnance vit gr\u00e2ce \u00e0 votre <a href=\"http:\/\/resonnance.org\/resonnance\/soutenir-la-fondation\">g\u00e9n\u00e9rosit\u00e9<\/a>. Cette fondation est d&rsquo;utilit\u00e9 publique, vos dons sont d\u00e9ductibles de vos imp\u00f4ts.<\/span><\/h2>\n","protected":false},"excerpt":{"rendered":"<p>\u00a0En me permettant de donner la musique vivante l\u00e0 o\u00f9 on ne la trouve pas, la Fondation R\u00e9sonnance\u00a0permet l&rsquo;oubli de notre condition, en la transfigurant m\u00eame dans des moments de bonheur, \u00e0 l&rsquo;instar de cette femme qui soudain se met &hellip; <a href=\"http:\/\/www.fabriceeulry-laboutique.com\/blog\/?p=9057\">Continuer la lecture <span class=\"meta-nav\">&rarr;<\/span><\/a><\/p>\n","protected":false},"author":2,"featured_media":0,"comment_status":"open","ping_status":"open","sticky":false,"template":"","format":"standard","meta":{"jetpack_post_was_ever_published":false,"_jetpack_newsletter_access":"","_jetpack_dont_email_post_to_subs":true,"_jetpack_newsletter_tier_id":0,"_jetpack_memberships_contains_paywalled_content":false,"_jetpack_memberships_contains_paid_content":false,"footnotes":"","jetpack_publicize_message":"","jetpack_publicize_feature_enabled":true,"jetpack_social_post_already_shared":true,"jetpack_social_options":{"image_generator_settings":{"template":"highway","default_image_id":0,"font":"","enabled":false},"version":2}},"categories":[1],"tags":[12],"class_list":["post-9057","post","type-post","status-publish","format-standard","hentry","category-non-classe","tag-fondation-resonnance"],"jetpack_publicize_connections":[],"jetpack_featured_media_url":"","jetpack_sharing_enabled":true,"jetpack_shortlink":"https:\/\/wp.me\/p2D6dI-2m5","jetpack_likes_enabled":true,"jetpack-related-posts":[{"id":6080,"url":"http:\/\/www.fabriceeulry-laboutique.com\/blog\/?p=6080","url_meta":{"origin":9057,"position":0},"title":"ELIZABETH SOMBART JOUE POUR LES ENFANTS PALESTINIENS AU LIBAN","author":"Le Canard du pianiste","date":"19 d\u00e9cembre 2014","format":false,"excerpt":"\u00a0Apr\u00e8s le ciel de Toscane, \u00a0c'est un ciel bleu d'hiver mais aussi d'espoir qui accueille Elizabeth Sombart la cr\u00e9atrice de la Fondation R\u00e9sonnance, qui donne ici un concert pour les enfants palestiniens. Et tout le monde attend, impatient. Cliquez sur l'image pour visionnez cette courte mais chaleureuse vid\u00e9o. La marche\u2026","rel":"","context":"Dans &quot;Non class\u00e9&quot;","block_context":{"text":"Non class\u00e9","link":"http:\/\/www.fabriceeulry-laboutique.com\/blog\/?cat=1"},"img":{"alt_text":"","src":"https:\/\/i0.wp.com\/www.fabriceeulry-laboutique.com\/blog\/wp-content\/uploads\/2014\/12\/lia-.jpg?resize=350%2C200","width":350,"height":200,"srcset":"https:\/\/i0.wp.com\/www.fabriceeulry-laboutique.com\/blog\/wp-content\/uploads\/2014\/12\/lia-.jpg?resize=350%2C200 1x, https:\/\/i0.wp.com\/www.fabriceeulry-laboutique.com\/blog\/wp-content\/uploads\/2014\/12\/lia-.jpg?resize=525%2C300 1.5x, https:\/\/i0.wp.com\/www.fabriceeulry-laboutique.com\/blog\/wp-content\/uploads\/2014\/12\/lia-.jpg?resize=700%2C400 2x"},"classes":[]},{"id":7070,"url":"http:\/\/www.fabriceeulry-laboutique.com\/blog\/?p=7070","url_meta":{"origin":9057,"position":1},"title":"FABRICE EULRY EN TOURNEE AU LIBAN (SUITE)","author":"Le Canard du pianiste","date":"10 juin 2015","format":false,"excerpt":"Il manquait au pr\u00e9c\u00e9dent\u00a0article sur cette tourn\u00e9e organis\u00e9e par la fondation R\u00e9sonnance ce petit extrait de Domino qui parmi d'autres chansons fran\u00e7aises connues de ce public libanais palestinien et syrien, ont \u00e9t\u00e9 jou\u00e9es \u00e0 l'h\u00f4pital\u00a0Dar Al Ajaza au lieu dit Sabra et Chatila (cliquez sur l'image pour acc\u00e9der \u00e0 la\u2026","rel":"","context":"Dans &quot;Non class\u00e9&quot;","block_context":{"text":"Non class\u00e9","link":"http:\/\/www.fabriceeulry-laboutique.com\/blog\/?cat=1"},"img":{"alt_text":"","src":"https:\/\/i0.wp.com\/www.fabriceeulry-laboutique.com\/blog\/wp-content\/uploads\/2015\/05\/liban-B-.jpg?resize=350%2C200","width":350,"height":200,"srcset":"https:\/\/i0.wp.com\/www.fabriceeulry-laboutique.com\/blog\/wp-content\/uploads\/2015\/05\/liban-B-.jpg?resize=350%2C200 1x, https:\/\/i0.wp.com\/www.fabriceeulry-laboutique.com\/blog\/wp-content\/uploads\/2015\/05\/liban-B-.jpg?resize=525%2C300 1.5x, https:\/\/i0.wp.com\/www.fabriceeulry-laboutique.com\/blog\/wp-content\/uploads\/2015\/05\/liban-B-.jpg?resize=700%2C400 2x"},"classes":[]},{"id":6218,"url":"http:\/\/www.fabriceeulry-laboutique.com\/blog\/?p=6218","url_meta":{"origin":9057,"position":2},"title":"RESONNANCE BELGIQUE : UNE AFFAIRE QUI ROULE","author":"Le Canard du pianiste","date":"16 janvier 2015","format":false,"excerpt":"\u00a0 \u00a0Entour\u00e9 de la pr\u00e9sidente de R\u00e9sonnance Belgique et de l'\u00e9chevin de Malines, en pr\u00e9ambule d'un concert dans une maison de retraite de la ville, a eu lieu ce 15 janvier 2015, en pr\u00e9sence de la presse, la remise d'un ch\u00e8que symbolique \u00e0 l'\u00e9tablissement. (Oui symbolique car en Belgique il\u2026","rel":"","context":"Dans &quot;Non class\u00e9&quot;","block_context":{"text":"Non class\u00e9","link":"http:\/\/www.fabriceeulry-laboutique.com\/blog\/?cat=1"},"img":{"alt_text":"","src":"https:\/\/i0.wp.com\/www.fabriceeulry-laboutique.com\/blog\/wp-content\/uploads\/2015\/01\/so--e1422284886735.jpg?resize=350%2C200","width":350,"height":200},"classes":[]},{"id":7626,"url":"http:\/\/www.fabriceeulry-laboutique.com\/blog\/?p=7626","url_meta":{"origin":9057,"position":3},"title":"BIJ ONZE VLAAMSE VRIENDEN (CHEZ NOS AMIS FLAMANDS)","author":"Le Canard du pianiste","date":"1 octobre 2015","format":false,"excerpt":"Bient\u00f4t un concert dans les Flandres qui va sensibiliser nos amis Belges \u00e0 l'action caritative de R\u00e9sonnance Belgique qui depuis un an, prend un merveilleux essor :\u00a0 \u00a0 Ici Lier, un bijou des Flandres : Cliquez sur l'image pour acc\u00e9der au site de la fondation R\u00e9sonnance d'Elizabeth Sombart et \u00e0\u2026","rel":"","context":"Dans &quot;Non class\u00e9&quot;","block_context":{"text":"Non class\u00e9","link":"http:\/\/www.fabriceeulry-laboutique.com\/blog\/?cat=1"},"img":{"alt_text":"","src":"https:\/\/i0.wp.com\/www.fabriceeulry-laboutique.com\/blog\/wp-content\/uploads\/2015\/10\/claydael2015.jpg?resize=350%2C200","width":350,"height":200,"srcset":"https:\/\/i0.wp.com\/www.fabriceeulry-laboutique.com\/blog\/wp-content\/uploads\/2015\/10\/claydael2015.jpg?resize=350%2C200 1x, https:\/\/i0.wp.com\/www.fabriceeulry-laboutique.com\/blog\/wp-content\/uploads\/2015\/10\/claydael2015.jpg?resize=525%2C300 1.5x"},"classes":[]},{"id":6460,"url":"http:\/\/www.fabriceeulry-laboutique.com\/blog\/?p=6460","url_meta":{"origin":9057,"position":4},"title":"ELIZABETH SOMBART EN ITALIE","author":"Le Canard du pianiste","date":"26 f\u00e9vrier 2015","format":false,"excerpt":"La voici \u00e0 Cotolengo Apr\u00e8s l'Espagne, c'est donc l'Italie et ce sera le Liban avec Fabrice Eulry d\u00e9but mai. Elizabeth sombart outre sa carri\u00e8re internationale personnelle, donne inlassablement de sa personne dans les pays des filiales de la fondation R\u00e9sonnance dont elle est la cr\u00e9atrice. PROCHAIN CONCERT DE SOUTIEN AU\u2026","rel":"","context":"Dans &quot;Non class\u00e9&quot;","block_context":{"text":"Non class\u00e9","link":"http:\/\/www.fabriceeulry-laboutique.com\/blog\/?cat=1"},"img":{"alt_text":"","src":"https:\/\/i0.wp.com\/www.fabriceeulry-laboutique.com\/blog\/wp-content\/uploads\/2015\/02\/vit-.jpg?resize=350%2C200","width":350,"height":200},"classes":[]}],"_links":{"self":[{"href":"http:\/\/www.fabriceeulry-laboutique.com\/blog\/index.php?rest_route=\/wp\/v2\/posts\/9057","targetHints":{"allow":["GET"]}}],"collection":[{"href":"http:\/\/www.fabriceeulry-laboutique.com\/blog\/index.php?rest_route=\/wp\/v2\/posts"}],"about":[{"href":"http:\/\/www.fabriceeulry-laboutique.com\/blog\/index.php?rest_route=\/wp\/v2\/types\/post"}],"author":[{"embeddable":true,"href":"http:\/\/www.fabriceeulry-laboutique.com\/blog\/index.php?rest_route=\/wp\/v2\/users\/2"}],"replies":[{"embeddable":true,"href":"http:\/\/www.fabriceeulry-laboutique.com\/blog\/index.php?rest_route=%2Fwp%2Fv2%2Fcomments&post=9057"}],"version-history":[{"count":4,"href":"http:\/\/www.fabriceeulry-laboutique.com\/blog\/index.php?rest_route=\/wp\/v2\/posts\/9057\/revisions"}],"predecessor-version":[{"id":9062,"href":"http:\/\/www.fabriceeulry-laboutique.com\/blog\/index.php?rest_route=\/wp\/v2\/posts\/9057\/revisions\/9062"}],"wp:attachment":[{"href":"http:\/\/www.fabriceeulry-laboutique.com\/blog\/index.php?rest_route=%2Fwp%2Fv2%2Fmedia&parent=9057"}],"wp:term":[{"taxonomy":"category","embeddable":true,"href":"http:\/\/www.fabriceeulry-laboutique.com\/blog\/index.php?rest_route=%2Fwp%2Fv2%2Fcategories&post=9057"},{"taxonomy":"post_tag","embeddable":true,"href":"http:\/\/www.fabriceeulry-laboutique.com\/blog\/index.php?rest_route=%2Fwp%2Fv2%2Ftags&post=9057"}],"curies":[{"name":"wp","href":"https:\/\/api.w.org\/{rel}","templated":true}]}}