{"id":9100,"date":"2016-12-23T15:19:59","date_gmt":"2016-12-23T15:19:59","guid":{"rendered":"http:\/\/www.fabriceeulry-laboutique.com\/blog\/?p=9100"},"modified":"2018-12-12T01:57:13","modified_gmt":"2018-12-12T01:57:13","slug":"cloclo-parodie-par-robeurt-feneck","status":"publish","type":"post","link":"http:\/\/www.fabriceeulry-laboutique.com\/blog\/?p=9100","title":{"rendered":"CLOCLO PARODI\u00c9 PAR ROBEURT F\u00c9NECK"},"content":{"rendered":"<h2 style=\"text-align: center;\"><span style=\"color: #000000;\"><strong>Le t\u00e9l\u00e9phone pleure, mais des larmes de crocodile dans cette parodie caustique \u00e9crite et jou\u00e9e par Robeurt F\u00e9neck, et sa partenaire Alice !<\/strong><\/span><\/h2>\n<p><span class=\"embed-youtube\" style=\"text-align:center; display: block;\"><iframe loading=\"lazy\" class=\"youtube-player\" width=\"640\" height=\"360\" src=\"https:\/\/www.youtube.com\/embed\/eaj2ivFrBog?version=3&#038;rel=1&#038;showsearch=0&#038;showinfo=1&#038;iv_load_policy=1&#038;fs=1&#038;hl=fr-FR&#038;autohide=2&#038;wmode=transparent\" allowfullscreen=\"true\" style=\"border:0;\" sandbox=\"allow-scripts allow-same-origin allow-popups allow-presentation allow-popups-to-escape-sandbox\"><\/iframe><\/span><\/p>\n<h2 style=\"text-align: center;\"><span style=\"color: #000000;\"><strong>&#8230; Accompagn\u00e9s au piano par Fabrice Eulry.<\/strong><\/span><\/h2>\n<h2 style=\"text-align: center;\"><span style=\"color: #000000;\"><em>cliquez sur l&rsquo;image pour visionner<\/em><\/span><\/h2>\n","protected":false},"excerpt":{"rendered":"<p>Le t\u00e9l\u00e9phone pleure, mais des larmes de crocodile dans cette parodie caustique \u00e9crite et jou\u00e9e par Robeurt F\u00e9neck, et sa partenaire Alice ! &#8230; Accompagn\u00e9s au piano par Fabrice Eulry. cliquez sur l&rsquo;image pour visionner<\/p>\n","protected":false},"author":2,"featured_media":0,"comment_status":"open","ping_status":"open","sticky":false,"template":"","format":"standard","meta":{"jetpack_post_was_ever_published":false,"_jetpack_newsletter_access":"","_jetpack_dont_email_post_to_subs":true,"_jetpack_newsletter_tier_id":0,"_jetpack_memberships_contains_paywalled_content":false,"_jetpack_memberships_contains_paid_content":false,"footnotes":"","jetpack_publicize_message":"","jetpack_publicize_feature_enabled":true,"jetpack_social_post_already_shared":true,"jetpack_social_options":{"image_generator_settings":{"template":"highway","default_image_id":0,"font":"","enabled":false},"version":2}},"categories":[1],"tags":[40],"class_list":["post-9100","post","type-post","status-publish","format-standard","hentry","category-non-classe","tag-clips"],"jetpack_publicize_connections":[],"jetpack_featured_media_url":"","jetpack_sharing_enabled":true,"jetpack_shortlink":"https:\/\/wp.me\/p2D6dI-2mM","jetpack_likes_enabled":true,"jetpack-related-posts":[{"id":12793,"url":"http:\/\/www.fabriceeulry-laboutique.com\/blog\/?p=12793","url_meta":{"origin":9100,"position":0},"title":"BACK TO THE 80&rsquo;S","author":"Le Canard du pianiste","date":"24 septembre 2023","format":false,"excerpt":"Apr\u00e8s les ann\u00e9es 60 puis 70, le duo Fabrice-Alice Eulry nous offre les ann\u00e9es 80 \u00e0 l'Archipel, avec Octave Eulry en renfort sur quelques morceaux \u00e0 la batterie. Pas de limite de genre ni de registre ; bien s\u00fbr les clich\u00e9s des ann\u00e9es 80 seront mis en valeur, jusqu'\u00e0 la\u2026","rel":"","context":"Dans &quot;Non class\u00e9&quot;","block_context":{"text":"Non class\u00e9","link":"http:\/\/www.fabriceeulry-laboutique.com\/blog\/?cat=1"},"img":{"alt_text":"","src":"https:\/\/i0.wp.com\/www.fabriceeulry-laboutique.com\/blog\/wp-content\/uploads\/2023\/09\/back2to80.png?resize=350%2C200","width":350,"height":200,"srcset":"https:\/\/i0.wp.com\/www.fabriceeulry-laboutique.com\/blog\/wp-content\/uploads\/2023\/09\/back2to80.png?resize=350%2C200 1x, https:\/\/i0.wp.com\/www.fabriceeulry-laboutique.com\/blog\/wp-content\/uploads\/2023\/09\/back2to80.png?resize=525%2C300 1.5x, https:\/\/i0.wp.com\/www.fabriceeulry-laboutique.com\/blog\/wp-content\/uploads\/2023\/09\/back2to80.png?resize=700%2C400 2x, https:\/\/i0.wp.com\/www.fabriceeulry-laboutique.com\/blog\/wp-content\/uploads\/2023\/09\/back2to80.png?resize=1050%2C600 3x, https:\/\/i0.wp.com\/www.fabriceeulry-laboutique.com\/blog\/wp-content\/uploads\/2023\/09\/back2to80.png?resize=1400%2C800 4x"},"classes":[]},{"id":9122,"url":"http:\/\/www.fabriceeulry-laboutique.com\/blog\/?p=9122","url_meta":{"origin":9100,"position":1},"title":"FABRICE EULRY INVIT\u00c9 PAR ANNE BRASSI\u00c9","author":"Le Canard du pianiste","date":"10 janvier 2017","format":false,"excerpt":"Certes la diversit\u00e9 musicale est d\u00e9m\u00e9diatis\u00e9e, concentration et main mise des grands groupes dont la vocation est avant tout de vendre leurs ersatz jetables obligent. Mais l'Internet prend un relais salutaire ! C'est gr\u00e2ce une T\u00e9l\u00e9 sur Internet, qui ne vit que des cotisations de ses auditeurs, que Fabrice Eulry\u2026","rel":"","context":"Dans &quot;Non class\u00e9&quot;","block_context":{"text":"Non class\u00e9","link":"http:\/\/www.fabriceeulry-laboutique.com\/blog\/?cat=1"},"img":{"alt_text":"","src":"https:\/\/i0.wp.com\/www.fabriceeulry-laboutique.com\/blog\/wp-content\/uploads\/2017\/01\/cortot-2017.png?resize=350%2C200","width":350,"height":200},"classes":[]},{"id":9976,"url":"http:\/\/www.fabriceeulry-laboutique.com\/blog\/?p=9976","url_meta":{"origin":9100,"position":2},"title":"LE PHILHARMONIQUE DE KHARKOV ET FABRICE EULRY EN TOURN\u00c9E","author":"Le Canard du pianiste","date":"22 d\u00e9cembre 2017","format":false,"excerpt":"Fabrice Eulry et l'orchestre philharmonique de Kharkov seront en France et en Belgique pour une tourn\u00e9e exceptionnelle au mois de mars 2018 : 7 mars Salle Charcot de Marcq en Baroeul 20h R\u00e9servations en ligne :\u00a0 R\u00e9servations par courriel :\u00a0milana.v75@gmail.com Point de vente : La maison du piano : Rue\u2026","rel":"","context":"Dans &quot;Non class\u00e9&quot;","block_context":{"text":"Non class\u00e9","link":"http:\/\/www.fabriceeulry-laboutique.com\/blog\/?cat=1"},"img":{"alt_text":"","src":"https:\/\/i0.wp.com\/www.fabriceeulry-laboutique.com\/blog\/wp-content\/uploads\/2017\/12\/kh.png?resize=350%2C200","width":350,"height":200,"srcset":"https:\/\/i0.wp.com\/www.fabriceeulry-laboutique.com\/blog\/wp-content\/uploads\/2017\/12\/kh.png?resize=350%2C200 1x, https:\/\/i0.wp.com\/www.fabriceeulry-laboutique.com\/blog\/wp-content\/uploads\/2017\/12\/kh.png?resize=525%2C300 1.5x"},"classes":[]},{"id":7545,"url":"http:\/\/www.fabriceeulry-laboutique.com\/blog\/?p=7545","url_meta":{"origin":9100,"position":3},"title":"UN BEAU COIN DE FRANCE OUBLIE","author":"Le Canard du pianiste","date":"23 septembre 2015","format":false,"excerpt":"Oubli\u00e9 pour le meilleur par les rocades, les rond-points, les grandes surfaces, les tags, les turbulences de la mondialisation... Oubli\u00e9 pour le pire par les pr\u00e9jug\u00e9s ou l'indiff\u00e9rence \u00e0 l'\u00e9gard d'un art de vivre charmant et d\u00e9suet, issu d'un pass\u00e9 encore si proche que l'on peut encore s'en laisser caresser\u2026","rel":"","context":"Dans &quot;Non class\u00e9&quot;","block_context":{"text":"Non class\u00e9","link":"http:\/\/www.fabriceeulry-laboutique.com\/blog\/?cat=1"},"img":{"alt_text":"","src":"https:\/\/i0.wp.com\/www.fabriceeulry-laboutique.com\/blog\/wp-content\/uploads\/2015\/09\/bristol-.jpg?resize=350%2C200","width":350,"height":200,"srcset":"https:\/\/i0.wp.com\/www.fabriceeulry-laboutique.com\/blog\/wp-content\/uploads\/2015\/09\/bristol-.jpg?resize=350%2C200 1x, https:\/\/i0.wp.com\/www.fabriceeulry-laboutique.com\/blog\/wp-content\/uploads\/2015\/09\/bristol-.jpg?resize=525%2C300 1.5x, https:\/\/i0.wp.com\/www.fabriceeulry-laboutique.com\/blog\/wp-content\/uploads\/2015\/09\/bristol-.jpg?resize=700%2C400 2x"},"classes":[]},{"id":9896,"url":"http:\/\/www.fabriceeulry-laboutique.com\/blog\/?p=9896","url_meta":{"origin":9100,"position":4},"title":"PHILHARMONIQUE DE KHARKOV AVEC FABRICE EULRY : LA TOURN\u00c9E S&rsquo;ALLONGE ENCORE !","author":"Le Canard du pianiste","date":"27 novembre 2017","format":false,"excerpt":"Fabrice Eulry et l'orchestre philharmonique de Kharkov seront en France pour une tourn\u00e9e exceptionnelle au mois de mars 2018 : 7 mars Salle Charcot de Marcq en Baroeul 20h R\u00e9servations en ligne :\u00a0 R\u00e9servations par courriel :\u00a0milana.v75@gmail.com Point de vente : La maison du piano : Rue Colbert 59 000\u2026","rel":"","context":"Dans &quot;Non class\u00e9&quot;","block_context":{"text":"Non class\u00e9","link":"http:\/\/www.fabriceeulry-laboutique.com\/blog\/?cat=1"},"img":{"alt_text":"EGLISE PUTTE","src":"https:\/\/i0.wp.com\/www.fabriceeulry-laboutique.com\/blog\/wp-content\/uploads\/2018\/01\/EGLISE-PUTTE.png?resize=350%2C200","width":350,"height":200},"classes":[]},{"id":10169,"url":"http:\/\/www.fabriceeulry-laboutique.com\/blog\/?p=10169","url_meta":{"origin":9100,"position":5},"title":"LE PIANO DE RAY CHARLES REMIS EN ETAT","author":"Le Canard du pianiste","date":"31 janvier 2018","format":false,"excerpt":"Le piano \u00e9lectrique Wurlitzer comprend 64 touches. Les sons sont produits par des marteaux percutant des lames de m\u00e9tal et amplifi\u00e9s dans deux petits hautparleurs incorpor\u00e9s. Utilis\u00e9 de Ray Charles \u00e0 Supertramp, des Doors \u00e0 Daft punk, il n'a qu'un seul son mais celui-ci est inimitable. Pour cette raison, il\u2026","rel":"","context":"Dans &quot;Non class\u00e9&quot;","block_context":{"text":"Non class\u00e9","link":"http:\/\/www.fabriceeulry-laboutique.com\/blog\/?cat=1"},"img":{"alt_text":"Concfblues","src":"https:\/\/i0.wp.com\/www.fabriceeulry-laboutique.com\/blog\/wp-content\/uploads\/2017\/07\/Concfblues.jpg?resize=350%2C200","width":350,"height":200,"srcset":"https:\/\/i0.wp.com\/www.fabriceeulry-laboutique.com\/blog\/wp-content\/uploads\/2017\/07\/Concfblues.jpg?resize=350%2C200 1x, https:\/\/i0.wp.com\/www.fabriceeulry-laboutique.com\/blog\/wp-content\/uploads\/2017\/07\/Concfblues.jpg?resize=525%2C300 1.5x"},"classes":[]}],"_links":{"self":[{"href":"http:\/\/www.fabriceeulry-laboutique.com\/blog\/index.php?rest_route=\/wp\/v2\/posts\/9100","targetHints":{"allow":["GET"]}}],"collection":[{"href":"http:\/\/www.fabriceeulry-laboutique.com\/blog\/index.php?rest_route=\/wp\/v2\/posts"}],"about":[{"href":"http:\/\/www.fabriceeulry-laboutique.com\/blog\/index.php?rest_route=\/wp\/v2\/types\/post"}],"author":[{"embeddable":true,"href":"http:\/\/www.fabriceeulry-laboutique.com\/blog\/index.php?rest_route=\/wp\/v2\/users\/2"}],"replies":[{"embeddable":true,"href":"http:\/\/www.fabriceeulry-laboutique.com\/blog\/index.php?rest_route=%2Fwp%2Fv2%2Fcomments&post=9100"}],"version-history":[{"count":3,"href":"http:\/\/www.fabriceeulry-laboutique.com\/blog\/index.php?rest_route=\/wp\/v2\/posts\/9100\/revisions"}],"predecessor-version":[{"id":9103,"href":"http:\/\/www.fabriceeulry-laboutique.com\/blog\/index.php?rest_route=\/wp\/v2\/posts\/9100\/revisions\/9103"}],"wp:attachment":[{"href":"http:\/\/www.fabriceeulry-laboutique.com\/blog\/index.php?rest_route=%2Fwp%2Fv2%2Fmedia&parent=9100"}],"wp:term":[{"taxonomy":"category","embeddable":true,"href":"http:\/\/www.fabriceeulry-laboutique.com\/blog\/index.php?rest_route=%2Fwp%2Fv2%2Fcategories&post=9100"},{"taxonomy":"post_tag","embeddable":true,"href":"http:\/\/www.fabriceeulry-laboutique.com\/blog\/index.php?rest_route=%2Fwp%2Fv2%2Ftags&post=9100"}],"curies":[{"name":"wp","href":"https:\/\/api.w.org\/{rel}","templated":true}]}}