{"id":9133,"date":"2017-01-14T05:50:40","date_gmt":"2017-01-14T05:50:40","guid":{"rendered":"http:\/\/www.fabriceeulry-laboutique.com\/blog\/?p=9133"},"modified":"2018-12-12T01:52:30","modified_gmt":"2018-12-12T01:52:30","slug":"concert-de-gospel-pour-la-restauration-dune-eglise-romane","status":"publish","type":"post","link":"http:\/\/www.fabriceeulry-laboutique.com\/blog\/?p=9133","title":{"rendered":"CONCERT DE GOSPEL POUR LA RESTAURATION D&rsquo;UNE EGLISE ROMANE"},"content":{"rendered":"<h2 style=\"text-align: center;\"><span style=\"color: #000000;\"><a href=\"https:\/\/i0.wp.com\/www.fabriceeulry-laboutique.com\/blog\/wp-content\/uploads\/2017\/01\/bol.png\"><img data-recalc-dims=\"1\" loading=\"lazy\" decoding=\"async\" class=\"alignright size-full wp-image-9137\" src=\"https:\/\/i0.wp.com\/www.fabriceeulry-laboutique.com\/blog\/wp-content\/uploads\/2017\/01\/bol.png?resize=399%2C265\" alt=\"bol\" width=\"399\" height=\"265\" srcset=\"https:\/\/i0.wp.com\/www.fabriceeulry-laboutique.com\/blog\/wp-content\/uploads\/2017\/01\/bol.png?w=399 399w, https:\/\/i0.wp.com\/www.fabriceeulry-laboutique.com\/blog\/wp-content\/uploads\/2017\/01\/bol.png?resize=300%2C199 300w\" sizes=\"auto, (max-width: 399px) 100vw, 399px\" \/><\/a>Trois concerts pour commencer de financer un tel projet, et pour sensibiliser&#8230; Ce n&rsquo;est pas la premi\u00e8re fois que cette d\u00e9marche s&rsquo;av\u00e8re efficace. Souvenez-vous du duo Claude Bolling-Fabrice Eulry\u00a0<strong><em>(cliquez sur l&rsquo;image des comp\u00e8res pour lire cet ancien article du Canard du pianiste)<\/em><\/strong>\u00a0qui lan\u00e7a la restauration de la Chapelle Saint-Joseph de Reims <a href=\"https:\/\/i0.wp.com\/www.fabriceeulry-laboutique.com\/blog\/wp-content\/uploads\/2017\/01\/jos.png\"><img data-recalc-dims=\"1\" loading=\"lazy\" decoding=\"async\" class=\"size-full wp-image-9138 aligncenter\" src=\"https:\/\/i0.wp.com\/www.fabriceeulry-laboutique.com\/blog\/wp-content\/uploads\/2017\/01\/jos.png?resize=640%2C455\" alt=\"jos\" width=\"640\" height=\"455\" srcset=\"https:\/\/i0.wp.com\/www.fabriceeulry-laboutique.com\/blog\/wp-content\/uploads\/2017\/01\/jos.png?w=668 668w, https:\/\/i0.wp.com\/www.fabriceeulry-laboutique.com\/blog\/wp-content\/uploads\/2017\/01\/jos.png?resize=300%2C213 300w\" sizes=\"auto, (max-width: 640px) 100vw, 640px\" \/><\/a>d\u00e9vast\u00e9e par la guerre de 1914-18, mais dont la renaissance est aujourd&rsquo;hui sur le point d&rsquo;\u00eatre men\u00e9e \u00e0 terme !<\/span><\/h2>\n<h2 style=\"text-align: center;\"><span style=\"color: #000000;\"><strong>Un extrait de l&rsquo;article du Journal de Sa\u00f4ne et Loire relatant le premier concert de Chiddes :<\/strong><\/span><\/h2>\n<h2 style=\"text-align: center;\"><span style=\"color: #000000;\"><strong><a href=\"https:\/\/i0.wp.com\/www.fabriceeulry-laboutique.com\/blog\/wp-content\/uploads\/2017\/01\/roman.png\"><img data-recalc-dims=\"1\" loading=\"lazy\" decoding=\"async\" class=\"alignright size-full wp-image-9134\" src=\"https:\/\/i0.wp.com\/www.fabriceeulry-laboutique.com\/blog\/wp-content\/uploads\/2017\/01\/roman.png?resize=314%2C590\" alt=\"roman\" width=\"314\" height=\"590\" srcset=\"https:\/\/i0.wp.com\/www.fabriceeulry-laboutique.com\/blog\/wp-content\/uploads\/2017\/01\/roman.png?w=314 314w, https:\/\/i0.wp.com\/www.fabriceeulry-laboutique.com\/blog\/wp-content\/uploads\/2017\/01\/roman.png?resize=160%2C300 160w, https:\/\/i0.wp.com\/www.fabriceeulry-laboutique.com\/blog\/wp-content\/uploads\/2017\/01\/roman.png?resize=300%2C564 300w\" sizes=\"auto, (max-width: 314px) 100vw, 314px\" \/><\/a><\/strong><strong>\u00ab\u00a0La\u00a0petite \u00e9glise de Chiddes revivait le 3 d\u00e9cembre, avec un concert-conf\u00e9rence donn\u00e9 par Fabrice Eulry, \u00e9paul\u00e9 par un groupe de gospel venu de Lyon. \u00ab Le gospel n\u2019est pas un spectacle, c\u2019est un partage \u00bb, indiquait ainsi le pianiste virtuose en d\u00e9but de s\u00e9ance&#8230;\u00a0\u00bb<\/strong><\/span><\/h2>\n<h2 style=\"text-align: center;\"><span style=\"color: #000000;\"><strong>Lire la suite dans le Journal de Sa\u00f4ne et Loire <\/strong><\/span><\/h2>\n<h2 style=\"text-align: center;\"><span style=\"color: #000000;\"><strong>(avec quelques bien belles photos)<\/strong><\/span><\/h2>\n<p style=\"text-align: center;\"><a href=\"http:\/\/www.lejsl.com\/edition-charolais-brionnais\/2016\/12\/05\/le-gospel-ranime-l-eglise-de-chiddes\">http:\/\/www.lejsl.com\/edition-charolais-brionnais\/2016\/12\/05\/le-gospel-ranime-l-eglise-de-chiddes<\/a><\/p>\n<h2 style=\"text-align: center;\"><span style=\"color: #000000;\"><strong>Les deux conf\u00e9rences-concerts suivants auront lieu \u00e0 la salle des f\u00eates de Chiddes avec pour th\u00e8me le blues, en ce qui concernant le deuxi\u00e8me rendez-vous ce dimanche 15 janvier :<\/strong><\/span><\/h2>\n<p><a href=\"https:\/\/i0.wp.com\/www.fabriceeulry-laboutique.com\/blog\/wp-content\/uploads\/2017\/01\/blues.png\"><img data-recalc-dims=\"1\" loading=\"lazy\" decoding=\"async\" class=\"size-full wp-image-9135 aligncenter\" src=\"https:\/\/i0.wp.com\/www.fabriceeulry-laboutique.com\/blog\/wp-content\/uploads\/2017\/01\/blues.png?resize=400%2C563\" alt=\"blues\" width=\"400\" height=\"563\" srcset=\"https:\/\/i0.wp.com\/www.fabriceeulry-laboutique.com\/blog\/wp-content\/uploads\/2017\/01\/blues.png?w=400 400w, https:\/\/i0.wp.com\/www.fabriceeulry-laboutique.com\/blog\/wp-content\/uploads\/2017\/01\/blues.png?resize=213%2C300 213w, https:\/\/i0.wp.com\/www.fabriceeulry-laboutique.com\/blog\/wp-content\/uploads\/2017\/01\/blues.png?resize=300%2C422 300w\" sizes=\"auto, (max-width: 400px) 100vw, 400px\" \/><\/a><\/p>\n<h2 style=\"text-align: center;\"><span style=\"color: #000000;\"><strong>Le choeur roman de l&rsquo;an mille est class\u00e9\u00a0<\/strong><strong>mais ce sont les villageois qui se retroussant les manches, ont cr\u00e9\u00e9 cette association pour la restauration, l&rsquo;\u00c9tat ayant (momentan\u00e9ment) fait le choix id\u00e9ologique de sacrifier le patrimoine \u00e0 des projets de communication (\u00ab\u00a0Art comptant pour rien\u00a0\u00bb !)<\/strong><\/span><\/h2>\n<p>&nbsp;<\/p>\n","protected":false},"excerpt":{"rendered":"<p>Trois concerts pour commencer de financer un tel projet, et pour sensibiliser&#8230; Ce n&rsquo;est pas la premi\u00e8re fois que cette d\u00e9marche s&rsquo;av\u00e8re efficace. Souvenez-vous du duo Claude Bolling-Fabrice Eulry\u00a0(cliquez sur l&rsquo;image des comp\u00e8res pour lire cet ancien article du Canard &hellip; <a href=\"http:\/\/www.fabriceeulry-laboutique.com\/blog\/?p=9133\">Continuer la lecture <span class=\"meta-nav\">&rarr;<\/span><\/a><\/p>\n","protected":false},"author":2,"featured_media":0,"comment_status":"open","ping_status":"open","sticky":false,"template":"","format":"standard","meta":{"jetpack_post_was_ever_published":false,"_jetpack_newsletter_access":"","_jetpack_dont_email_post_to_subs":true,"_jetpack_newsletter_tier_id":0,"_jetpack_memberships_contains_paywalled_content":false,"_jetpack_memberships_contains_paid_content":false,"footnotes":"","jetpack_publicize_message":"","jetpack_publicize_feature_enabled":true,"jetpack_social_post_already_shared":true,"jetpack_social_options":{"image_generator_settings":{"template":"highway","default_image_id":0,"font":"","enabled":false},"version":2}},"categories":[1],"tags":[5],"class_list":["post-9133","post","type-post","status-publish","format-standard","hentry","category-non-classe","tag-gospel"],"jetpack_publicize_connections":[],"jetpack_featured_media_url":"","jetpack_sharing_enabled":true,"jetpack_shortlink":"https:\/\/wp.me\/p2D6dI-2nj","jetpack_likes_enabled":true,"jetpack-related-posts":[{"id":9015,"url":"http:\/\/www.fabriceeulry-laboutique.com\/blog\/?p=9015","url_meta":{"origin":9133,"position":0},"title":"GOSPEL EN SA\u00d4NE ET LOIRE","author":"Le Canard du pianiste","date":"28 novembre 2016","format":false,"excerpt":"Fabrice Eulry accompagnera samedi 3 d\u00e9cembre, un groupe de gospel de Lyon\u00a0dont les chants\u00a0ponctueront une conf\u00e9rence qu'il donnera sur cette musique en l'\u00e9glise de Chiddes, qui accueillera cet \u00e9v\u00e8nement auquel le public pourra participer librement au profit de la restauration de la toiture de ce petit bijou roman dont le\u2026","rel":"","context":"Dans &quot;Non class\u00e9&quot;","block_context":{"text":"Non class\u00e9","link":"http:\/\/www.fabriceeulry-laboutique.com\/blog\/?cat=1"},"img":{"alt_text":"","src":"https:\/\/i0.wp.com\/www.fabriceeulry-laboutique.com\/blog\/wp-content\/uploads\/2015\/02\/jook-.jpg?resize=350%2C200","width":350,"height":200},"classes":[]},{"id":8113,"url":"http:\/\/www.fabriceeulry-laboutique.com\/blog\/?p=8113","url_meta":{"origin":9133,"position":1},"title":"LA RESTAURATION D&rsquo;ANZY LE DUC","author":"Le Canard du pianiste","date":"9 f\u00e9vrier 2016","format":false,"excerpt":"Les vitraux originaux ayant \u00e9t\u00e9 sauv\u00e9s d'un projet de remplacement fa\u00e7on art comptant pour rien, la restauration des fresques peut maintenant \u00eatre envisag\u00e9e avec s\u00e9r\u00e9nit\u00e9 : (Cliquez sur la fresque pour lire la suite) Enseignez l'histoire de France avec des chansons, de l'humour et l'esprit l\u00e9ger et positif ! \u00a0Un\u2026","rel":"","context":"Dans &quot;Non class\u00e9&quot;","block_context":{"text":"Non class\u00e9","link":"http:\/\/www.fabriceeulry-laboutique.com\/blog\/?cat=1"},"img":{"alt_text":"","src":"https:\/\/i0.wp.com\/www.fabriceeulry-laboutique.com\/blog\/wp-content\/uploads\/2016\/02\/anzy-6-.jpg?resize=350%2C200","width":350,"height":200,"srcset":"https:\/\/i0.wp.com\/www.fabriceeulry-laboutique.com\/blog\/wp-content\/uploads\/2016\/02\/anzy-6-.jpg?resize=350%2C200 1x, https:\/\/i0.wp.com\/www.fabriceeulry-laboutique.com\/blog\/wp-content\/uploads\/2016\/02\/anzy-6-.jpg?resize=525%2C300 1.5x"},"classes":[]},{"id":9959,"url":"http:\/\/www.fabriceeulry-laboutique.com\/blog\/?p=9959","url_meta":{"origin":9133,"position":2},"title":"CONCERT DE NO\u00cbL : OBJECTIF ATTEINT POUR LA RESTAURATION DE L&rsquo;\u00c9GLISE ROMANE","author":"Le Canard du pianiste","date":"17 d\u00e9cembre 2017","format":false,"excerpt":"Merci d'\u00eatre venus nombreux nous aider \u00e0 restaurer son toit en \u00e9coutant les classiques de No\u00ebl dans l'atmosph\u00e8re chaleureuse de cette petite \u00e9glise romane de l'an Mille, construite \u00e0 mi-chemin entre nous et l'\u00e9v\u00e8nement que sa cr\u00e8che c\u00e9l\u00e8bre.\u00a0 Gr\u00e2ce \u00e0 votre pr\u00e9sence et \u00e0 votre contribution, la somme qui manquait\u2026","rel":"","context":"Dans &quot;Non class\u00e9&quot;","block_context":{"text":"Non class\u00e9","link":"http:\/\/www.fabriceeulry-laboutique.com\/blog\/?cat=1"},"img":{"alt_text":"roman","src":"https:\/\/i0.wp.com\/www.fabriceeulry-laboutique.com\/blog\/wp-content\/uploads\/2017\/01\/roman.png?resize=350%2C200","width":350,"height":200},"classes":[]},{"id":9784,"url":"http:\/\/www.fabriceeulry-laboutique.com\/blog\/?p=9784","url_meta":{"origin":9133,"position":3},"title":"UN CONCERT DE NO\u00cbL POUR LA RESTAURATION D&rsquo;UNE \u00c9GLISE","author":"Le Canard du pianiste","date":"25 octobre 2017","format":false,"excerpt":"Venez nombreux nous aider \u00e0 restaurer son toit en \u00e9coutant les classiques de No\u00ebl dans l'atmosph\u00e8re chaleureuse de cette petite \u00e9glise romane de l'an Mille, construite \u00e0 mi-chemin entre nous et l'\u00e9v\u00e8nement que sa cr\u00e8che c\u00e9l\u00e8brera. Commandez-le vite (tirage limit\u00e9) cliquez sur l'image pour \u00e9couter un extrait.","rel":"","context":"Dans &quot;Non class\u00e9&quot;","block_context":{"text":"Non class\u00e9","link":"http:\/\/www.fabriceeulry-laboutique.com\/blog\/?cat=1"},"img":{"alt_text":"","src":"https:\/\/i0.wp.com\/www.fabriceeulry-laboutique.com\/blog\/wp-content\/uploads\/2017\/10\/chidno.png?resize=350%2C200","width":350,"height":200},"classes":[]},{"id":11801,"url":"http:\/\/www.fabriceeulry-laboutique.com\/blog\/?p=11801","url_meta":{"origin":9133,"position":4},"title":"CONCERT POUR LA RESTAURATION DE L&rsquo;ORGUE (DE NOTRE-DAME)","author":"Le Canard du pianiste","date":"27 avril 2019","format":false,"excerpt":"Alain Chanu, pr\u00e9sident de l'association La Fl\u00e8che propose un concert dans le Nord \u00e0 Templeuve le 7 juillet prochain et nous explique o\u00f9 irons les \u00e9ventuels b\u00e9n\u00e9fices. \"Une (relativement) bonne nouvelle : l\u2019orgue de Notre Dame serait sauv\u00e9. Epargn\u00e9 par l\u2019incendie, il a cependant pris l\u2019eau et la suie et\u2026","rel":"","context":"Dans &quot;Non class\u00e9&quot;","block_context":{"text":"Non class\u00e9","link":"http:\/\/www.fabriceeulry-laboutique.com\/blog\/?cat=1"},"img":{"alt_text":"","src":"https:\/\/i0.wp.com\/www.fabriceeulry-laboutique.com\/blog\/wp-content\/uploads\/2019\/04\/nd1.png?resize=350%2C200","width":350,"height":200,"srcset":"https:\/\/i0.wp.com\/www.fabriceeulry-laboutique.com\/blog\/wp-content\/uploads\/2019\/04\/nd1.png?resize=350%2C200 1x, https:\/\/i0.wp.com\/www.fabriceeulry-laboutique.com\/blog\/wp-content\/uploads\/2019\/04\/nd1.png?resize=525%2C300 1.5x, https:\/\/i0.wp.com\/www.fabriceeulry-laboutique.com\/blog\/wp-content\/uploads\/2019\/04\/nd1.png?resize=700%2C400 2x, https:\/\/i0.wp.com\/www.fabriceeulry-laboutique.com\/blog\/wp-content\/uploads\/2019\/04\/nd1.png?resize=1050%2C600 3x"},"classes":[]},{"id":4243,"url":"http:\/\/www.fabriceeulry-laboutique.com\/blog\/?p=4243","url_meta":{"origin":9133,"position":5},"title":"DEUX PIANOS POUR UNE CHAPELLE","author":"Le Canard du pianiste","date":"29 d\u00e9cembre 2013","format":false,"excerpt":"\u00a0Une petite r\u00e9trospective sur un duo de pianos Claude Bolling-Fabrice Eulry de 2010 \u00e0 Reims : Lu dans L'union L'ardennais du 28 avril 2010 \u00a0Bien s\u00fbr, la motivation premi\u00e8re du concert pr\u00e9vu \u00e0 Saint-Joseph \u00e9tait connue : \u00ab deux pianos pour une chapelle \u00bb\u2026 \u00e0 sauver. Mais quelle ambiance !\u2026","rel":"","context":"Dans &quot;Non class\u00e9&quot;","block_context":{"text":"Non class\u00e9","link":"http:\/\/www.fabriceeulry-laboutique.com\/blog\/?cat=1"},"img":{"alt_text":"","src":"https:\/\/i0.wp.com\/www.fabriceeulry-laboutique.com\/blog\/wp-content\/uploads\/2013\/12\/Chapelle-St-Joseph.jpg?resize=350%2C200","width":350,"height":200,"srcset":"https:\/\/i0.wp.com\/www.fabriceeulry-laboutique.com\/blog\/wp-content\/uploads\/2013\/12\/Chapelle-St-Joseph.jpg?resize=350%2C200 1x, https:\/\/i0.wp.com\/www.fabriceeulry-laboutique.com\/blog\/wp-content\/uploads\/2013\/12\/Chapelle-St-Joseph.jpg?resize=525%2C300 1.5x"},"classes":[]}],"_links":{"self":[{"href":"http:\/\/www.fabriceeulry-laboutique.com\/blog\/index.php?rest_route=\/wp\/v2\/posts\/9133","targetHints":{"allow":["GET"]}}],"collection":[{"href":"http:\/\/www.fabriceeulry-laboutique.com\/blog\/index.php?rest_route=\/wp\/v2\/posts"}],"about":[{"href":"http:\/\/www.fabriceeulry-laboutique.com\/blog\/index.php?rest_route=\/wp\/v2\/types\/post"}],"author":[{"embeddable":true,"href":"http:\/\/www.fabriceeulry-laboutique.com\/blog\/index.php?rest_route=\/wp\/v2\/users\/2"}],"replies":[{"embeddable":true,"href":"http:\/\/www.fabriceeulry-laboutique.com\/blog\/index.php?rest_route=%2Fwp%2Fv2%2Fcomments&post=9133"}],"version-history":[{"count":4,"href":"http:\/\/www.fabriceeulry-laboutique.com\/blog\/index.php?rest_route=\/wp\/v2\/posts\/9133\/revisions"}],"predecessor-version":[{"id":9141,"href":"http:\/\/www.fabriceeulry-laboutique.com\/blog\/index.php?rest_route=\/wp\/v2\/posts\/9133\/revisions\/9141"}],"wp:attachment":[{"href":"http:\/\/www.fabriceeulry-laboutique.com\/blog\/index.php?rest_route=%2Fwp%2Fv2%2Fmedia&parent=9133"}],"wp:term":[{"taxonomy":"category","embeddable":true,"href":"http:\/\/www.fabriceeulry-laboutique.com\/blog\/index.php?rest_route=%2Fwp%2Fv2%2Fcategories&post=9133"},{"taxonomy":"post_tag","embeddable":true,"href":"http:\/\/www.fabriceeulry-laboutique.com\/blog\/index.php?rest_route=%2Fwp%2Fv2%2Ftags&post=9133"}],"curies":[{"name":"wp","href":"https:\/\/api.w.org\/{rel}","templated":true}]}}