{"id":9160,"date":"2017-01-20T00:23:22","date_gmt":"2017-01-20T00:23:22","guid":{"rendered":"http:\/\/www.fabriceeulry-laboutique.com\/blog\/?p=9160"},"modified":"2018-12-12T01:49:26","modified_gmt":"2018-12-12T01:49:26","slug":"fabrice-eulry-sur-perles-de-culture","status":"publish","type":"post","link":"http:\/\/www.fabriceeulry-laboutique.com\/blog\/?p=9160","title":{"rendered":"FABRICE EULRY SUR PERLES DE CULTURE"},"content":{"rendered":"<p style=\"text-align: center;\"><span style=\"color: #000000;\"><strong>Anne Brassi\u00e9 invitait Fabrice Eulry (\u00e0 partir de 50&rsquo;40) pour parler de son concert \u00e0 la salle Cortot. L&rsquo;entrevue est entre autres illustr\u00e9e par des images de ses spectacles (Notes en transe -au Puy en Velay- et Deconcerto pour un seul homme \u00e0 l&rsquo;Olympia).<\/strong><\/span><\/p>\n<p style=\"text-align: center;\"><a href=\"https:\/\/www.youtube.com\/watch?v=EQ8jbVx116k\">https:\/\/www.youtube.com\/watch?v=EQ8jbVx116k<\/a><\/p>\n<p>&nbsp;<\/p>\n<p><span class=\"embed-youtube\" style=\"text-align:center; display: block;\"><iframe loading=\"lazy\" class=\"youtube-player\" width=\"640\" height=\"360\" src=\"https:\/\/www.youtube.com\/embed\/EQ8jbVx116k?version=3&#038;rel=1&#038;showsearch=0&#038;showinfo=1&#038;iv_load_policy=1&#038;fs=1&#038;hl=fr-FR&#038;autohide=2&#038;wmode=transparent\" allowfullscreen=\"true\" style=\"border:0;\" sandbox=\"allow-scripts allow-same-origin allow-popups allow-presentation allow-popups-to-escape-sandbox\"><\/iframe><\/span><\/p>\n<p style=\"text-align: center;\"><span style=\"color: #000000;\"><strong>Les choses se pr\u00e9cisent : \u00e0 J-2 la moiti\u00e9 de la salle est d\u00e9j\u00e0 r\u00e9serv\u00e9e, cela peut esquisser une salle compl\u00e8te, aussi nous vous conseillons de saisir les bonnes places plut\u00f4t que de risquer de devoir en acheter au tarif double dans le froid (certes elles sont disponibles sur billet-reduc, mais sans r\u00e9duction !). N&rsquo;oubliez que ce concert se donne au profit de la Fondation R\u00e9sonnance, si vous ne pouvez y assister, vous pouvez faire un don d\u00e9ductible (l&rsquo;association est d&rsquo;utilit\u00e9 publique).<\/strong><\/span><\/p>\n<p style=\"text-align: center;\"><span style=\"color: #000000;\"><strong>Le lien pour r\u00e9server (en ligne ou par ch\u00e8que) :<\/strong><\/span><\/p>\n<p style=\"text-align: center;\"><a href=\"http:\/\/www.autourdupiano.fr\/products-page\/salle-cortot\/salle-cortotfabrice-eulry-recital-de-pianodimanche-22-janvier-2017-a-17h30\">http:\/\/www.autourdupiano.fr\/products-page\/salle-cortot\/salle-cortotfabrice-eulry-recital-de-pianodimanche-22-janvier-2017-a-17h30<\/a><\/p>\n<p style=\"text-align: center;\"><a href=\"https:\/\/i0.wp.com\/www.fabriceeulry-laboutique.com\/blog\/wp-content\/uploads\/2017\/01\/cortot-2017-1.png\"><img data-recalc-dims=\"1\" loading=\"lazy\" decoding=\"async\" class=\"size-full wp-image-9152 aligncenter\" src=\"https:\/\/i0.wp.com\/www.fabriceeulry-laboutique.com\/blog\/wp-content\/uploads\/2017\/01\/cortot-2017-1.png?resize=459%2C588\" alt=\"cortot 2017\" width=\"459\" height=\"588\" srcset=\"https:\/\/i0.wp.com\/www.fabriceeulry-laboutique.com\/blog\/wp-content\/uploads\/2017\/01\/cortot-2017-1.png?w=459 459w, https:\/\/i0.wp.com\/www.fabriceeulry-laboutique.com\/blog\/wp-content\/uploads\/2017\/01\/cortot-2017-1.png?resize=234%2C300 234w, https:\/\/i0.wp.com\/www.fabriceeulry-laboutique.com\/blog\/wp-content\/uploads\/2017\/01\/cortot-2017-1.png?resize=300%2C384 300w\" sizes=\"auto, (max-width: 459px) 100vw, 459px\" \/><\/a><\/p>\n","protected":false},"excerpt":{"rendered":"<p>Anne Brassi\u00e9 invitait Fabrice Eulry (\u00e0 partir de 50&rsquo;40) pour parler de son concert \u00e0 la salle Cortot. L&rsquo;entrevue est entre autres illustr\u00e9e par des images de ses spectacles (Notes en transe -au Puy en Velay- et Deconcerto pour un &hellip; <a href=\"http:\/\/www.fabriceeulry-laboutique.com\/blog\/?p=9160\">Continuer la lecture <span class=\"meta-nav\">&rarr;<\/span><\/a><\/p>\n","protected":false},"author":2,"featured_media":0,"comment_status":"open","ping_status":"open","sticky":false,"template":"","format":"standard","meta":{"jetpack_post_was_ever_published":false,"_jetpack_newsletter_access":"","_jetpack_dont_email_post_to_subs":true,"_jetpack_newsletter_tier_id":0,"_jetpack_memberships_contains_paywalled_content":false,"_jetpack_memberships_contains_paid_content":false,"footnotes":"","jetpack_publicize_message":"","jetpack_publicize_feature_enabled":true,"jetpack_social_post_already_shared":true,"jetpack_social_options":{"image_generator_settings":{"template":"highway","default_image_id":0,"font":"","enabled":false},"version":2}},"categories":[1],"tags":[26],"class_list":["post-9160","post","type-post","status-publish","format-standard","hentry","category-non-classe","tag-televisions"],"jetpack_publicize_connections":[],"jetpack_featured_media_url":"","jetpack_sharing_enabled":true,"jetpack_shortlink":"https:\/\/wp.me\/p2D6dI-2nK","jetpack_likes_enabled":true,"jetpack-related-posts":[{"id":9150,"url":"http:\/\/www.fabriceeulry-laboutique.com\/blog\/?p=9150","url_meta":{"origin":9160,"position":0},"title":"R\u00c9CITAL SALLE CORTOT J-5","author":"Le Canard du pianiste","date":"17 janvier 2017","format":false,"excerpt":"Les choses se pr\u00e9cisent : un tiers de la salle est d\u00e9j\u00e0 r\u00e9serv\u00e9 \u00e0 moins d'une semaine du concert, cela peut esquisser une salle compl\u00e8te, aussi nous vous conseillons de saisir les bonnes places plut\u00f4t que de risquer de devoir en acheter au tarif double dans le froid (certes elles\u2026","rel":"","context":"Dans &quot;Non class\u00e9&quot;","block_context":{"text":"Non class\u00e9","link":"http:\/\/www.fabriceeulry-laboutique.com\/blog\/?cat=1"},"img":{"alt_text":"","src":"https:\/\/i0.wp.com\/www.fabriceeulry-laboutique.com\/blog\/wp-content\/uploads\/2017\/01\/cortot-2017-1.png?resize=350%2C200","width":350,"height":200},"classes":[]},{"id":11498,"url":"http:\/\/www.fabriceeulry-laboutique.com\/blog\/?p=11498","url_meta":{"origin":9160,"position":1},"title":"LE FESTIVAL BLUES EN AVEYRON 2019 !","author":"Le Canard du pianiste","date":"14 janvier 2019","format":false,"excerpt":"Chers amis du blues,L'association Blues en Aveyron a d\u00e9j\u00e0 \u00e0 son actif deux \u00e9ditions du festival BLUES EN AVEYRON. Les Pr\u00e9ambules du Festival 2019 12 mars 2019 14h30 Concert pour le public scolaire Fabrice EULRY conte le Blues Entr\u00e9e Libre (Eglise St Pie X de Bozouls) * 19 avril 2019\u2026","rel":"","context":"Dans &quot;Non class\u00e9&quot;","block_context":{"text":"Non class\u00e9","link":"http:\/\/www.fabriceeulry-laboutique.com\/blog\/?cat=1"},"img":{"alt_text":"","src":"https:\/\/i0.wp.com\/www.fabriceeulry-laboutique.com\/blog\/wp-content\/uploads\/2019\/03\/milliet-eulry.png?resize=350%2C200","width":350,"height":200,"srcset":"https:\/\/i0.wp.com\/www.fabriceeulry-laboutique.com\/blog\/wp-content\/uploads\/2019\/03\/milliet-eulry.png?resize=350%2C200 1x, https:\/\/i0.wp.com\/www.fabriceeulry-laboutique.com\/blog\/wp-content\/uploads\/2019\/03\/milliet-eulry.png?resize=525%2C300 1.5x, https:\/\/i0.wp.com\/www.fabriceeulry-laboutique.com\/blog\/wp-content\/uploads\/2019\/03\/milliet-eulry.png?resize=700%2C400 2x"},"classes":[]},{"id":12233,"url":"http:\/\/www.fabriceeulry-laboutique.com\/blog\/?p=12233","url_meta":{"origin":9160,"position":2},"title":"TOURN\u00c9E DE NO\u00cbL POUR NOS ANCIENS","author":"Le Canard du pianiste","date":"21 d\u00e9cembre 2019","format":false,"excerpt":"La Fondation R\u00e9sonnance permet en ce moment \u00e0 Fabrice Eulry de donner une tourn\u00e9e de No\u00ebl de Paris au midi et du midi \u00e0 Paris. Apr\u00e8s l'Ile de France, l'Aveyron avec Rodez Ici \u00e0 Carmaux, annonc\u00e9 par les panneaux municipaux, L'artiste pr\u00e9sente son r\u00e9pertoire, :Bach (qui d\u00e9cid\u00e9ment s'adapte \u00e0 tout\u2026","rel":"","context":"Dans &quot;Non class\u00e9&quot;","block_context":{"text":"Non class\u00e9","link":"http:\/\/www.fabriceeulry-laboutique.com\/blog\/?cat=1"},"img":{"alt_text":"","src":"https:\/\/i0.wp.com\/www.fabriceeulry-laboutique.com\/blog\/wp-content\/uploads\/2019\/12\/Cramaux2.png?resize=350%2C200","width":350,"height":200,"srcset":"https:\/\/i0.wp.com\/www.fabriceeulry-laboutique.com\/blog\/wp-content\/uploads\/2019\/12\/Cramaux2.png?resize=350%2C200 1x, https:\/\/i0.wp.com\/www.fabriceeulry-laboutique.com\/blog\/wp-content\/uploads\/2019\/12\/Cramaux2.png?resize=525%2C300 1.5x, https:\/\/i0.wp.com\/www.fabriceeulry-laboutique.com\/blog\/wp-content\/uploads\/2019\/12\/Cramaux2.png?resize=700%2C400 2x"},"classes":[]},{"id":11628,"url":"http:\/\/www.fabriceeulry-laboutique.com\/blog\/?p=11628","url_meta":{"origin":9160,"position":3},"title":"BLUES EN AVEYRON 2019 : BILLETTERIE EN LIGNE","author":"Le Canard du pianiste","date":"2 mars 2019","format":false,"excerpt":"le Festival BLUES EN AVEYRON 2019 se d\u00e9roule sur 13 jours du 7 au 19 mai. L'association Blues en Aveyron vous propose entre autres un PASSE de 39 \u20ac qui acc\u00e8s donne \u00e0\u00a0TOUS\u00a0les concerts du festival ! R\u00e9servez en ligne en cliquant sur ce lien https:\/\/www.weezevent.com\/blues-en-aveyron-2019P Les Pr\u00e9ambules du Festival\u2026","rel":"","context":"Dans &quot;Non class\u00e9&quot;","block_context":{"text":"Non class\u00e9","link":"http:\/\/www.fabriceeulry-laboutique.com\/blog\/?cat=1"},"img":{"alt_text":"","src":"https:\/\/i0.wp.com\/www.fabriceeulry-laboutique.com\/blog\/wp-content\/uploads\/2019\/03\/Agenda-BenA-2019-1.png?resize=350%2C200","width":350,"height":200},"classes":[]},{"id":11666,"url":"http:\/\/www.fabriceeulry-laboutique.com\/blog\/?p=11666","url_meta":{"origin":9160,"position":4},"title":"L&rsquo;AGENDA DU FESTIVAL BLUES EN AVEYRON 2019","author":"Le Canard du pianiste","date":"4 mars 2019","format":false,"excerpt":"le Festival BLUES EN AVEYRON 2019 se d\u00e9roule sur 13 jours du 7 au 19 mai. L'association Blues en Aveyron vous propose aussi un PASSE de 39 \u20ac qui acc\u00e8s donne \u00e0\u00a0TOUS\u00a0les concerts du festival ! R\u00e9servez en ligne en cliquant sur ce lien https:\/\/www.weezevent.com\/blues-en-aveyron-2019 Autres points de vente \u00e0\u2026","rel":"","context":"Dans &quot;Non class\u00e9&quot;","block_context":{"text":"Non class\u00e9","link":"http:\/\/www.fabriceeulry-laboutique.com\/blog\/?cat=1"},"img":{"alt_text":"","src":"https:\/\/i0.wp.com\/www.fabriceeulry-laboutique.com\/blog\/wp-content\/uploads\/2019\/03\/Agenda-BenA-2019-2.png?resize=350%2C200","width":350,"height":200},"classes":[]},{"id":11102,"url":"http:\/\/www.fabriceeulry-laboutique.com\/blog\/?p=11102","url_meta":{"origin":9160,"position":5},"title":"FESTIVAL BLUES EN AVEYRON 2019 !!!","author":"Le Canard du pianiste","date":"18 novembre 2018","format":false,"excerpt":"Festival Blues en Aveyron 2018 Le programme sera seulement d\u00e9finitif et confirm\u00e9 le 3 d\u00e9cembre mardi 7 mai : R\u00e9cital Fabrice Eulry : Centre europ\u00e9en de Conques. 20h30. Tarif unique : ? \u20ac Bal de Blues en Aveyron \u00e0 Saint-Geniez avec Duo \u00e0 Deux \u00e0 partir de 21h30. Tarif unique\u2026","rel":"","context":"Dans &quot;Non class\u00e9&quot;","block_context":{"text":"Non class\u00e9","link":"http:\/\/www.fabriceeulry-laboutique.com\/blog\/?cat=1"},"img":{"alt_text":"","src":"https:\/\/i0.wp.com\/www.fabriceeulry-laboutique.com\/blog\/wp-content\/uploads\/2018\/11\/franck-mossler.png?resize=350%2C200","width":350,"height":200},"classes":[]}],"_links":{"self":[{"href":"http:\/\/www.fabriceeulry-laboutique.com\/blog\/index.php?rest_route=\/wp\/v2\/posts\/9160","targetHints":{"allow":["GET"]}}],"collection":[{"href":"http:\/\/www.fabriceeulry-laboutique.com\/blog\/index.php?rest_route=\/wp\/v2\/posts"}],"about":[{"href":"http:\/\/www.fabriceeulry-laboutique.com\/blog\/index.php?rest_route=\/wp\/v2\/types\/post"}],"author":[{"embeddable":true,"href":"http:\/\/www.fabriceeulry-laboutique.com\/blog\/index.php?rest_route=\/wp\/v2\/users\/2"}],"replies":[{"embeddable":true,"href":"http:\/\/www.fabriceeulry-laboutique.com\/blog\/index.php?rest_route=%2Fwp%2Fv2%2Fcomments&post=9160"}],"version-history":[{"count":4,"href":"http:\/\/www.fabriceeulry-laboutique.com\/blog\/index.php?rest_route=\/wp\/v2\/posts\/9160\/revisions"}],"predecessor-version":[{"id":9164,"href":"http:\/\/www.fabriceeulry-laboutique.com\/blog\/index.php?rest_route=\/wp\/v2\/posts\/9160\/revisions\/9164"}],"wp:attachment":[{"href":"http:\/\/www.fabriceeulry-laboutique.com\/blog\/index.php?rest_route=%2Fwp%2Fv2%2Fmedia&parent=9160"}],"wp:term":[{"taxonomy":"category","embeddable":true,"href":"http:\/\/www.fabriceeulry-laboutique.com\/blog\/index.php?rest_route=%2Fwp%2Fv2%2Fcategories&post=9160"},{"taxonomy":"post_tag","embeddable":true,"href":"http:\/\/www.fabriceeulry-laboutique.com\/blog\/index.php?rest_route=%2Fwp%2Fv2%2Ftags&post=9160"}],"curies":[{"name":"wp","href":"https:\/\/api.w.org\/{rel}","templated":true}]}}