{"id":9166,"date":"2017-02-01T02:22:57","date_gmt":"2017-02-01T02:22:57","guid":{"rendered":"http:\/\/www.fabriceeulry-laboutique.com\/blog\/?p=9166"},"modified":"2018-01-10T04:38:19","modified_gmt":"2018-01-10T04:38:19","slug":"un-succes-pour-resonnance-a-paris","status":"publish","type":"post","link":"http:\/\/www.fabriceeulry-laboutique.com\/blog\/?p=9166","title":{"rendered":"UN SUCCES POUR RESONNANCE \u00c0 PARIS !"},"content":{"rendered":"<h2 style=\"text-align: center;\"><span style=\"color: #000000;\"><a href=\"https:\/\/i0.wp.com\/www.fabriceeulry-laboutique.com\/blog\/wp-content\/uploads\/2017\/02\/autour-du-piano.jpg\"><img data-recalc-dims=\"1\" loading=\"lazy\" decoding=\"async\" class=\"alignright size-full wp-image-9193\" src=\"https:\/\/i0.wp.com\/www.fabriceeulry-laboutique.com\/blog\/wp-content\/uploads\/2017\/02\/autour-du-piano.jpg?resize=479%2C391\" alt=\"autour du piano\" width=\"479\" height=\"391\" srcset=\"https:\/\/i0.wp.com\/www.fabriceeulry-laboutique.com\/blog\/wp-content\/uploads\/2017\/02\/autour-du-piano.jpg?w=479 479w, https:\/\/i0.wp.com\/www.fabriceeulry-laboutique.com\/blog\/wp-content\/uploads\/2017\/02\/autour-du-piano.jpg?resize=300%2C245 300w\" sizes=\"auto, (max-width: 479px) 100vw, 479px\" \/><\/a><br \/>\nDimanche 22 janvier, les forces group\u00e9es de la Fondation <a href=\"http:\/\/www.resonnance.org\/ch\/\">R\u00e9sonnance<\/a> de l&rsquo;association <a href=\"http:\/\/www.autourdupiano.fr\/\">Autour du piano<\/a>, ont permis \u00e0 Fabrice Eulry de remplir la salle Cortot d&rsquo;un public qui en amont en partageant sa ferveur sur l&rsquo;internet,\u00a0a largement compens\u00e9 le d\u00e9sert m\u00e9diatique habituel pour toute la musique que Le Canard du pianiste affectionne et d\u00e9fend.<\/span><\/h2>\n<h2 style=\"text-align: center;\"><span style=\"color: #000000;\">Cependant l&rsquo;\u00e9mission <a href=\"http:\/\/www.fabriceeulry-laboutique.com\/blog\/?p=9160\">Perles de culture<\/a> d&rsquo;Anne Brassi\u00e9 <\/span><\/h2>\n<h2 style=\"text-align: center;\"><span style=\"color: #000000;\"><img data-recalc-dims=\"1\" loading=\"lazy\" decoding=\"async\" class=\"size-full wp-image-7124 aligncenter\" src=\"https:\/\/i0.wp.com\/www.fabriceeulry-laboutique.com\/blog\/wp-content\/uploads\/2015\/06\/anne-.jpg?resize=637%2C589\" alt=\"anne\" width=\"637\" height=\"589\" srcset=\"https:\/\/i0.wp.com\/www.fabriceeulry-laboutique.com\/blog\/wp-content\/uploads\/2015\/06\/anne-.jpg?w=637 637w, https:\/\/i0.wp.com\/www.fabriceeulry-laboutique.com\/blog\/wp-content\/uploads\/2015\/06\/anne-.jpg?resize=300%2C277 300w\" sizes=\"auto, (max-width: 637px) 100vw, 637px\" \/>sur internet \u00e9galement) que le Canard a relay\u00e9e r\u00e9cemment, n&rsquo;a pas manqu\u00e9 \u00e0 l&rsquo;appel de cet \u00e9v\u00e8nement qui a permis un coup de pouce pour \u00a0Fondation R\u00e9sonnance France.<\/span><\/h2>\n<p>&nbsp;<\/p>\n<p style=\"text-align: center;\"><strong><span style=\"color: #000000;\">\u00a0<\/span><\/strong><\/p>\n","protected":false},"excerpt":{"rendered":"<p>Dimanche 22 janvier, les forces group\u00e9es de la Fondation R\u00e9sonnance de l&rsquo;association Autour du piano, ont permis \u00e0 Fabrice Eulry de remplir la salle Cortot d&rsquo;un public qui en amont en partageant sa ferveur sur l&rsquo;internet,\u00a0a largement compens\u00e9 le d\u00e9sert &hellip; <a href=\"http:\/\/www.fabriceeulry-laboutique.com\/blog\/?p=9166\">Continuer la lecture <span class=\"meta-nav\">&rarr;<\/span><\/a><\/p>\n","protected":false},"author":2,"featured_media":0,"comment_status":"open","ping_status":"open","sticky":false,"template":"","format":"standard","meta":{"jetpack_post_was_ever_published":false,"_jetpack_newsletter_access":"","_jetpack_dont_email_post_to_subs":true,"_jetpack_newsletter_tier_id":0,"_jetpack_memberships_contains_paywalled_content":false,"_jetpack_memberships_contains_paid_content":false,"footnotes":"","jetpack_publicize_message":"","jetpack_publicize_feature_enabled":true,"jetpack_social_post_already_shared":true,"jetpack_social_options":{"image_generator_settings":{"template":"highway","default_image_id":0,"font":"","enabled":false},"version":2}},"categories":[1],"tags":[],"class_list":["post-9166","post","type-post","status-publish","format-standard","hentry","category-non-classe"],"jetpack_publicize_connections":[],"jetpack_featured_media_url":"","jetpack_sharing_enabled":true,"jetpack_shortlink":"https:\/\/wp.me\/p2D6dI-2nQ","jetpack_likes_enabled":true,"jetpack-related-posts":[{"id":4617,"url":"http:\/\/www.fabriceeulry-laboutique.com\/blog\/?p=4617","url_meta":{"origin":9166,"position":0},"title":"UNE BOUGIE POUR CHOPIN AVEC LE CHOPIN DU BOOGIE","author":"Le Canard du pianiste","date":"12 mars 2014","format":false,"excerpt":"\u00a0Pour f\u00eater la naissance de R\u00e9sonnance Belgique la fondation R\u00e9sonnance a cr\u00e9\u00e9 un \u00e9v\u00e8nement mixte avec Elizabeth Sombart et Fabrice Eulry Pour sa naissance, R\u00e9sonnance Belgique vous d\u00e9roule le tapis rouge ! \u00a0Les deux complices juste avant le concert posent pour la t\u00e9l\u00e9 flamande. Elizabeth Sombart : l'accord final de\u2026","rel":"","context":"Dans &quot;Non class\u00e9&quot;","block_context":{"text":"Non class\u00e9","link":"http:\/\/www.fabriceeulry-laboutique.com\/blog\/?cat=1"},"img":{"alt_text":"","src":"https:\/\/i0.wp.com\/www.fabriceeulry-laboutique.com\/blog\/wp-content\/uploads\/2014\/03\/res.jpg?resize=350%2C200","width":350,"height":200},"classes":[]},{"id":9485,"url":"http:\/\/www.fabriceeulry-laboutique.com\/blog\/?p=9485","url_meta":{"origin":9166,"position":1},"title":"CONCERT POUR R\u00c9SONNANCE ROME","author":"Le Canard du pianiste","date":"12 juin 2017","format":false,"excerpt":"La c\u00e9l\u00e8bre Fondation inaugure ses nouveaux locaux en musique : ce 11 juin 2017, suite \u00e0 la Mast\u00e8re (tr\u00e8s) classe donn\u00e9e par le chef d'orchestre Jordi Mora \u00a0avec Elizabeth Sombart, les pianistes de chaque filiale de R\u00e9sonnance, s'\u00e9taient r\u00e9unis dans la ville \u00e9ternelle pour donner un concert multicolore : Au\u2026","rel":"","context":"Dans &quot;Non class\u00e9&quot;","block_context":{"text":"Non class\u00e9","link":"http:\/\/www.fabriceeulry-laboutique.com\/blog\/?cat=1"},"img":{"alt_text":"jor","src":"https:\/\/i0.wp.com\/www.fabriceeulry-laboutique.com\/blog\/wp-content\/uploads\/2017\/06\/jor.jpg?resize=350%2C200","width":350,"height":200},"classes":[]},{"id":8952,"url":"http:\/\/www.fabriceeulry-laboutique.com\/blog\/?p=8952","url_meta":{"origin":9166,"position":2},"title":"CONCERT POUR R\u00c9SONNANCE BELGIQUE","author":"Le Canard du pianiste","date":"22 novembre 2016","format":false,"excerpt":"Le ch\u00e2teau de Claydael dans les Flandres,\u00a0 Le ch\u00e2teau m\u00e9di\u00e9val flamand et ses belles ouvertures pratiqu\u00e9es \u00e0 la Renaissance, a accueilli les 18 et 19 novembre 2016, mast\u00e8res classes et concerts, propos\u00e9s avec Fabrice Eulry pour R\u00e9sonnance Belgique\u00a0 Concerto en DO# mineur - Fabrice Eulry \u00a0cliquez sur l'image pour le\u2026","rel":"","context":"Dans &quot;Non class\u00e9&quot;","block_context":{"text":"Non class\u00e9","link":"http:\/\/www.fabriceeulry-laboutique.com\/blog\/?cat=1"},"img":{"alt_text":"","src":"https:\/\/i0.wp.com\/www.fabriceeulry-laboutique.com\/blog\/wp-content\/uploads\/2014\/11\/Cley-1-.jpg?resize=350%2C200","width":350,"height":200},"classes":[]},{"id":10899,"url":"http:\/\/www.fabriceeulry-laboutique.com\/blog\/?p=10899","url_meta":{"origin":9166,"position":3},"title":"FABRICE EULRY AU LIBAN","author":"Le Canard du pianiste","date":"28 ao\u00fbt 2018","format":false,"excerpt":"...Pour R\u00e9sonnance Liban en concert \u00e0 Beyrouth, du 28 ao\u00fbt au 3 septembre. Laissons la parole \u00e0 Mme Menassa, la directrice de R\u00e9sonnance Liban pour nous d\u00e9crire le programme de cette tourn\u00e9e : \"Cher Fabrice, \u00a0Vous allez voire la diversit\u00e9 de votre public : il y aura un concert pour\u2026","rel":"","context":"Dans &quot;Non class\u00e9&quot;","block_context":{"text":"Non class\u00e9","link":"http:\/\/www.fabriceeulry-laboutique.com\/blog\/?cat=1"},"img":{"alt_text":"VIN LIBAN","src":"https:\/\/i0.wp.com\/www.fabriceeulry-laboutique.com\/blog\/wp-content\/uploads\/2016\/06\/VIN-LIBAN.jpg?resize=350%2C200","width":350,"height":200,"srcset":"https:\/\/i0.wp.com\/www.fabriceeulry-laboutique.com\/blog\/wp-content\/uploads\/2016\/06\/VIN-LIBAN.jpg?resize=350%2C200 1x, https:\/\/i0.wp.com\/www.fabriceeulry-laboutique.com\/blog\/wp-content\/uploads\/2016\/06\/VIN-LIBAN.jpg?resize=525%2C300 1.5x"},"classes":[]},{"id":5870,"url":"http:\/\/www.fabriceeulry-laboutique.com\/blog\/?p=5870","url_meta":{"origin":9166,"position":4},"title":"RENAISSANCE DE RESONNANCE BELGIQUE","author":"Le Canard du pianiste","date":"6 novembre 2014","format":false,"excerpt":"\u00a0 \u00a0 Le ch\u00e2teau de Claydael dans les Flandres, accueillait le 31 octobre l'un des concerts de soutien \u00e0 la fondation R\u00e9sonnance dont la filiale belge n\u00e9cessitait un nouveau d\u00e9part.Un ch\u00e2teau m\u00e9di\u00e9val flamand avec de belles ouvertures pratiqu\u00e9es \u00e0 la Renaissance, et le voici pr\u00eat \u00e0 vous accueillir : \u00a0\u2026","rel":"","context":"Dans &quot;Non class\u00e9&quot;","block_context":{"text":"Non class\u00e9","link":"http:\/\/www.fabriceeulry-laboutique.com\/blog\/?cat=1"},"img":{"alt_text":"","src":"https:\/\/i0.wp.com\/www.fabriceeulry-laboutique.com\/blog\/wp-content\/uploads\/2014\/11\/CLY-5-.jpg?resize=350%2C200","width":350,"height":200,"srcset":"https:\/\/i0.wp.com\/www.fabriceeulry-laboutique.com\/blog\/wp-content\/uploads\/2014\/11\/CLY-5-.jpg?resize=350%2C200 1x, https:\/\/i0.wp.com\/www.fabriceeulry-laboutique.com\/blog\/wp-content\/uploads\/2014\/11\/CLY-5-.jpg?resize=525%2C300 1.5x"},"classes":[]},{"id":8841,"url":"http:\/\/www.fabriceeulry-laboutique.com\/blog\/?p=8841","url_meta":{"origin":9166,"position":5},"title":"FABRICE EULRY EN RESONNANCE A LAUSANNE","author":"Le Canard du pianiste","date":"29 septembre 2016","format":false,"excerpt":"Pour les m\u00e9lomanes de Suisse (et d'ailleurs) un concert en piano solo, o\u00f9 Fabrice Eulry aura la pleine libert\u00e9 de s'exprimer. Au profit de la fondation R\u00e9sonnance","rel":"","context":"Dans &quot;Non class\u00e9&quot;","block_context":{"text":"Non class\u00e9","link":"http:\/\/www.fabriceeulry-laboutique.com\/blog\/?cat=1"},"img":{"alt_text":"paderewski 2106","src":"https:\/\/i0.wp.com\/www.fabriceeulry-laboutique.com\/blog\/wp-content\/uploads\/2016\/08\/paderewski-2106-e1470613504300.jpg?resize=350%2C200","width":350,"height":200},"classes":[]}],"_links":{"self":[{"href":"http:\/\/www.fabriceeulry-laboutique.com\/blog\/index.php?rest_route=\/wp\/v2\/posts\/9166","targetHints":{"allow":["GET"]}}],"collection":[{"href":"http:\/\/www.fabriceeulry-laboutique.com\/blog\/index.php?rest_route=\/wp\/v2\/posts"}],"about":[{"href":"http:\/\/www.fabriceeulry-laboutique.com\/blog\/index.php?rest_route=\/wp\/v2\/types\/post"}],"author":[{"embeddable":true,"href":"http:\/\/www.fabriceeulry-laboutique.com\/blog\/index.php?rest_route=\/wp\/v2\/users\/2"}],"replies":[{"embeddable":true,"href":"http:\/\/www.fabriceeulry-laboutique.com\/blog\/index.php?rest_route=%2Fwp%2Fv2%2Fcomments&post=9166"}],"version-history":[{"count":9,"href":"http:\/\/www.fabriceeulry-laboutique.com\/blog\/index.php?rest_route=\/wp\/v2\/posts\/9166\/revisions"}],"predecessor-version":[{"id":10051,"href":"http:\/\/www.fabriceeulry-laboutique.com\/blog\/index.php?rest_route=\/wp\/v2\/posts\/9166\/revisions\/10051"}],"wp:attachment":[{"href":"http:\/\/www.fabriceeulry-laboutique.com\/blog\/index.php?rest_route=%2Fwp%2Fv2%2Fmedia&parent=9166"}],"wp:term":[{"taxonomy":"category","embeddable":true,"href":"http:\/\/www.fabriceeulry-laboutique.com\/blog\/index.php?rest_route=%2Fwp%2Fv2%2Fcategories&post=9166"},{"taxonomy":"post_tag","embeddable":true,"href":"http:\/\/www.fabriceeulry-laboutique.com\/blog\/index.php?rest_route=%2Fwp%2Fv2%2Ftags&post=9166"}],"curies":[{"name":"wp","href":"https:\/\/api.w.org\/{rel}","templated":true}]}}