{"id":9178,"date":"2017-01-27T00:41:40","date_gmt":"2017-01-27T00:41:40","guid":{"rendered":"http:\/\/www.fabriceeulry-laboutique.com\/blog\/?p=9178"},"modified":"2017-01-27T00:43:36","modified_gmt":"2017-01-27T00:43:36","slug":"mastere-classe-a-la-fondation-resonnance","status":"publish","type":"post","link":"http:\/\/www.fabriceeulry-laboutique.com\/blog\/?p=9178","title":{"rendered":"MAST\u00c8RE CLASSE \u00c0 LA FONDATION R\u00c9SONNANCE"},"content":{"rendered":"<p style=\"text-align: center;\"><span style=\"color: #000000;\"><strong><a href=\"https:\/\/i0.wp.com\/www.fabriceeulry-laboutique.com\/blog\/wp-content\/uploads\/2017\/01\/mc10.png\"><img data-recalc-dims=\"1\" loading=\"lazy\" decoding=\"async\" class=\"size-full wp-image-9185 aligncenter\" src=\"https:\/\/i0.wp.com\/www.fabriceeulry-laboutique.com\/blog\/wp-content\/uploads\/2017\/01\/mc10.png?resize=479%2C337\" alt=\"mc10\" width=\"479\" height=\"337\" srcset=\"https:\/\/i0.wp.com\/www.fabriceeulry-laboutique.com\/blog\/wp-content\/uploads\/2017\/01\/mc10.png?w=479 479w, https:\/\/i0.wp.com\/www.fabriceeulry-laboutique.com\/blog\/wp-content\/uploads\/2017\/01\/mc10.png?resize=300%2C211 300w\" sizes=\"auto, (max-width: 479px) 100vw, 479px\" \/><\/a>Tr\u00e8s bonne ambiance (de travail) \u00e0 la Fondation R\u00e9sonnance, o\u00f9 nous passons et repassons tous les accords en revue avant de monter des quatre mains que nous donnerons demain pour le plus grand bonheur des pensionnaires d&rsquo;une maison de retraite. Au programme notre bouquet de chansons fran\u00e7aises et russes : Roses de Picardie et Le temps des fleurs.<\/strong><\/span><br \/>\n<a href=\"https:\/\/i0.wp.com\/www.fabriceeulry-laboutique.com\/blog\/wp-content\/uploads\/2017\/01\/mc-0117.png\"><img data-recalc-dims=\"1\" loading=\"lazy\" decoding=\"async\" class=\"size-full wp-image-9184 alignnone\" src=\"https:\/\/i0.wp.com\/www.fabriceeulry-laboutique.com\/blog\/wp-content\/uploads\/2017\/01\/mc-0117.png?resize=640%2C355\" alt=\"mc 01:17\" width=\"640\" height=\"355\" srcset=\"https:\/\/i0.wp.com\/www.fabriceeulry-laboutique.com\/blog\/wp-content\/uploads\/2017\/01\/mc-0117.png?w=823 823w, https:\/\/i0.wp.com\/www.fabriceeulry-laboutique.com\/blog\/wp-content\/uploads\/2017\/01\/mc-0117.png?resize=300%2C167 300w, https:\/\/i0.wp.com\/www.fabriceeulry-laboutique.com\/blog\/wp-content\/uploads\/2017\/01\/mc-0117.png?resize=768%2C426 768w\" sizes=\"auto, (max-width: 640px) 100vw, 640px\" \/><\/a><a href=\"https:\/\/i0.wp.com\/www.fabriceeulry-laboutique.com\/blog\/wp-content\/uploads\/2016\/12\/mc22.png\"><img data-recalc-dims=\"1\" loading=\"lazy\" decoding=\"async\" class=\"alignright size-full wp-image-9065\" src=\"https:\/\/i0.wp.com\/www.fabriceeulry-laboutique.com\/blog\/wp-content\/uploads\/2016\/12\/mc22.png?resize=533%2C399\" alt=\"mc%22\" width=\"533\" height=\"399\" srcset=\"https:\/\/i0.wp.com\/www.fabriceeulry-laboutique.com\/blog\/wp-content\/uploads\/2016\/12\/mc22.png?w=533 533w, https:\/\/i0.wp.com\/www.fabriceeulry-laboutique.com\/blog\/wp-content\/uploads\/2016\/12\/mc22.png?resize=300%2C225 300w\" sizes=\"auto, (max-width: 533px) 100vw, 533px\" \/><\/a><\/p>\n<p style=\"text-align: center;\"><span style=\"color: #000000;\"><strong>Prochaine mast\u00e8re classe : \u00e0 P\u00e2ques du 16 au 19 avril.<\/strong><\/span><\/p>\n","protected":false},"excerpt":{"rendered":"<p>Tr\u00e8s bonne ambiance (de travail) \u00e0 la Fondation R\u00e9sonnance, o\u00f9 nous passons et repassons tous les accords en revue avant de monter des quatre mains que nous donnerons demain pour le plus grand bonheur des pensionnaires d&rsquo;une maison de retraite. &hellip; <a href=\"http:\/\/www.fabriceeulry-laboutique.com\/blog\/?p=9178\">Continuer la lecture <span class=\"meta-nav\">&rarr;<\/span><\/a><\/p>\n","protected":false},"author":2,"featured_media":0,"comment_status":"open","ping_status":"open","sticky":false,"template":"","format":"standard","meta":{"jetpack_post_was_ever_published":false,"_jetpack_newsletter_access":"","_jetpack_dont_email_post_to_subs":true,"_jetpack_newsletter_tier_id":0,"_jetpack_memberships_contains_paywalled_content":false,"_jetpack_memberships_contains_paid_content":false,"footnotes":"","jetpack_publicize_message":"","jetpack_publicize_feature_enabled":true,"jetpack_social_post_already_shared":true,"jetpack_social_options":{"image_generator_settings":{"template":"highway","default_image_id":0,"font":"","enabled":false},"version":2}},"categories":[1],"tags":[],"class_list":["post-9178","post","type-post","status-publish","format-standard","hentry","category-non-classe"],"jetpack_publicize_connections":[],"jetpack_featured_media_url":"","jetpack_sharing_enabled":true,"jetpack_shortlink":"https:\/\/wp.me\/p2D6dI-2o2","jetpack_likes_enabled":true,"jetpack-related-posts":[{"id":5870,"url":"http:\/\/www.fabriceeulry-laboutique.com\/blog\/?p=5870","url_meta":{"origin":9178,"position":0},"title":"RENAISSANCE DE RESONNANCE BELGIQUE","author":"Le Canard du pianiste","date":"6 novembre 2014","format":false,"excerpt":"\u00a0 \u00a0 Le ch\u00e2teau de Claydael dans les Flandres, accueillait le 31 octobre l'un des concerts de soutien \u00e0 la fondation R\u00e9sonnance dont la filiale belge n\u00e9cessitait un nouveau d\u00e9part.Un ch\u00e2teau m\u00e9di\u00e9val flamand avec de belles ouvertures pratiqu\u00e9es \u00e0 la Renaissance, et le voici pr\u00eat \u00e0 vous accueillir : \u00a0\u2026","rel":"","context":"Dans &quot;Non class\u00e9&quot;","block_context":{"text":"Non class\u00e9","link":"http:\/\/www.fabriceeulry-laboutique.com\/blog\/?cat=1"},"img":{"alt_text":"","src":"https:\/\/i0.wp.com\/www.fabriceeulry-laboutique.com\/blog\/wp-content\/uploads\/2014\/11\/CLY-5-.jpg?resize=350%2C200","width":350,"height":200,"srcset":"https:\/\/i0.wp.com\/www.fabriceeulry-laboutique.com\/blog\/wp-content\/uploads\/2014\/11\/CLY-5-.jpg?resize=350%2C200 1x, https:\/\/i0.wp.com\/www.fabriceeulry-laboutique.com\/blog\/wp-content\/uploads\/2014\/11\/CLY-5-.jpg?resize=525%2C300 1.5x"},"classes":[]},{"id":8580,"url":"http:\/\/www.fabriceeulry-laboutique.com\/blog\/?p=8580","url_meta":{"origin":9178,"position":1},"title":"LE LIBAN EN RESONNANCE","author":"Le Canard du pianiste","date":"25 juin 2016","format":false,"excerpt":"\"Deux heures et demie seulement : voici une lapidaire mast\u00e8re classe d'improvisation au conservatoire de Beyrouth, (on distingue le drapeau du conservatoire derri\u00e8re le piano). Outre les r\u00e9ponses aux questions, le propos est ici de faire connaissance et de poser les bases pour des mast\u00e8res classes plus longues. Ce jour-l\u00e0\u2026","rel":"","context":"Dans &quot;Non class\u00e9&quot;","block_context":{"text":"Non class\u00e9","link":"http:\/\/www.fabriceeulry-laboutique.com\/blog\/?cat=1"},"img":{"alt_text":"MC Beyrouth","src":"https:\/\/i0.wp.com\/www.fabriceeulry-laboutique.com\/blog\/wp-content\/uploads\/2016\/06\/MC-Beyrouth-1-248x300.jpg?resize=350%2C200","width":350,"height":200},"classes":[]},{"id":10899,"url":"http:\/\/www.fabriceeulry-laboutique.com\/blog\/?p=10899","url_meta":{"origin":9178,"position":2},"title":"FABRICE EULRY AU LIBAN","author":"Le Canard du pianiste","date":"28 ao\u00fbt 2018","format":false,"excerpt":"...Pour R\u00e9sonnance Liban en concert \u00e0 Beyrouth, du 28 ao\u00fbt au 3 septembre. Laissons la parole \u00e0 Mme Menassa, la directrice de R\u00e9sonnance Liban pour nous d\u00e9crire le programme de cette tourn\u00e9e : \"Cher Fabrice, \u00a0Vous allez voire la diversit\u00e9 de votre public : il y aura un concert pour\u2026","rel":"","context":"Dans &quot;Non class\u00e9&quot;","block_context":{"text":"Non class\u00e9","link":"http:\/\/www.fabriceeulry-laboutique.com\/blog\/?cat=1"},"img":{"alt_text":"VIN LIBAN","src":"https:\/\/i0.wp.com\/www.fabriceeulry-laboutique.com\/blog\/wp-content\/uploads\/2016\/06\/VIN-LIBAN.jpg?resize=350%2C200","width":350,"height":200,"srcset":"https:\/\/i0.wp.com\/www.fabriceeulry-laboutique.com\/blog\/wp-content\/uploads\/2016\/06\/VIN-LIBAN.jpg?resize=350%2C200 1x, https:\/\/i0.wp.com\/www.fabriceeulry-laboutique.com\/blog\/wp-content\/uploads\/2016\/06\/VIN-LIBAN.jpg?resize=525%2C300 1.5x"},"classes":[]},{"id":9485,"url":"http:\/\/www.fabriceeulry-laboutique.com\/blog\/?p=9485","url_meta":{"origin":9178,"position":3},"title":"CONCERT POUR R\u00c9SONNANCE ROME","author":"Le Canard du pianiste","date":"12 juin 2017","format":false,"excerpt":"La c\u00e9l\u00e8bre Fondation inaugure ses nouveaux locaux en musique : ce 11 juin 2017, suite \u00e0 la Mast\u00e8re (tr\u00e8s) classe donn\u00e9e par le chef d'orchestre Jordi Mora \u00a0avec Elizabeth Sombart, les pianistes de chaque filiale de R\u00e9sonnance, s'\u00e9taient r\u00e9unis dans la ville \u00e9ternelle pour donner un concert multicolore : Au\u2026","rel":"","context":"Dans &quot;Non class\u00e9&quot;","block_context":{"text":"Non class\u00e9","link":"http:\/\/www.fabriceeulry-laboutique.com\/blog\/?cat=1"},"img":{"alt_text":"jor","src":"https:\/\/i0.wp.com\/www.fabriceeulry-laboutique.com\/blog\/wp-content\/uploads\/2017\/06\/jor.jpg?resize=350%2C200","width":350,"height":200},"classes":[]},{"id":10763,"url":"http:\/\/www.fabriceeulry-laboutique.com\/blog\/?p=10763","url_meta":{"origin":9178,"position":4},"title":"LA FONDATION R\u00c9SONNANCE  A 20 ANS","author":"Le Canard du pianiste","date":"31 mai 2018","format":false,"excerpt":"...Et vous attend ce dimanche 3 juin pour son concert de soutien ! Joueront : chaque directeur-pianiste de chaque filiale (7 en tout), ainsi que des invit\u00e9s surprises :\u00a0 un jeune pianiste roumain Nino Kupreishvilli (vid\u00e9o ci-dessous) Jacky Milliet (\u00e0 la\u00a0clarinette en duo avec Fabrice Eulry qui jouera \u00e9galement Fabrispecial\u2026","rel":"","context":"Dans &quot;Non class\u00e9&quot;","block_context":{"text":"Non class\u00e9","link":"http:\/\/www.fabriceeulry-laboutique.com\/blog\/?cat=1"},"img":{"alt_text":"","src":"https:\/\/i0.wp.com\/www.fabriceeulry-laboutique.com\/blog\/wp-content\/uploads\/2018\/05\/20-ANS-DE-RESONNANCE.png?resize=350%2C200","width":350,"height":200},"classes":[]}],"_links":{"self":[{"href":"http:\/\/www.fabriceeulry-laboutique.com\/blog\/index.php?rest_route=\/wp\/v2\/posts\/9178","targetHints":{"allow":["GET"]}}],"collection":[{"href":"http:\/\/www.fabriceeulry-laboutique.com\/blog\/index.php?rest_route=\/wp\/v2\/posts"}],"about":[{"href":"http:\/\/www.fabriceeulry-laboutique.com\/blog\/index.php?rest_route=\/wp\/v2\/types\/post"}],"author":[{"embeddable":true,"href":"http:\/\/www.fabriceeulry-laboutique.com\/blog\/index.php?rest_route=\/wp\/v2\/users\/2"}],"replies":[{"embeddable":true,"href":"http:\/\/www.fabriceeulry-laboutique.com\/blog\/index.php?rest_route=%2Fwp%2Fv2%2Fcomments&post=9178"}],"version-history":[{"count":4,"href":"http:\/\/www.fabriceeulry-laboutique.com\/blog\/index.php?rest_route=\/wp\/v2\/posts\/9178\/revisions"}],"predecessor-version":[{"id":9188,"href":"http:\/\/www.fabriceeulry-laboutique.com\/blog\/index.php?rest_route=\/wp\/v2\/posts\/9178\/revisions\/9188"}],"wp:attachment":[{"href":"http:\/\/www.fabriceeulry-laboutique.com\/blog\/index.php?rest_route=%2Fwp%2Fv2%2Fmedia&parent=9178"}],"wp:term":[{"taxonomy":"category","embeddable":true,"href":"http:\/\/www.fabriceeulry-laboutique.com\/blog\/index.php?rest_route=%2Fwp%2Fv2%2Fcategories&post=9178"},{"taxonomy":"post_tag","embeddable":true,"href":"http:\/\/www.fabriceeulry-laboutique.com\/blog\/index.php?rest_route=%2Fwp%2Fv2%2Ftags&post=9178"}],"curies":[{"name":"wp","href":"https:\/\/api.w.org\/{rel}","templated":true}]}}