{"id":9314,"date":"2017-03-18T03:02:10","date_gmt":"2017-03-18T03:02:10","guid":{"rendered":"http:\/\/www.fabriceeulry-laboutique.com\/blog\/?p=9314"},"modified":"2017-03-18T03:04:39","modified_gmt":"2017-03-18T03:04:39","slug":"le-festival-blues-en-aveyron-au-nayrac-le-samedi-6-mai","status":"publish","type":"post","link":"http:\/\/www.fabriceeulry-laboutique.com\/blog\/?p=9314","title":{"rendered":"LE FESTIVAL BLUES EN AVEYRON AU NAYRAC LE SAMEDI 6 MAI"},"content":{"rendered":"<h2 style=\"text-align: center;\"><strong>La seconde soir\u00e9e<\/strong> <strong>du festival Blues en Aveyron aura lieu le samedi 6 mai \u00e0 la <a href=\"http:\/http:\/\/mairie-le-nayrac.fr\/espace-multiculturel.html\">salle multiculturelle<\/a> du Nayrac \u00e0 21 heures, avec sensiblement les m\u00eames artistes que la veille \u00e0 Saint-C\u00f4me d&rsquo;Olt mais dans un r\u00e9pertoire diff\u00e9rent et un cadre plus intime.<\/strong><\/h2>\n<h2 style=\"text-align: center;\"><strong>(une salle de 200 personnes soit deux fois moins grande que la veille) Une ambiance diff\u00e9rente donc, mais toujours du blues !<\/strong><\/h2>\n<p><a href=\"https:\/\/i0.wp.com\/www.fabriceeulry-laboutique.com\/blog\/wp-content\/uploads\/2017\/03\/Blues-en-aveyron.jpg\"><img data-recalc-dims=\"1\" loading=\"lazy\" decoding=\"async\" class=\"size-full wp-image-9321 aligncenter\" src=\"https:\/\/i0.wp.com\/www.fabriceeulry-laboutique.com\/blog\/wp-content\/uploads\/2017\/03\/Blues-en-aveyron.jpg?resize=387%2C496\" alt=\"Blues en aveyron\" width=\"387\" height=\"496\" srcset=\"https:\/\/i0.wp.com\/www.fabriceeulry-laboutique.com\/blog\/wp-content\/uploads\/2017\/03\/Blues-en-aveyron.jpg?w=387 387w, https:\/\/i0.wp.com\/www.fabriceeulry-laboutique.com\/blog\/wp-content\/uploads\/2017\/03\/Blues-en-aveyron.jpg?resize=234%2C300 234w, https:\/\/i0.wp.com\/www.fabriceeulry-laboutique.com\/blog\/wp-content\/uploads\/2017\/03\/Blues-en-aveyron.jpg?resize=300%2C384 300w\" sizes=\"auto, (max-width: 387px) 100vw, 387px\" \/><\/a><\/p>\n<h2 style=\"text-align: center;\">R\u00e9servations :<\/h2>\n<p><a href=\"https:\/\/i0.wp.com\/blogdebluesenaveyron.unblog.fr\/files\/2017\/03\/resanay.jpg\"><img data-recalc-dims=\"1\" loading=\"lazy\" decoding=\"async\" class=\"size-large wp-image-13 aligncenter\" src=\"https:\/\/i0.wp.com\/blogdebluesenaveyron.unblog.fr\/files\/2017\/03\/resanay-1024x158.jpg?resize=640%2C99\" alt=\"resanay\" width=\"640\" height=\"99\" \/><\/a><\/p>\n<h2 style=\"text-align: center;\">Au\u00a0<a href=\"http:\/http:\/\/mairie-le-nayrac.fr\/indexb.html\">Nayrac<\/a>\u00a0la vie <a href=\"http:\/http:\/\/mairie-le-nayrac.fr\/associations.html\">associative<\/a> et <a href=\"http:\/http:\/\/mairie-le-nayrac.fr\/doc\/pvconseil\/upload\/Agenda_des_Manifestations.pdf\">culturelle<\/a> est tr\u00e8s intense. La commune, partenaire du festival, se situe sur le plateau, contrairement \u00e0 Saint C\u00f4me d&rsquo;Olt dont les pieds baignent dans le Lot \u00e0 4 kilom\u00e8tres d&rsquo;Espalion.<\/h2>\n<h2 style=\"text-align: center;\"><a href=\"https:\/\/i0.wp.com\/blogdebluesenaveyron.unblog.fr\/files\/2017\/03\/nayrac1.jpg\"><img data-recalc-dims=\"1\" loading=\"lazy\" decoding=\"async\" class=\"alignnone size-full wp-image-9\" src=\"https:\/\/i0.wp.com\/blogdebluesenaveyron.unblog.fr\/files\/2017\/03\/nayrac1.jpg?resize=640%2C141\" alt=\"nayrac1\" width=\"640\" height=\"141\" \/><\/a><\/h2>\n<h2 style=\"text-align: center;\">On trouve sur le merveilleux site du Neyrac, village fleuri de France (3 fleurs), des <a href=\"http:\/http:\/\/mairie-le-nayrac.fr\/hebergement.html\">h\u00e9bergements<\/a> pour tous les budgets et tous les go\u00fbts (h\u00f4tels, camping, chambres d&rsquo;h\u00f4tes).<\/h2>\n<p><a href=\"https:\/\/i0.wp.com\/www.fabriceeulry-laboutique.com\/blog\/wp-content\/uploads\/2017\/03\/nayr.jpg\"><img data-recalc-dims=\"1\" loading=\"lazy\" decoding=\"async\" class=\"alignright size-full wp-image-9326\" src=\"https:\/\/i0.wp.com\/www.fabriceeulry-laboutique.com\/blog\/wp-content\/uploads\/2017\/03\/nayr.jpg?resize=640%2C422\" alt=\"nayr\" width=\"640\" height=\"422\" srcset=\"https:\/\/i0.wp.com\/www.fabriceeulry-laboutique.com\/blog\/wp-content\/uploads\/2017\/03\/nayr.jpg?w=801 801w, https:\/\/i0.wp.com\/www.fabriceeulry-laboutique.com\/blog\/wp-content\/uploads\/2017\/03\/nayr.jpg?resize=300%2C198 300w, https:\/\/i0.wp.com\/www.fabriceeulry-laboutique.com\/blog\/wp-content\/uploads\/2017\/03\/nayr.jpg?resize=768%2C506 768w\" sizes=\"auto, (max-width: 640px) 100vw, 640px\" \/><\/a><\/p>\n<h2 style=\"text-align: center;\">Une l\u00e9gende du Nayrac :<\/h2>\n<h2>La l\u00e9gende de Fombillou : le plateau de l&rsquo;Aubrac avoisinne le G\u00e9vaudan. La b\u00eate du G\u00e9vaudan a hant\u00e9 nos veill\u00e9es depuis des si\u00e8cles, la l\u00e9gende de Fombillou est aussi quoi d&rsquo;\u00e9tonnant, une histoire de loups !<\/h2>\n<table border=\"0\" width=\"640\" cellspacing=\"0\" cellpadding=\"0\" bgcolor=\"#FFFFFF\">\n<tbody>\n<tr>\n<td colspan=\"2\">\n<table border=\"0\" width=\"640\" cellspacing=\"0\" cellpadding=\"0\">\n<tbody>\n<tr>\n<td>\n<table border=\"0\" width=\"640\" cellspacing=\"0\" cellpadding=\"0\">\n<tbody>\n<tr>\n<td width=\"10\"><\/td>\n<td class=\"Style2\" width=\"607\">\n<h2 align=\"justify\">Dans le Nord-Aveyron, entre Estaing et Entraygues, coule tranquillement la rivi\u00e8re \u00ab\u00a0Le Lot\u00a0\u00bb. Dominant cette gorge profonde en cet endroit, se trouve le rocher superbe de Fombillou.<br \/>\nEt il y a fort longtemps&#8230;<\/h2>\n<h2 align=\"justify\">la disette s\u00e9vissait en notre r\u00e9gion. Malgr\u00e9 cela, dans certains villages on avait encore un petit peu de tout, et ces vivres attiraient des meutes de loups.<\/h2>\n<h2 align=\"justify\">Pour se d\u00e9barrasser de ces carnassiers ind\u00e9sirables, les habitants du dit village trouv\u00e8rent une astuce&#8230;\u00a0!<br \/>\nEn app\u00e2t ils attach\u00e8rent un \u00ab\u00a0cabrit\u00a0\u00bb (chevreau) au fa\u00eete du rocher de Fombillou qui majestueusement domine le Lot.<\/h2>\n<h2 align=\"justify\">Les cris de la b\u00eate attir\u00e8rent les loups, et la nuit venue les gens de Fombillou avec des gen\u00eats et des brandons de paille allum\u00e9s les firent tomber dans le pr\u00e9cipice, les d\u00e9truisant totalement.<\/h2>\n<\/td>\n<td width=\"23\"><\/td>\n<\/tr>\n<tr>\n<td><\/td>\n<td>\n<h2><\/h2>\n<h2><img data-recalc-dims=\"1\" loading=\"lazy\" decoding=\"async\" src=\"https:\/\/i0.wp.com\/mairie-le-nayrac.fr\/images\/legende02.jpg?resize=600%2C223\" alt=\"le Lot dans la coul\u00e9e de Fombillou\" width=\"600\" height=\"223\" \/><\/h2>\n<\/td>\n<td><\/td>\n<\/tr>\n<tr>\n<td><\/td>\n<td><\/td>\n<td><\/td>\n<\/tr>\n<\/tbody>\n<\/table>\n<\/td>\n<\/tr>\n<\/tbody>\n<\/table>\n<\/td>\n<\/tr>\n<tr>\n<td>\n<table border=\"0\" width=\"640\" cellspacing=\"0\" cellpadding=\"0\">\n<tbody>\n<tr>\n<td width=\"10\"><\/td>\n<td width=\"620\"><\/td>\n<td width=\"10\"><\/td>\n<\/tr>\n<tr>\n<td style=\"text-align: center;\"><\/td>\n<td class=\"Style2\">\n<table class=\" aligncenter\" border=\"0\" width=\"600\" cellspacing=\"0\" cellpadding=\"0\">\n<tbody>\n<tr>\n<td class=\"Style2\" valign=\"top\" width=\"330\">\n<h2>L\u00e9s loups d\u00e9 Foubilliou<\/h2>\n<\/td>\n<td class=\"Style2\" valign=\"top\" width=\"11\"><\/td>\n<td class=\"Style2\" valign=\"top\" width=\"349\">\n<h2><strong>Les loups de Fombilliou (traduction)<\/strong><\/h2>\n<\/td>\n<\/tr>\n<tr>\n<td class=\"Style2\" valign=\"top\" width=\"330\"><\/td>\n<td class=\"Style2\" valign=\"top\" width=\"11\"><\/td>\n<td class=\"Style2\" valign=\"top\" width=\"349\"><\/td>\n<\/tr>\n<tr>\n<td class=\"Style2\" valign=\"top\" width=\"330\">\n<h2>D\u00een lou tins los gronds m\u00e8ros<\/h2>\n<\/td>\n<td class=\"Style2\" valign=\"top\" width=\"11\"><\/td>\n<td class=\"Style2\" valign=\"top\" width=\"349\">\n<h2>Dans le temps les grands-m\u00e8res<\/h2>\n<\/td>\n<\/tr>\n<tr>\n<td class=\"Style2\" valign=\"top\" width=\"330\">\n<h2>Countabou lou loup \u00e9t lo b\u00e9rg\u00e9ro<\/h2>\n<\/td>\n<td class=\"Style2\" valign=\"top\" width=\"11\"><\/td>\n<td class=\"Style2\" valign=\"top\" width=\"349\">\n<h2>Chantaient le loup et la berg\u00e8re<\/h2>\n<\/td>\n<\/tr>\n<tr>\n<td class=\"Style2\" valign=\"top\" width=\"330\">\n<h2>M\u00e9 p\u00e9r iou l&rsquo;omic Ginestou<\/h2>\n<\/td>\n<td class=\"Style2\" valign=\"top\" width=\"11\"><\/td>\n<td class=\"Style2\" valign=\"top\" width=\"349\">\n<h2>Mais pour moi l&rsquo;ami \u00ab\u00a0Gineston\u00a0\u00bb<\/h2>\n<\/td>\n<\/tr>\n<tr>\n<td class=\"Style2\" valign=\"top\" width=\"330\">\n<h2>In d\u00e9fouorro d\u00e9 lo consou<\/h2>\n<\/td>\n<td class=\"Style2\" valign=\"top\" width=\"11\"><\/td>\n<td class=\"Style2\" valign=\"top\" width=\"349\">\n<h2>En dehors de la chanson<\/h2>\n<\/td>\n<\/tr>\n<tr>\n<td class=\"Style2\" valign=\"top\" width=\"330\">\n<h2>Oqu\u00e9l histou\u00e9ro m\u00e9 l\u00e9gu\u00e9t<\/h2>\n<\/td>\n<td class=\"Style2\" valign=\"top\" width=\"11\"><\/td>\n<td class=\"Style2\" valign=\"top\" width=\"349\">\n<h2>Une belle l\u00e9gende me confia<\/h2>\n<\/td>\n<\/tr>\n<tr>\n<td class=\"Style2\" valign=\"top\" width=\"330\">\n<h2>Et otaou m\u00e9 lo count\u00e9t<\/h2>\n<\/td>\n<td class=\"Style2\" valign=\"top\" width=\"11\"><\/td>\n<td class=\"Style2\" valign=\"top\" width=\"349\">\n<h2>Voici tel qu&rsquo;il me la conta<\/h2>\n<\/td>\n<\/tr>\n<tr>\n<td class=\"Style2\" valign=\"top\" width=\"330\"><\/td>\n<td class=\"Style2\" valign=\"top\" width=\"11\"><\/td>\n<td class=\"Style2\" valign=\"top\" width=\"349\"><\/td>\n<\/tr>\n<tr>\n<td class=\"Style2\" valign=\"top\" width=\"330\">\n<h2>Oui quont ol pa\u00efs yabio mis\u00e9ros<\/h2>\n<\/td>\n<td class=\"Style2\" valign=\"top\" width=\"11\"><\/td>\n<td class=\"Style2\" valign=\"top\" width=\"349\">\n<h2>Quand en Viad\u00e8ne, il y avait mis\u00e8re<\/h2>\n<\/td>\n<\/tr>\n<tr>\n<td class=\"Style2\" valign=\"top\" width=\"330\">\n<h2>Coumo ol jiour d&rsquo;hu\u00e9\u00ee sur ma\u00eessos t\u00e9rros<\/h2>\n<\/td>\n<td class=\"Style2\" valign=\"top\" width=\"11\"><\/td>\n<td class=\"Style2\" valign=\"top\" width=\"349\">\n<h2>Comme aux jours actuels sur d&rsquo;autres terres<\/h2>\n<\/td>\n<\/tr>\n<tr>\n<td class=\"Style2\" valign=\"top\" width=\"330\">\n<h2>Lo nu\u00e9ch les loups lo mouort hurlabou<\/h2>\n<\/td>\n<td class=\"Style2\" valign=\"top\" width=\"11\"><\/td>\n<td class=\"Style2\" valign=\"top\" width=\"349\">\n<h2>La nuit, les loups la \u00ab\u00a0mort\u00a0\u00bb hurlaient<\/h2>\n<\/td>\n<\/tr>\n<tr>\n<td class=\"Style2\" valign=\"top\" width=\"330\">\n<h2>Ol li\u00e9ch l\u00e9s \u00e9fons plourabou<\/h2>\n<\/td>\n<td class=\"Style2\" valign=\"top\" width=\"11\"><\/td>\n<td class=\"Style2\" valign=\"top\" width=\"349\">\n<h2>Au lit, les enfants pleuraient<\/h2>\n<\/td>\n<\/tr>\n<tr>\n<td class=\"Style2\" valign=\"top\" width=\"330\"><\/td>\n<td class=\"Style2\" valign=\"top\" width=\"11\"><\/td>\n<td class=\"Style2\" valign=\"top\" width=\"349\"><\/td>\n<\/tr>\n<tr>\n<td class=\"Style2\" valign=\"top\" width=\"330\">\n<h2>Ol billatchi d\u00e9 Foumbilliou<\/h2>\n<\/td>\n<td class=\"Style2\" valign=\"top\" width=\"11\"><\/td>\n<td class=\"Style2\" valign=\"top\" width=\"349\">\n<h2>Au village de Fombillou \u00e9taient<\/h2>\n<\/td>\n<\/tr>\n<tr>\n<td class=\"Style2\" valign=\"top\" width=\"330\">\n<h2>D\u00e9s missons loups roudabou<\/h2>\n<\/td>\n<td class=\"Style2\" valign=\"top\" width=\"11\"><\/td>\n<td class=\"Style2\" valign=\"top\" width=\"349\">\n<h2>Des m\u00e9chants loups qui rodaient<\/h2>\n<\/td>\n<\/tr>\n<tr>\n<td class=\"Style2\" valign=\"top\" width=\"330\">\n<h2>Lou s\u00e9r digus poudio sourti<\/h2>\n<\/td>\n<td class=\"Style2\" valign=\"top\" width=\"11\"><\/td>\n<td class=\"Style2\" valign=\"top\" width=\"349\">\n<h2>La nuit personne ne pouvait partir<\/h2>\n<\/td>\n<\/tr>\n<tr>\n<td class=\"Style2\" valign=\"top\" width=\"330\">\n<h2>Tout\u00e9s l\u00e9s loups, \u00e9rou aqui<\/h2>\n<\/td>\n<td class=\"Style2\" valign=\"top\" width=\"11\"><\/td>\n<td class=\"Style2\" valign=\"top\" width=\"349\">\n<h2>Les loups emp\u00eachaient de sortir<\/h2>\n<\/td>\n<\/tr>\n<tr>\n<td class=\"Style2\" valign=\"top\" width=\"330\"><\/td>\n<td class=\"Style2\" valign=\"top\" width=\"11\"><\/td>\n<td class=\"Style2\" valign=\"top\" width=\"349\"><\/td>\n<\/tr>\n<tr>\n<td class=\"Style2\" valign=\"top\" width=\"330\">\n<h2>M\u00e9 troub\u00e9rou \u00e9no soulutiou<\/h2>\n<\/td>\n<td class=\"Style2\" valign=\"top\" width=\"11\"><\/td>\n<td class=\"Style2\" valign=\"top\" width=\"349\">\n<h2>La solution ils la trouv\u00e8rent<\/h2>\n<\/td>\n<\/tr>\n<tr>\n<td class=\"Style2\" valign=\"top\" width=\"330\">\n<h2>Ob\u00e9c lou fomus roc d\u00e9 Foumbilliou<\/h2>\n<\/td>\n<td class=\"Style2\" valign=\"top\" width=\"11\"><\/td>\n<td class=\"Style2\" valign=\"top\" width=\"349\">\n<h2>A leur rocher ils pens\u00e8rent<\/h2>\n<\/td>\n<\/tr>\n<tr>\n<td class=\"Style2\" valign=\"top\" width=\"330\"><\/td>\n<td class=\"Style2\" valign=\"top\" width=\"11\"><\/td>\n<td class=\"Style2\" valign=\"top\" width=\"349\"><\/td>\n<\/tr>\n<tr>\n<td class=\"Style2\" valign=\"top\" width=\"330\">\n<h2>Ol cap do qu\u00e9l p\u00e9laou d\u00e9 roc<\/h2>\n<\/td>\n<td class=\"Style2\" valign=\"top\" width=\"11\"><\/td>\n<td class=\"Style2\" valign=\"top\" width=\"349\">\n<h2>Au sommet de cet important roc<\/h2>\n<\/td>\n<\/tr>\n<tr>\n<td class=\"Style2\" valign=\"top\" width=\"330\">\n<h2>Qu\u00e9 doumino lou Lot din bloc<\/h2>\n<\/td>\n<td class=\"Style2\" valign=\"top\" width=\"11\"><\/td>\n<td class=\"Style2\" valign=\"top\" width=\"349\">\n<h2>Qui domine le Lot d&rsquo;un bloc<\/h2>\n<\/td>\n<\/tr>\n<tr>\n<td class=\"Style2\" valign=\"top\" width=\"330\">\n<h2>Un pougu\u00e9t \u00e9stoca in cabrilliou<\/h2>\n<\/td>\n<td class=\"Style2\" valign=\"top\" width=\"11\"><\/td>\n<td class=\"Style2\" valign=\"top\" width=\"349\">\n<h2>Quelqu&rsquo;un put attacher un chevreau<\/h2>\n<\/td>\n<\/tr>\n<tr>\n<td class=\"Style2\" valign=\"top\" width=\"330\">\n<h2>Tou offomat, m\u00e9s incaro biou<\/h2>\n<\/td>\n<td class=\"Style2\" valign=\"top\" width=\"11\"><\/td>\n<td class=\"Style2\" valign=\"top\" width=\"349\">\n<h2>Tout affam\u00e9, mais bien costaud<\/h2>\n<\/td>\n<\/tr>\n<tr>\n<td class=\"Style2\" valign=\"top\" width=\"330\"><\/td>\n<td class=\"Style2\" valign=\"top\" width=\"11\"><\/td>\n<td class=\"Style2\" valign=\"top\" width=\"349\"><\/td>\n<\/tr>\n<tr>\n<td class=\"Style2\" valign=\"top\" width=\"330\">\n<h2>Lou s\u00e9r ma\u00ee lou cabrit b\u00e9gu\u00e9iorio<\/h2>\n<\/td>\n<td class=\"Style2\" valign=\"top\" width=\"11\"><\/td>\n<td class=\"Style2\" valign=\"top\" width=\"349\">\n<h2>Le soir, plus la b\u00eate b\u00e9gayerait<\/h2>\n<\/td>\n<\/tr>\n<tr>\n<td class=\"Style2\" valign=\"top\" width=\"330\">\n<h2>Lo bando d\u00e9 loups, d\u00e9l s&rsquo;opprouchiorio<\/h2>\n<\/td>\n<td class=\"Style2\" valign=\"top\" width=\"11\"><\/td>\n<td class=\"Style2\" valign=\"top\" width=\"349\">\n<h2>La bande de loups s&rsquo;approcherait<\/h2>\n<\/td>\n<\/tr>\n<tr>\n<td class=\"Style2\" valign=\"top\" width=\"330\"><\/td>\n<td class=\"Style2\" valign=\"top\" width=\"11\"><\/td>\n<td class=\"Style2\" valign=\"top\" width=\"349\"><\/td>\n<\/tr>\n<tr>\n<td class=\"Style2\" valign=\"top\" width=\"330\">\n<h2>Et quont lo nu\u00e9\u00eech orrib\u00e9t<\/h2>\n<\/td>\n<td class=\"Style2\" valign=\"top\" width=\"11\"><\/td>\n<td class=\"Style2\" valign=\"top\" width=\"349\">\n<h2>Quand la nuit fit apparition<\/h2>\n<\/td>\n<\/tr>\n<tr>\n<td class=\"Style2\" valign=\"top\" width=\"330\">\n<h2>Tout lou billatchi sourt\u00ee\u00e9t<\/h2>\n<\/td>\n<td class=\"Style2\" valign=\"top\" width=\"11\"><\/td>\n<td class=\"Style2\" valign=\"top\" width=\"349\">\n<h2>Les habitants sortirent des maisons<\/h2>\n<\/td>\n<\/tr>\n<tr>\n<td class=\"Style2\" valign=\"top\" width=\"330\">\n<h2>Yobio pas d\u00e9 n\u00e9ou, ni d\u00e9 pl\u00e9sio<\/h2>\n<\/td>\n<td class=\"Style2\" valign=\"top\" width=\"11\"><\/td>\n<td class=\"Style2\" valign=\"top\" width=\"349\">\n<h2>Ce jour l\u00e0 sans neige ni pluie<\/h2>\n<\/td>\n<\/tr>\n<tr>\n<td class=\"Style2\" valign=\"top\" width=\"330\">\n<h2>P\u00e9s \u00ab\u00a0Foumbillious\u00a0\u00bb \u00e9t lour id\u00e9io<\/h2>\n<\/td>\n<td class=\"Style2\" valign=\"top\" width=\"11\"><\/td>\n<td class=\"Style2\" valign=\"top\" width=\"349\">\n<h2>Les \u00ab\u00a0Fombillou\u00a0\u00bb ayant bien r\u00e9fl\u00e9chi<\/h2>\n<\/td>\n<\/tr>\n<tr>\n<td class=\"Style2\" valign=\"top\" width=\"330\">\n<h2>Homm\u00e9s, f\u00e9nnos ob\u00e9c lo fourco<\/h2>\n<\/td>\n<td class=\"Style2\" valign=\"top\" width=\"11\"><\/td>\n<td class=\"Style2\" valign=\"top\" width=\"349\">\n<h2>Hommes, femmes de fourches arm\u00e9s<\/h2>\n<\/td>\n<\/tr>\n<tr>\n<td class=\"Style2\" valign=\"top\" width=\"330\">\n<h2>D\u00e9s paous, bostous, mourc\u00e9ls d\u00e9 souco<\/h2>\n<\/td>\n<td class=\"Style2\" valign=\"top\" width=\"11\"><\/td>\n<td class=\"Style2\" valign=\"top\" width=\"349\">\n<h2>Hurlant, courant comme des d\u00e9rat\u00e9s<\/h2>\n<\/td>\n<\/tr>\n<tr>\n<td class=\"Style2\" valign=\"top\" width=\"330\">\n<h2>Tout\u00e9s cr\u00e9dabou coumo d\u00e9s fats<\/h2>\n<\/td>\n<td class=\"Style2\" valign=\"top\" width=\"11\"><\/td>\n<td class=\"Style2\" valign=\"top\" width=\"349\">\n<h2>Certains avec des paillons enflamm\u00e9s<\/h2>\n<\/td>\n<\/tr>\n<tr>\n<td class=\"Style2\" valign=\"top\" width=\"330\">\n<h2>Tiniauou\u00a0: pallio gin\u00e9ss\u00e9s inflomats<\/h2>\n<\/td>\n<td class=\"Style2\" valign=\"top\" width=\"11\"><\/td>\n<td class=\"Style2\" valign=\"top\" width=\"349\">\n<h2>Tous vers le roc se dirigeaient<\/h2>\n<\/td>\n<\/tr>\n<tr>\n<td class=\"Style2\" valign=\"top\" width=\"330\">\n<h2>Lour colio fa oqu\u00e9l socritic\u00e9<\/h2>\n<\/td>\n<td class=\"Style2\" valign=\"top\" width=\"11\"><\/td>\n<td class=\"Style2\" valign=\"top\" width=\"349\">\n<h2>Car l\u00e0 se trouvaient tous les loups<\/h2>\n<\/td>\n<\/tr>\n<tr>\n<td class=\"Style2\" valign=\"top\" width=\"330\">\n<h2>In pouss\u00e9nt l\u00e9s loups bol pr\u00e9cipic\u00e9<\/h2>\n<\/td>\n<td class=\"Style2\" valign=\"top\" width=\"11\"><\/td>\n<td class=\"Style2\" valign=\"top\" width=\"349\">\n<h2>Ils tomb\u00e8rent dans le Lot d&rsquo;un seul coup<\/h2>\n<\/td>\n<\/tr>\n<tr>\n<td class=\"Style2\" valign=\"top\" width=\"330\"><\/td>\n<td class=\"Style2\" valign=\"top\" width=\"11\"><\/td>\n<td class=\"Style2\" valign=\"top\" width=\"349\"><\/td>\n<\/tr>\n<tr>\n<td class=\"Style2\" valign=\"top\" width=\"330\">\n<h2>Ol roc autaou tout s\u00e9 poss\u00e9t<\/h2>\n<\/td>\n<td class=\"Style2\" valign=\"top\" width=\"11\"><\/td>\n<td class=\"Style2\" valign=\"top\" width=\"349\">\n<h2>Au roc, ainsi tout se passa<\/h2>\n<\/td>\n<\/tr>\n<tr>\n<td class=\"Style2\" valign=\"top\" width=\"330\">\n<h2>Et lou brab\u00e9 cobrit n&rsquo;y p\u00e9r\u00ee\u00e9t<\/h2>\n<\/td>\n<td class=\"Style2\" valign=\"top\" width=\"11\"><\/td>\n<td class=\"Style2\" valign=\"top\" width=\"349\">\n<h2>Et le brave chevreau n&rsquo;y p\u00e9rit pas<\/h2>\n<\/td>\n<\/tr>\n<tr>\n<td class=\"Style2\" valign=\"top\" width=\"330\">\n<h2>To bi\u00e9n qu\u00e9 d\u00eenp\u00ee\u00e9y s\u00e9 dicht<\/h2>\n<\/td>\n<td class=\"Style2\" valign=\"top\" width=\"11\"><\/td>\n<td class=\"Style2\" valign=\"top\" width=\"349\">\n<h2>Comme strat\u00e9gie ce fut tr\u00e8s adroit<\/h2>\n<\/td>\n<\/tr>\n<tr>\n<td class=\"Style2\" valign=\"top\" width=\"330\">\n<h2>Qu\u00e9 lou copr\u00een d\u00e9l bilatchi o dricht<\/h2>\n<\/td>\n<td class=\"Style2\" valign=\"top\" width=\"11\"><\/td>\n<td class=\"Style2\" valign=\"top\" width=\"349\">\n<h2>De plus le caprin du village eut droit<\/h2>\n<\/td>\n<\/tr>\n<tr>\n<td class=\"Style2\" valign=\"top\" width=\"330\">\n<h2>O lo r\u00e9coun\u00e9ssinso d\u00e9 tout Foumbilliou<\/h2>\n<\/td>\n<td class=\"Style2\" valign=\"top\" width=\"11\"><\/td>\n<td class=\"Style2\" valign=\"top\" width=\"349\">\n<h2>A la reconnaissance de tout Fombilliou<\/h2>\n<\/td>\n<\/tr>\n<tr>\n<td class=\"Style2\" valign=\"top\" width=\"330\">\n<h2>Qu\u00e9 s\u00e9gu\u00e9t r\u00e9noummat p\u00e9s cob\u00e9cous<\/h2>\n<\/td>\n<td class=\"Style2\" valign=\"top\" width=\"11\"><\/td>\n<td class=\"Style2\" valign=\"top\" width=\"349\">\n<h2>Qui fut renomm\u00e9 pour les cab\u00e9cous<\/h2>\n<\/td>\n<\/tr>\n<\/tbody>\n<\/table>\n<h2 style=\"text-align: center;\" align=\"center\">L\u00e9gende ou histoire\u00a0? Est-ce vrai\u00a0?<br \/>\nPersonnellement je ne le sais&#8230;<br \/>\nToujours est-il que pour la Saint-Jean,<br \/>\nDans ce Nayrac tous les ans,<br \/>\nLorsque la nuit noire arrive,<br \/>\nHommes et femmes tous s&rsquo;activent\u00a0;<br \/>\nIls vont parfois le feu allumer,<br \/>\nAvec des brandons de paille enflamm\u00e9s\u00a0;<br \/>\nCe feu de Saint-Jean qu&rsquo;au loin on voit,<br \/>\nSe rattache peut \u00eatre \u00e0 l&rsquo;autrefois,<br \/>\nQuand on chassait les loups en force,<br \/>\nAvec solidarit\u00e9, astuces et torches.<\/h2>\n<h2 class=\"Style8\" style=\"text-align: center;\" align=\"center\">Raymond Rouquette (Mon pays de Viad\u00e8ne)<\/h2>\n<p>&nbsp;<\/td>\n<\/tr>\n<\/tbody>\n<\/table>\n<\/td>\n<\/tr>\n<\/tbody>\n<\/table>\n<p><a href=\"https:\/\/i0.wp.com\/www.fabriceeulry-laboutique.com\/blog\/wp-content\/uploads\/2017\/03\/loups.jpg\"><img data-recalc-dims=\"1\" loading=\"lazy\" decoding=\"async\" class=\"size-full wp-image-9325 aligncenter\" src=\"https:\/\/i0.wp.com\/www.fabriceeulry-laboutique.com\/blog\/wp-content\/uploads\/2017\/03\/loups.jpg?resize=600%2C223\" alt=\"loups\" width=\"600\" height=\"223\" srcset=\"https:\/\/i0.wp.com\/www.fabriceeulry-laboutique.com\/blog\/wp-content\/uploads\/2017\/03\/loups.jpg?w=600 600w, https:\/\/i0.wp.com\/www.fabriceeulry-laboutique.com\/blog\/wp-content\/uploads\/2017\/03\/loups.jpg?resize=300%2C112 300w\" sizes=\"auto, (max-width: 600px) 100vw, 600px\" \/><\/a><\/p>\n","protected":false},"excerpt":{"rendered":"<p>La seconde soir\u00e9e du festival Blues en Aveyron aura lieu le samedi 6 mai \u00e0 la salle multiculturelle du Nayrac \u00e0 21 heures, avec sensiblement les m\u00eames artistes que la veille \u00e0 Saint-C\u00f4me d&rsquo;Olt mais dans un r\u00e9pertoire diff\u00e9rent et &hellip; <a href=\"http:\/\/www.fabriceeulry-laboutique.com\/blog\/?p=9314\">Continuer la lecture <span class=\"meta-nav\">&rarr;<\/span><\/a><\/p>\n","protected":false},"author":2,"featured_media":0,"comment_status":"open","ping_status":"open","sticky":false,"template":"","format":"standard","meta":{"jetpack_post_was_ever_published":false,"_jetpack_newsletter_access":"","_jetpack_dont_email_post_to_subs":true,"_jetpack_newsletter_tier_id":0,"_jetpack_memberships_contains_paywalled_content":false,"_jetpack_memberships_contains_paid_content":false,"footnotes":"","jetpack_publicize_message":"","jetpack_publicize_feature_enabled":true,"jetpack_social_post_already_shared":true,"jetpack_social_options":{"image_generator_settings":{"template":"highway","default_image_id":0,"font":"","enabled":false},"version":2}},"categories":[1],"tags":[],"class_list":["post-9314","post","type-post","status-publish","format-standard","hentry","category-non-classe"],"jetpack_publicize_connections":[],"jetpack_featured_media_url":"","jetpack_sharing_enabled":true,"jetpack_shortlink":"https:\/\/wp.me\/p2D6dI-2qe","jetpack_likes_enabled":true,"jetpack-related-posts":[{"id":11498,"url":"http:\/\/www.fabriceeulry-laboutique.com\/blog\/?p=11498","url_meta":{"origin":9314,"position":0},"title":"LE FESTIVAL BLUES EN AVEYRON 2019 !","author":"Le Canard du pianiste","date":"14 janvier 2019","format":false,"excerpt":"Chers amis du blues,L'association Blues en Aveyron a d\u00e9j\u00e0 \u00e0 son actif deux \u00e9ditions du festival BLUES EN AVEYRON. Les Pr\u00e9ambules du Festival 2019 12 mars 2019 14h30 Concert pour le public scolaire Fabrice EULRY conte le Blues Entr\u00e9e Libre (Eglise St Pie X de Bozouls) * 19 avril 2019\u2026","rel":"","context":"Dans &quot;Non class\u00e9&quot;","block_context":{"text":"Non class\u00e9","link":"http:\/\/www.fabriceeulry-laboutique.com\/blog\/?cat=1"},"img":{"alt_text":"","src":"https:\/\/i0.wp.com\/www.fabriceeulry-laboutique.com\/blog\/wp-content\/uploads\/2019\/03\/milliet-eulry.png?resize=350%2C200","width":350,"height":200,"srcset":"https:\/\/i0.wp.com\/www.fabriceeulry-laboutique.com\/blog\/wp-content\/uploads\/2019\/03\/milliet-eulry.png?resize=350%2C200 1x, https:\/\/i0.wp.com\/www.fabriceeulry-laboutique.com\/blog\/wp-content\/uploads\/2019\/03\/milliet-eulry.png?resize=525%2C300 1.5x, https:\/\/i0.wp.com\/www.fabriceeulry-laboutique.com\/blog\/wp-content\/uploads\/2019\/03\/milliet-eulry.png?resize=700%2C400 2x"},"classes":[]},{"id":10634,"url":"http:\/\/www.fabriceeulry-laboutique.com\/blog\/?p=10634","url_meta":{"origin":9314,"position":1},"title":"TRIOMPHE DE RICKY NORTON AU NAYRAC","author":"Le Canard du pianiste","date":"6 mai 2018","format":false,"excerpt":"Dans le cadre du festival Blues en\u00a0Aveyron, le chanteur a rendu un double hommage \u00e0 Elvis Presley les 4 et 5 mai \u00e0 l'espace multiculturel du Nayrac et \u00e0 Espalion, accompagn\u00e9 par Fabrice Eulry et les Roling twisters. (Jeff Monin guitare, Lionel Stievenard saxo, Enzo Mucci contrebasse, Octave Eulry batterie,\u2026","rel":"","context":"Dans &quot;Non class\u00e9&quot;","block_context":{"text":"Non class\u00e9","link":"http:\/\/www.fabriceeulry-laboutique.com\/blog\/?cat=1"},"img":{"alt_text":"","src":"https:\/\/i0.wp.com\/www.fabriceeulry-laboutique.com\/blog\/wp-content\/uploads\/2018\/05\/Ricky-Norton-Nayrac-2018-2.png?resize=350%2C200","width":350,"height":200,"srcset":"https:\/\/i0.wp.com\/www.fabriceeulry-laboutique.com\/blog\/wp-content\/uploads\/2018\/05\/Ricky-Norton-Nayrac-2018-2.png?resize=350%2C200 1x, https:\/\/i0.wp.com\/www.fabriceeulry-laboutique.com\/blog\/wp-content\/uploads\/2018\/05\/Ricky-Norton-Nayrac-2018-2.png?resize=525%2C300 1.5x, https:\/\/i0.wp.com\/www.fabriceeulry-laboutique.com\/blog\/wp-content\/uploads\/2018\/05\/Ricky-Norton-Nayrac-2018-2.png?resize=700%2C400 2x"},"classes":[]},{"id":9595,"url":"http:\/\/www.fabriceeulry-laboutique.com\/blog\/?p=9595","url_meta":{"origin":9314,"position":2},"title":"LE PIANO WURLITZER DE RAY CHARLES","author":"Le Canard du pianiste","date":"24 ao\u00fbt 2017","format":false,"excerpt":"Le piano \u00e9lectrique Wurlitzer comprend 64 touches. Les sons sont produits par des marteaux percutant des lames de m\u00e9tal et amplifi\u00e9 dans deux petits hautparleurs incorpor\u00e9s. Utilis\u00e9 de Ray Charles \u00e0 Supertramp, des Doors \u00e0 Daft punk, il n'a qu'un seul son mais celui-ci est inimitable. Pour cette raison, il\u2026","rel":"","context":"Dans &quot;Non class\u00e9&quot;","block_context":{"text":"Non class\u00e9","link":"http:\/\/www.fabriceeulry-laboutique.com\/blog\/?cat=1"},"img":{"alt_text":"","src":"https:\/\/i0.wp.com\/www.fabriceeulry-laboutique.com\/blog\/wp-content\/uploads\/2017\/07\/Concfblues.jpg?resize=350%2C200","width":350,"height":200,"srcset":"https:\/\/i0.wp.com\/www.fabriceeulry-laboutique.com\/blog\/wp-content\/uploads\/2017\/07\/Concfblues.jpg?resize=350%2C200 1x, https:\/\/i0.wp.com\/www.fabriceeulry-laboutique.com\/blog\/wp-content\/uploads\/2017\/07\/Concfblues.jpg?resize=525%2C300 1.5x"},"classes":[]},{"id":11666,"url":"http:\/\/www.fabriceeulry-laboutique.com\/blog\/?p=11666","url_meta":{"origin":9314,"position":3},"title":"L&rsquo;AGENDA DU FESTIVAL BLUES EN AVEYRON 2019","author":"Le Canard du pianiste","date":"4 mars 2019","format":false,"excerpt":"le Festival BLUES EN AVEYRON 2019 se d\u00e9roule sur 13 jours du 7 au 19 mai. L'association Blues en Aveyron vous propose aussi un PASSE de 39 \u20ac qui acc\u00e8s donne \u00e0\u00a0TOUS\u00a0les concerts du festival ! R\u00e9servez en ligne en cliquant sur ce lien https:\/\/www.weezevent.com\/blues-en-aveyron-2019 Autres points de vente \u00e0\u2026","rel":"","context":"Dans &quot;Non class\u00e9&quot;","block_context":{"text":"Non class\u00e9","link":"http:\/\/www.fabriceeulry-laboutique.com\/blog\/?cat=1"},"img":{"alt_text":"","src":"https:\/\/i0.wp.com\/www.fabriceeulry-laboutique.com\/blog\/wp-content\/uploads\/2019\/03\/Agenda-BenA-2019-2.png?resize=350%2C200","width":350,"height":200},"classes":[]},{"id":11628,"url":"http:\/\/www.fabriceeulry-laboutique.com\/blog\/?p=11628","url_meta":{"origin":9314,"position":4},"title":"BLUES EN AVEYRON 2019 : BILLETTERIE EN LIGNE","author":"Le Canard du pianiste","date":"2 mars 2019","format":false,"excerpt":"le Festival BLUES EN AVEYRON 2019 se d\u00e9roule sur 13 jours du 7 au 19 mai. L'association Blues en Aveyron vous propose entre autres un PASSE de 39 \u20ac qui acc\u00e8s donne \u00e0\u00a0TOUS\u00a0les concerts du festival ! R\u00e9servez en ligne en cliquant sur ce lien https:\/\/www.weezevent.com\/blues-en-aveyron-2019P Les Pr\u00e9ambules du Festival\u2026","rel":"","context":"Dans &quot;Non class\u00e9&quot;","block_context":{"text":"Non class\u00e9","link":"http:\/\/www.fabriceeulry-laboutique.com\/blog\/?cat=1"},"img":{"alt_text":"","src":"https:\/\/i0.wp.com\/www.fabriceeulry-laboutique.com\/blog\/wp-content\/uploads\/2019\/03\/Agenda-BenA-2019-1.png?resize=350%2C200","width":350,"height":200},"classes":[]},{"id":11102,"url":"http:\/\/www.fabriceeulry-laboutique.com\/blog\/?p=11102","url_meta":{"origin":9314,"position":5},"title":"FESTIVAL BLUES EN AVEYRON 2019 !!!","author":"Le Canard du pianiste","date":"18 novembre 2018","format":false,"excerpt":"Festival Blues en Aveyron 2018 Le programme sera seulement d\u00e9finitif et confirm\u00e9 le 3 d\u00e9cembre mardi 7 mai : R\u00e9cital Fabrice Eulry : Centre europ\u00e9en de Conques. 20h30. Tarif unique : ? \u20ac Bal de Blues en Aveyron \u00e0 Saint-Geniez avec Duo \u00e0 Deux \u00e0 partir de 21h30. Tarif unique\u2026","rel":"","context":"Dans &quot;Non class\u00e9&quot;","block_context":{"text":"Non class\u00e9","link":"http:\/\/www.fabriceeulry-laboutique.com\/blog\/?cat=1"},"img":{"alt_text":"","src":"https:\/\/i0.wp.com\/www.fabriceeulry-laboutique.com\/blog\/wp-content\/uploads\/2018\/11\/franck-mossler.png?resize=350%2C200","width":350,"height":200},"classes":[]}],"_links":{"self":[{"href":"http:\/\/www.fabriceeulry-laboutique.com\/blog\/index.php?rest_route=\/wp\/v2\/posts\/9314","targetHints":{"allow":["GET"]}}],"collection":[{"href":"http:\/\/www.fabriceeulry-laboutique.com\/blog\/index.php?rest_route=\/wp\/v2\/posts"}],"about":[{"href":"http:\/\/www.fabriceeulry-laboutique.com\/blog\/index.php?rest_route=\/wp\/v2\/types\/post"}],"author":[{"embeddable":true,"href":"http:\/\/www.fabriceeulry-laboutique.com\/blog\/index.php?rest_route=\/wp\/v2\/users\/2"}],"replies":[{"embeddable":true,"href":"http:\/\/www.fabriceeulry-laboutique.com\/blog\/index.php?rest_route=%2Fwp%2Fv2%2Fcomments&post=9314"}],"version-history":[{"count":2,"href":"http:\/\/www.fabriceeulry-laboutique.com\/blog\/index.php?rest_route=\/wp\/v2\/posts\/9314\/revisions"}],"predecessor-version":[{"id":9328,"href":"http:\/\/www.fabriceeulry-laboutique.com\/blog\/index.php?rest_route=\/wp\/v2\/posts\/9314\/revisions\/9328"}],"wp:attachment":[{"href":"http:\/\/www.fabriceeulry-laboutique.com\/blog\/index.php?rest_route=%2Fwp%2Fv2%2Fmedia&parent=9314"}],"wp:term":[{"taxonomy":"category","embeddable":true,"href":"http:\/\/www.fabriceeulry-laboutique.com\/blog\/index.php?rest_route=%2Fwp%2Fv2%2Fcategories&post=9314"},{"taxonomy":"post_tag","embeddable":true,"href":"http:\/\/www.fabriceeulry-laboutique.com\/blog\/index.php?rest_route=%2Fwp%2Fv2%2Ftags&post=9314"}],"curies":[{"name":"wp","href":"https:\/\/api.w.org\/{rel}","templated":true}]}}