{"id":9457,"date":"2017-05-26T02:00:50","date_gmt":"2017-05-26T02:00:50","guid":{"rendered":"http:\/\/www.fabriceeulry-laboutique.com\/blog\/?p=9457"},"modified":"2018-12-12T01:42:40","modified_gmt":"2018-12-12T01:42:40","slug":"fabrice-eulry-en-concert-en-haute-loire","status":"publish","type":"post","link":"http:\/\/www.fabriceeulry-laboutique.com\/blog\/?p=9457","title":{"rendered":"FABRICE EULRY EN CONCERT EN HAUTE-LOIRE"},"content":{"rendered":"<p>&nbsp;<\/p>\n<blockquote id=\"yui_3_16_0_ym19_1_1486932527105_45836\">\n<div id=\"yui_3_16_0_ym19_1_1486932527105_45835\">\n<div id=\"yiv0794218968yui_3_16_0_ym19_1_1486452448823_179904\" class=\"yiv0794218968yahoo_quoted\">\n<div id=\"yiv0794218968yui_3_16_0_ym19_1_1486452448823_179903\">\n<div id=\"yiv0794218968yui_3_16_0_ym19_1_1486452448823_179902\">\n<div id=\"yiv0794218968yui_3_16_0_ym19_1_1486452448823_179905\" class=\"yiv0794218968y_msg_container\">\n<div id=\"yiv0794218968\">\n<div id=\"yiv0794218968yui_3_16_0_ym19_1_1486452448823_179911\">\n<h2 class=\"yiv0794218968moz-cite-prefix\" dir=\"ltr\" style=\"text-align: center;\"><strong><span id=\"yiv0794218968yui_3_16_0_ym19_1_1486452448823_179993\" style=\"color: #000000;\">\u00a0le samedi 27 mai aux Planches de M\u00e9lussac 22h<img data-recalc-dims=\"1\" loading=\"lazy\" decoding=\"async\" class=\"alignright size-full wp-image-9230\" src=\"https:\/\/i0.wp.com\/www.fabriceeulry-laboutique.com\/blog\/wp-content\/uploads\/2017\/02\/lp4.jpg?resize=343%2C227\" alt=\"lp4\" width=\"343\" height=\"227\" srcset=\"https:\/\/i0.wp.com\/www.fabriceeulry-laboutique.com\/blog\/wp-content\/uploads\/2017\/02\/lp4.jpg?w=343 343w, https:\/\/i0.wp.com\/www.fabriceeulry-laboutique.com\/blog\/wp-content\/uploads\/2017\/02\/lp4.jpg?resize=300%2C199 300w\" sizes=\"auto, (max-width: 343px) 100vw, 343px\" \/><\/span><\/strong><\/h2>\n<\/div>\n<\/div>\n<\/div>\n<\/div>\n<\/div>\n<\/div>\n<\/div>\n<\/blockquote>\n<h2 style=\"text-align: center;\"><span style=\"color: #000000;\"><strong><br \/>\n<a href=\"http:\/\/www.laplanchedemelussac.com\/masterclass-musique-fabrice-eulry.html\"><img data-recalc-dims=\"1\" loading=\"lazy\" decoding=\"async\" class=\"alignright size-full wp-image-9229\" src=\"https:\/\/i0.wp.com\/www.fabriceeulry-laboutique.com\/blog\/wp-content\/uploads\/2017\/02\/lp3.jpg?resize=266%2C144\" alt=\"lp3\" width=\"266\" height=\"144\" \/><\/a><\/strong><\/span><\/h2>\n<h2 style=\"text-align: center;\"><a href=\"http:\/\/www.laplanchedemelussac.com\/masterclass-musique-fabrice-eulry.html\">\u00a0<\/a><\/h2>\n<h2 style=\"text-align: center;\"><span style=\"color: #000000;\"><strong>Pour d&rsquo;autres r\u00e9server \u00e9crivez \u00e0 l&rsquo;association Boomerang<\/strong><\/span><\/h2>\n<h2 style=\"text-align: center;\"><span style=\"color: #000000;\"><strong> (06 08 74 00 19) :<\/strong><\/span><\/h2>\n<h2 style=\"text-align: center;\"><span style=\"color: #000000;\"><strong>\u00a0<\/strong><\/span><\/h2>\n<div id=\"yui_3_16_0_ym19_1_1486932527105_45835\">\n<div id=\"yiv0794218968yui_3_16_0_ym19_1_1486452448823_179904\" class=\"yiv0794218968yahoo_quoted\">\n<div id=\"yiv0794218968yui_3_16_0_ym19_1_1486452448823_179903\">\n<div id=\"yiv0794218968yui_3_16_0_ym19_1_1486452448823_179902\">\n<div dir=\"ltr\" style=\"text-align: center;\"><a href=\"http:\/\/culture@laplanchedemelussac.com\">culture@laplanchedemelussac.com<\/a><\/div>\n<\/div>\n<\/div>\n<\/div>\n<\/div>\n<p>&nbsp;<\/p>\n<p><a href=\"https:\/\/i0.wp.com\/www.fabriceeulry-laboutique.com\/blog\/wp-content\/uploads\/2017\/05\/melu.jpg\"><img data-recalc-dims=\"1\" loading=\"lazy\" decoding=\"async\" class=\"size-full wp-image-9458 aligncenter\" src=\"https:\/\/i0.wp.com\/www.fabriceeulry-laboutique.com\/blog\/wp-content\/uploads\/2017\/05\/melu.jpg?resize=636%2C361\" alt=\"melu\" width=\"636\" height=\"361\" srcset=\"https:\/\/i0.wp.com\/www.fabriceeulry-laboutique.com\/blog\/wp-content\/uploads\/2017\/05\/melu.jpg?w=636 636w, https:\/\/i0.wp.com\/www.fabriceeulry-laboutique.com\/blog\/wp-content\/uploads\/2017\/05\/melu.jpg?resize=300%2C170 300w\" sizes=\"auto, (max-width: 636px) 100vw, 636px\" \/><\/a><\/p>\n<h2 style=\"text-align: center;\"><span style=\"color: #000000;\"><strong>Pr\u00e8s du Puy en Velay<\/strong><\/span><\/h2>\n<h2 style=\"text-align: center;\"><span style=\"color: #000000;\"><strong><img data-recalc-dims=\"1\" loading=\"lazy\" decoding=\"async\" class=\"size-full wp-image-9224 aligncenter\" src=\"https:\/\/i0.wp.com\/www.fabriceeulry-laboutique.com\/blog\/wp-content\/uploads\/2017\/02\/mc-le-puy.jpg?resize=416%2C297\" alt=\"mc le puy\" width=\"416\" height=\"297\" srcset=\"https:\/\/i0.wp.com\/www.fabriceeulry-laboutique.com\/blog\/wp-content\/uploads\/2017\/02\/mc-le-puy.jpg?w=416 416w, https:\/\/i0.wp.com\/www.fabriceeulry-laboutique.com\/blog\/wp-content\/uploads\/2017\/02\/mc-le-puy.jpg?resize=300%2C214 300w\" sizes=\"auto, (max-width: 416px) 100vw, 416px\" \/><\/strong><\/span><\/h2>\n","protected":false},"excerpt":{"rendered":"<p>&nbsp; \u00a0le samedi 27 mai aux Planches de M\u00e9lussac 22h \u00a0 Pour d&rsquo;autres r\u00e9server \u00e9crivez \u00e0 l&rsquo;association Boomerang (06 08 74 00 19) : \u00a0 culture@laplanchedemelussac.com &nbsp; Pr\u00e8s du Puy en Velay<\/p>\n","protected":false},"author":2,"featured_media":0,"comment_status":"open","ping_status":"open","sticky":false,"template":"","format":"standard","meta":{"jetpack_post_was_ever_published":false,"_jetpack_newsletter_access":"","_jetpack_dont_email_post_to_subs":true,"_jetpack_newsletter_tier_id":0,"_jetpack_memberships_contains_paywalled_content":false,"_jetpack_memberships_contains_paid_content":false,"footnotes":"","jetpack_publicize_message":"","jetpack_publicize_feature_enabled":true,"jetpack_social_post_already_shared":true,"jetpack_social_options":{"image_generator_settings":{"template":"highway","default_image_id":0,"font":"","enabled":false},"version":2}},"categories":[1],"tags":[19],"class_list":["post-9457","post","type-post","status-publish","format-standard","hentry","category-non-classe","tag-annonces-concerts"],"jetpack_publicize_connections":[],"jetpack_featured_media_url":"","jetpack_sharing_enabled":true,"jetpack_shortlink":"https:\/\/wp.me\/p2D6dI-2sx","jetpack_likes_enabled":true,"jetpack-related-posts":[{"id":8725,"url":"http:\/\/www.fabriceeulry-laboutique.com\/blog\/?p=8725","url_meta":{"origin":9457,"position":0},"title":"NOTES EN TRANSES","author":"Le Canard du pianiste","date":"30 ao\u00fbt 2016","format":false,"excerpt":"Fabrice Eulry sur sc\u00e8ne comme vous ne l'avez jamais vu avec une double mise sc\u00e8ne r\u00e9elle et virtuelle. Les vendredi 2 et samedi 3 septembre au domaine de la planche \u00e0 M\u00e9lussac. (cliquez sur l'affiche pour les pr\u00e9cisions sur l'article du journal Le Progr\u00e8s et surtout pour r\u00e9server car le\u2026","rel":"","context":"Dans &quot;Non class\u00e9&quot;","block_context":{"text":"Non class\u00e9","link":"http:\/\/www.fabriceeulry-laboutique.com\/blog\/?cat=1"},"img":{"alt_text":"","src":"https:\/\/i0.wp.com\/www.fabriceeulry-laboutique.com\/blog\/wp-content\/uploads\/2016\/08\/tra.jpg?resize=350%2C200","width":350,"height":200},"classes":[]},{"id":8698,"url":"http:\/\/www.fabriceeulry-laboutique.com\/blog\/?p=8698","url_meta":{"origin":9457,"position":1},"title":"NOTES EN TRANSE AU PUY EN VELAY","author":"Le Canard du pianiste","date":"9 ao\u00fbt 2016","format":false,"excerpt":"\"Je suis tr\u00e8s heureux d'inaugurer en musique le lancement des activit\u00e9s culturelles du\u00a0 Domaine de la Planche de Melussac, avec le spectacle Notes en Transes le 2 et 3 sept\u00a0 en Haute-loire avec Marc Joseph Sigaud qui cr\u00e9era sp\u00e9cialement un d\u00e9cor visuel g\u00e9ant...\" Fabrice Eulry","rel":"","context":"Dans &quot;Non class\u00e9&quot;","block_context":{"text":"Non class\u00e9","link":"http:\/\/www.fabriceeulry-laboutique.com\/blog\/?cat=1"},"img":{"alt_text":"Notes en transe","src":"https:\/\/i0.wp.com\/www.fabriceeulry-laboutique.com\/blog\/wp-content\/uploads\/2016\/08\/Notes-en-transe--300x114.jpg?resize=350%2C200","width":350,"height":200},"classes":[]},{"id":10588,"url":"http:\/\/www.fabriceeulry-laboutique.com\/blog\/?p=10588","url_meta":{"origin":9457,"position":2},"title":"ENCORE DES PLACES POUR CE SOIR \u00c0 L&rsquo;ARCHIPEL","author":"Le Canard du pianiste","date":"12 avril 2018","format":false,"excerpt":"Mais une poign\u00e9e ! Mercredi 11 avril le concert carte blanche de Fabrice Eulry \u00e9tait quasi-complet, et plusieurs personnes ont manifest\u00e9 le d\u00e9sir de revenir aux deux concerts suivants ! En effet : jeudi 12 et Samedi 14 avril (et du mercredi 28 novembre au Samedi 1er d\u00e9cembre) Fabrice Eulry\u2026","rel":"","context":"Dans &quot;Non class\u00e9&quot;","block_context":{"text":"Non class\u00e9","link":"http:\/\/www.fabriceeulry-laboutique.com\/blog\/?cat=1"},"img":{"alt_text":"archi","src":"https:\/\/i0.wp.com\/www.fabriceeulry-laboutique.com\/blog\/wp-content\/uploads\/2018\/02\/archi.png?resize=350%2C200","width":350,"height":200,"srcset":"https:\/\/i0.wp.com\/www.fabriceeulry-laboutique.com\/blog\/wp-content\/uploads\/2018\/02\/archi.png?resize=350%2C200 1x, https:\/\/i0.wp.com\/www.fabriceeulry-laboutique.com\/blog\/wp-content\/uploads\/2018\/02\/archi.png?resize=525%2C300 1.5x, https:\/\/i0.wp.com\/www.fabriceeulry-laboutique.com\/blog\/wp-content\/uploads\/2018\/02\/archi.png?resize=700%2C400 2x"},"classes":[]},{"id":5801,"url":"http:\/\/www.fabriceeulry-laboutique.com\/blog\/?p=5801","url_meta":{"origin":9457,"position":3},"title":"FABRICE EULRY A LAUSANNE","author":"Le Canard du pianiste","date":"16 novembre 2014","format":false,"excerpt":"\u00a0 \u00a0 \u00a0 \u00a0Merci aux m\u00e9lomanes de Suisse (et les autres !) pour leur pr\u00e9sence \u00e0 ces deux concerts en solo dans la merveilleuse salle Paderewski, avec des invit\u00e9s surprises Jacky Milliet\u00a0le samedi (clarinette) et les pianistes Emmanuelle-Marie Beno\u00eet Moreau et Anthony Kazima le dimanche. \u00a0 \u00a0 \u00a0 \u00a0Un beau\u2026","rel":"","context":"Dans &quot;Non class\u00e9&quot;","block_context":{"text":"Non class\u00e9","link":"http:\/\/www.fabriceeulry-laboutique.com\/blog\/?cat=1"},"img":{"alt_text":"","src":"https:\/\/i0.wp.com\/www.fabriceeulry-laboutique.com\/blog\/wp-content\/uploads\/2014\/11\/Pade-.jpg?resize=350%2C200","width":350,"height":200,"srcset":"https:\/\/i0.wp.com\/www.fabriceeulry-laboutique.com\/blog\/wp-content\/uploads\/2014\/11\/Pade-.jpg?resize=350%2C200 1x, https:\/\/i0.wp.com\/www.fabriceeulry-laboutique.com\/blog\/wp-content\/uploads\/2014\/11\/Pade-.jpg?resize=525%2C300 1.5x, https:\/\/i0.wp.com\/www.fabriceeulry-laboutique.com\/blog\/wp-content\/uploads\/2014\/11\/Pade-.jpg?resize=700%2C400 2x"},"classes":[]},{"id":8821,"url":"http:\/\/www.fabriceeulry-laboutique.com\/blog\/?p=8821","url_meta":{"origin":9457,"position":4},"title":"POUR LES MELOMANES DE BOURGOGNE","author":"Le Canard du pianiste","date":"20 septembre 2016","format":false,"excerpt":"Le dernier concert en solo avant de partir aux Etats-unis pour l'enregistrement du volume 2 de La galante des rois (cliquez sur la pochette pour \u00e9couter un extrait) Fabrice Eulry et son piano fou en dvd : (Cliquez sur la pochette pour le commander) \u00a0 Dont voici un extrait :\u2026","rel":"","context":"Dans &quot;Non class\u00e9&quot;","block_context":{"text":"Non class\u00e9","link":"http:\/\/www.fabriceeulry-laboutique.com\/blog\/?cat=1"},"img":{"alt_text":"pinal","src":"https:\/\/i0.wp.com\/www.fabriceeulry-laboutique.com\/blog\/wp-content\/uploads\/2016\/09\/pinal.jpg?resize=350%2C200","width":350,"height":200,"srcset":"https:\/\/i0.wp.com\/www.fabriceeulry-laboutique.com\/blog\/wp-content\/uploads\/2016\/09\/pinal.jpg?resize=350%2C200 1x, https:\/\/i0.wp.com\/www.fabriceeulry-laboutique.com\/blog\/wp-content\/uploads\/2016\/09\/pinal.jpg?resize=525%2C300 1.5x"},"classes":[]},{"id":11098,"url":"http:\/\/www.fabriceeulry-laboutique.com\/blog\/?p=11098","url_meta":{"origin":9457,"position":5},"title":"FABRICE EULRY &#038; LES ROLLING TWISTERS \u00c0 L&rsquo;ARCHIPEL","author":"Le Canard du pianiste","date":"10 novembre 2018","format":false,"excerpt":"Fabrice Eulry sera en solo ce vendredi 30 novembre et samedi 1er d\u00e9cembre (salle rouge 21h) \u00a0 L'ARCHIPEL : Pour r\u00e9server : www.larchipel.net Le trio en disque : Le final d\u00e9jant\u00e9 d'un festival de boogie en 2005 \u00e0 L'Archipel avec Jo\u00ebl Dayd\u00e9, Enzo Mucci, et un 8 mains au piano\u2026","rel":"","context":"Dans &quot;Non class\u00e9&quot;","block_context":{"text":"Non class\u00e9","link":"http:\/\/www.fabriceeulry-laboutique.com\/blog\/?cat=1"},"img":{"alt_text":"archi","src":"https:\/\/i0.wp.com\/www.fabriceeulry-laboutique.com\/blog\/wp-content\/uploads\/2018\/02\/archi.png?resize=350%2C200","width":350,"height":200,"srcset":"https:\/\/i0.wp.com\/www.fabriceeulry-laboutique.com\/blog\/wp-content\/uploads\/2018\/02\/archi.png?resize=350%2C200 1x, https:\/\/i0.wp.com\/www.fabriceeulry-laboutique.com\/blog\/wp-content\/uploads\/2018\/02\/archi.png?resize=525%2C300 1.5x, https:\/\/i0.wp.com\/www.fabriceeulry-laboutique.com\/blog\/wp-content\/uploads\/2018\/02\/archi.png?resize=700%2C400 2x"},"classes":[]}],"_links":{"self":[{"href":"http:\/\/www.fabriceeulry-laboutique.com\/blog\/index.php?rest_route=\/wp\/v2\/posts\/9457","targetHints":{"allow":["GET"]}}],"collection":[{"href":"http:\/\/www.fabriceeulry-laboutique.com\/blog\/index.php?rest_route=\/wp\/v2\/posts"}],"about":[{"href":"http:\/\/www.fabriceeulry-laboutique.com\/blog\/index.php?rest_route=\/wp\/v2\/types\/post"}],"author":[{"embeddable":true,"href":"http:\/\/www.fabriceeulry-laboutique.com\/blog\/index.php?rest_route=\/wp\/v2\/users\/2"}],"replies":[{"embeddable":true,"href":"http:\/\/www.fabriceeulry-laboutique.com\/blog\/index.php?rest_route=%2Fwp%2Fv2%2Fcomments&post=9457"}],"version-history":[{"count":1,"href":"http:\/\/www.fabriceeulry-laboutique.com\/blog\/index.php?rest_route=\/wp\/v2\/posts\/9457\/revisions"}],"predecessor-version":[{"id":9459,"href":"http:\/\/www.fabriceeulry-laboutique.com\/blog\/index.php?rest_route=\/wp\/v2\/posts\/9457\/revisions\/9459"}],"wp:attachment":[{"href":"http:\/\/www.fabriceeulry-laboutique.com\/blog\/index.php?rest_route=%2Fwp%2Fv2%2Fmedia&parent=9457"}],"wp:term":[{"taxonomy":"category","embeddable":true,"href":"http:\/\/www.fabriceeulry-laboutique.com\/blog\/index.php?rest_route=%2Fwp%2Fv2%2Fcategories&post=9457"},{"taxonomy":"post_tag","embeddable":true,"href":"http:\/\/www.fabriceeulry-laboutique.com\/blog\/index.php?rest_route=%2Fwp%2Fv2%2Ftags&post=9457"}],"curies":[{"name":"wp","href":"https:\/\/api.w.org\/{rel}","templated":true}]}}