{"id":9498,"date":"2017-06-15T16:48:03","date_gmt":"2017-06-15T16:48:03","guid":{"rendered":"http:\/\/www.fabriceeulry-laboutique.com\/blog\/?p=9498"},"modified":"2018-12-12T01:37:45","modified_gmt":"2018-12-12T01:37:45","slug":"conference-sur-le-blues","status":"publish","type":"post","link":"http:\/\/www.fabriceeulry-laboutique.com\/blog\/?p=9498","title":{"rendered":"CONF\u00c9RENCE SUR LE BLUES"},"content":{"rendered":"<h2 style=\"text-align: center;\"><span style=\"color: #000000;\"><strong>Dans le cadre des activit\u00e9s de l&rsquo;association <a href=\"http:\/\/www.fabriceeulry-laboutique.com\/blog\/?p=9464\">Blues en Aveyron<\/a>, une conf\u00e9rence \u00e9tait donn\u00e9e au Nayrac par Fabrice Eulry devant un auditoire tr\u00e8s attentif.<\/strong><\/span><\/h2>\n<p><img data-recalc-dims=\"1\" loading=\"lazy\" decoding=\"async\" class=\"size-full wp-image-9505 aligncenter\" src=\"https:\/\/i0.wp.com\/www.fabriceeulry-laboutique.com\/blog\/wp-content\/uploads\/2017\/06\/confb7.jpg?resize=623%2C420\" alt=\"confb7\" width=\"623\" height=\"420\" srcset=\"https:\/\/i0.wp.com\/www.fabriceeulry-laboutique.com\/blog\/wp-content\/uploads\/2017\/06\/confb7.jpg?w=623 623w, https:\/\/i0.wp.com\/www.fabriceeulry-laboutique.com\/blog\/wp-content\/uploads\/2017\/06\/confb7.jpg?resize=300%2C202 300w\" sizes=\"auto, (max-width: 623px) 100vw, 623px\" \/><\/p>\n<h2 style=\"text-align: center;\"><span style=\"color: #000000;\"><strong>Une carte du monde \u00e0 main lev\u00e9e pour expliquer la gen\u00e8se du blues \u00e0 travers le commerce triangulaire puis les migrations nord-sud aux \u00c9tats-unis au gr\u00e9 des crises \u00e9conomiques.<\/strong><\/span><\/h2>\n<p><img data-recalc-dims=\"1\" loading=\"lazy\" decoding=\"async\" class=\"size-full wp-image-9501 aligncenter\" src=\"https:\/\/i0.wp.com\/www.fabriceeulry-laboutique.com\/blog\/wp-content\/uploads\/2017\/06\/confb3.jpg?resize=294%2C411\" alt=\"confb3\" width=\"294\" height=\"411\" srcset=\"https:\/\/i0.wp.com\/www.fabriceeulry-laboutique.com\/blog\/wp-content\/uploads\/2017\/06\/confb3.jpg?w=294 294w, https:\/\/i0.wp.com\/www.fabriceeulry-laboutique.com\/blog\/wp-content\/uploads\/2017\/06\/confb3.jpg?resize=215%2C300 215w\" sizes=\"auto, (max-width: 294px) 100vw, 294px\" \/><\/p>\n<h2><span style=\"color: #000000;\"><strong>De quel quoi s&rsquo;agit-il ?<\/strong><\/span><\/h2>\n<ul>\n<li>\n<h2><span style=\"color: #000000;\"><strong>M\u00e9tier \u00e0 tisser ?<\/strong><\/span><\/h2>\n<\/li>\n<li>\n<h2><span style=\"color: #000000;\"><strong>Pedal steel ?<\/strong><\/span><\/h2>\n<\/li>\n<li>\n<h2><span style=\"color: #000000;\"><strong>Orgue \u00e9lectrique ?<\/strong><\/span><\/h2>\n<\/li>\n<li>\n<h2><span style=\"color: #000000;\"><strong>\u00c9tabli de menuisier ?<\/strong><\/span><\/h2>\n<\/li>\n<\/ul>\n<p><a href=\"https:\/\/i0.wp.com\/www.fabriceeulry-laboutique.com\/blog\/wp-content\/uploads\/2017\/06\/confb1.jpg\"><img data-recalc-dims=\"1\" loading=\"lazy\" decoding=\"async\" class=\"size-full wp-image-9499 aligncenter\" src=\"https:\/\/i0.wp.com\/www.fabriceeulry-laboutique.com\/blog\/wp-content\/uploads\/2017\/06\/confb1.jpg?resize=548%2C424\" alt=\"confb1\" width=\"548\" height=\"424\" srcset=\"https:\/\/i0.wp.com\/www.fabriceeulry-laboutique.com\/blog\/wp-content\/uploads\/2017\/06\/confb1.jpg?w=548 548w, https:\/\/i0.wp.com\/www.fabriceeulry-laboutique.com\/blog\/wp-content\/uploads\/2017\/06\/confb1.jpg?resize=300%2C232 300w\" sizes=\"auto, (max-width: 548px) 100vw, 548px\" \/><\/a><a href=\"https:\/\/i0.wp.com\/www.fabriceeulry-laboutique.com\/blog\/wp-content\/uploads\/2017\/06\/confb4.jpg\"><br \/>\n<img data-recalc-dims=\"1\" loading=\"lazy\" decoding=\"async\" class=\"alignright size-full wp-image-9502\" src=\"https:\/\/i0.wp.com\/www.fabriceeulry-laboutique.com\/blog\/wp-content\/uploads\/2017\/06\/confb4.jpg?resize=541%2C474\" alt=\"confb4\" width=\"541\" height=\"474\" srcset=\"https:\/\/i0.wp.com\/www.fabriceeulry-laboutique.com\/blog\/wp-content\/uploads\/2017\/06\/confb4.jpg?w=541 541w, https:\/\/i0.wp.com\/www.fabriceeulry-laboutique.com\/blog\/wp-content\/uploads\/2017\/06\/confb4.jpg?resize=300%2C263 300w\" sizes=\"auto, (max-width: 541px) 100vw, 541px\" \/><\/a><span style=\"color: #000000;\"><strong><br \/>\nUn <\/strong><\/span><\/p>\n<p><span style=\"color: #000000;\"><strong>\u00a0point sur les racines de la <\/strong><\/span><span style=\"color: #000000;\"><strong>musique afro-am\u00e9ricaine : gospel <\/strong><\/span><span style=\"color: #000000;\"><strong>ragtime et blues !<\/strong><\/span><\/p>\n<h2 style=\"text-align: center;\"><span style=\"color: #000000;\"><strong>Un hommage \u00e0 Ray Charles en faisant entendre le son du piano Wurlitzer sur lequel il a enregistr\u00e9 What&rsquo;d I say. (Merci \u00e0 Aline Raynaldi pour les photos).<\/strong><\/span><\/h2>\n<p><img data-recalc-dims=\"1\" loading=\"lazy\" decoding=\"async\" class=\"size-full wp-image-9503 aligncenter\" src=\"https:\/\/i0.wp.com\/www.fabriceeulry-laboutique.com\/blog\/wp-content\/uploads\/2017\/06\/confb5.jpg?resize=540%2C474\" alt=\"confb5\" width=\"540\" height=\"474\" srcset=\"https:\/\/i0.wp.com\/www.fabriceeulry-laboutique.com\/blog\/wp-content\/uploads\/2017\/06\/confb5.jpg?w=540 540w, https:\/\/i0.wp.com\/www.fabriceeulry-laboutique.com\/blog\/wp-content\/uploads\/2017\/06\/confb5.jpg?resize=300%2C263 300w\" sizes=\"auto, (max-width: 540px) 100vw, 540px\" \/><\/p>\n<h2 style=\"text-align: center;\"><span style=\"color: #000000;\"><strong>Avant de finir d&rsquo;\u00e9voquer le Sweet home Chicago de Robert Johnson<\/strong><\/span><\/h2>\n<h2 style=\"text-align: center;\"><img data-recalc-dims=\"1\" loading=\"lazy\" decoding=\"async\" class=\"alignright size-full wp-image-9506\" src=\"https:\/\/i0.wp.com\/www.fabriceeulry-laboutique.com\/blog\/wp-content\/uploads\/2017\/06\/Robert-Johnson-photo.jpg?resize=640%2C640\" alt=\"Robert-Johnson-photo\" width=\"640\" height=\"640\" \/><\/h2>\n<h2 style=\"text-align: center;\"><span style=\"color: #000000;\">Adh\u00e9rez \u00e0 l&rsquo;association <a href=\"http:\/\/www.fabriceeulry-laboutique.com\/blog\/?p=9464\">Blues en Aveyron !<\/a><\/span><\/h2>\n","protected":false},"excerpt":{"rendered":"<p>Dans le cadre des activit\u00e9s de l&rsquo;association Blues en Aveyron, une conf\u00e9rence \u00e9tait donn\u00e9e au Nayrac par Fabrice Eulry devant un auditoire tr\u00e8s attentif. Une carte du monde \u00e0 main lev\u00e9e pour expliquer la gen\u00e8se du blues \u00e0 travers le &hellip; <a href=\"http:\/\/www.fabriceeulry-laboutique.com\/blog\/?p=9498\">Continuer la lecture <span class=\"meta-nav\">&rarr;<\/span><\/a><\/p>\n","protected":false},"author":2,"featured_media":0,"comment_status":"open","ping_status":"open","sticky":false,"template":"","format":"standard","meta":{"jetpack_post_was_ever_published":false,"_jetpack_newsletter_access":"","_jetpack_dont_email_post_to_subs":true,"_jetpack_newsletter_tier_id":0,"_jetpack_memberships_contains_paywalled_content":false,"_jetpack_memberships_contains_paid_content":false,"footnotes":"","jetpack_publicize_message":"","jetpack_publicize_feature_enabled":true,"jetpack_social_post_already_shared":true,"jetpack_social_options":{"image_generator_settings":{"template":"highway","default_image_id":0,"font":"","enabled":false},"version":2}},"categories":[1],"tags":[8],"class_list":["post-9498","post","type-post","status-publish","format-standard","hentry","category-non-classe","tag-blues"],"jetpack_publicize_connections":[],"jetpack_featured_media_url":"","jetpack_sharing_enabled":true,"jetpack_shortlink":"https:\/\/wp.me\/p2D6dI-2tc","jetpack_likes_enabled":true,"jetpack-related-posts":[{"id":9595,"url":"http:\/\/www.fabriceeulry-laboutique.com\/blog\/?p=9595","url_meta":{"origin":9498,"position":0},"title":"LE PIANO WURLITZER DE RAY CHARLES","author":"Le Canard du pianiste","date":"24 ao\u00fbt 2017","format":false,"excerpt":"Le piano \u00e9lectrique Wurlitzer comprend 64 touches. Les sons sont produits par des marteaux percutant des lames de m\u00e9tal et amplifi\u00e9 dans deux petits hautparleurs incorpor\u00e9s. Utilis\u00e9 de Ray Charles \u00e0 Supertramp, des Doors \u00e0 Daft punk, il n'a qu'un seul son mais celui-ci est inimitable. Pour cette raison, il\u2026","rel":"","context":"Dans &quot;Non class\u00e9&quot;","block_context":{"text":"Non class\u00e9","link":"http:\/\/www.fabriceeulry-laboutique.com\/blog\/?cat=1"},"img":{"alt_text":"","src":"https:\/\/i0.wp.com\/www.fabriceeulry-laboutique.com\/blog\/wp-content\/uploads\/2017\/07\/Concfblues.jpg?resize=350%2C200","width":350,"height":200,"srcset":"https:\/\/i0.wp.com\/www.fabriceeulry-laboutique.com\/blog\/wp-content\/uploads\/2017\/07\/Concfblues.jpg?resize=350%2C200 1x, https:\/\/i0.wp.com\/www.fabriceeulry-laboutique.com\/blog\/wp-content\/uploads\/2017\/07\/Concfblues.jpg?resize=525%2C300 1.5x"},"classes":[]},{"id":6807,"url":"http:\/\/www.fabriceeulry-laboutique.com\/blog\/?p=6807","url_meta":{"origin":9498,"position":1},"title":"CONFERENCE-CONCERT SUR LE BLUES","author":"Le Canard du pianiste","date":"29 avril 2015","format":false,"excerpt":"Le mardi 28 avril 2015, la Fondation R\u00e9sonnance a pr\u00e9sent\u00e9 une conf\u00e9rence-concert-d\u00e9bat sur le blues donn\u00e9e par Jacky Milliet et Fabrice Eulry. Jacky Milliet \u00e9voque le bouillon de culture louisianais et quelques anecdotes sur les pionniers du blues de la Nouvelle Orl\u00e9ans.\u00a0 \u00a0 Le blues illustr\u00e9 en musique avec Tin\u2026","rel":"","context":"Dans &quot;Non class\u00e9&quot;","block_context":{"text":"Non class\u00e9","link":"http:\/\/www.fabriceeulry-laboutique.com\/blog\/?cat=1"},"img":{"alt_text":"","src":"https:\/\/i0.wp.com\/www.fabriceeulry-laboutique.com\/blog\/wp-content\/uploads\/2015\/04\/conf-5-.jpg?resize=350%2C200","width":350,"height":200},"classes":[]},{"id":11823,"url":"http:\/\/www.fabriceeulry-laboutique.com\/blog\/?p=11823","url_meta":{"origin":9498,"position":2},"title":"CONF\u00c9RENCE SUR LE BLUES POUR 600 ENFANTS","author":"Le Canard du pianiste","date":"28 avril 2019","format":false,"excerpt":"La communaut\u00e9 de commune du Rignacois accueillait les \u00e9l\u00e8ves de plusieurs \u00e9coles dans la splendide salle de Rignac. La jeunesse de cette contr\u00e9e de l'Aveyron qui pr\u00e9sente quelques bijoux (comme le village et le ch\u00e2teau de Bel Castel)\u00a0va assister \u00e0 une conf\u00e9rence qui retrace la gen\u00e8se du blues mais explique\u2026","rel":"","context":"Dans &quot;Non class\u00e9&quot;","block_context":{"text":"Non class\u00e9","link":"http:\/\/www.fabriceeulry-laboutique.com\/blog\/?cat=1"},"img":{"alt_text":"","src":"https:\/\/i0.wp.com\/www.fabriceeulry-laboutique.com\/blog\/wp-content\/uploads\/2019\/04\/scorignac.jpg?resize=350%2C200","width":350,"height":200,"srcset":"https:\/\/i0.wp.com\/www.fabriceeulry-laboutique.com\/blog\/wp-content\/uploads\/2019\/04\/scorignac.jpg?resize=350%2C200 1x, https:\/\/i0.wp.com\/www.fabriceeulry-laboutique.com\/blog\/wp-content\/uploads\/2019\/04\/scorignac.jpg?resize=525%2C300 1.5x, https:\/\/i0.wp.com\/www.fabriceeulry-laboutique.com\/blog\/wp-content\/uploads\/2019\/04\/scorignac.jpg?resize=700%2C400 2x, https:\/\/i0.wp.com\/www.fabriceeulry-laboutique.com\/blog\/wp-content\/uploads\/2019\/04\/scorignac.jpg?resize=1050%2C600 3x, https:\/\/i0.wp.com\/www.fabriceeulry-laboutique.com\/blog\/wp-content\/uploads\/2019\/04\/scorignac.jpg?resize=1400%2C800 4x"},"classes":[]},{"id":9702,"url":"http:\/\/www.fabriceeulry-laboutique.com\/blog\/?p=9702","url_meta":{"origin":9498,"position":3},"title":"DANS L&rsquo;AUBRAC CONF\u00c9RENCE SUR LE SWING !","author":"Le Canard du pianiste","date":"14 septembre 2017","format":false,"excerpt":"La d\u00e9licieuse petite ville de Sainte Genevi\u00e8ve sur Argence recevait ce 13 septembre Fabrice Eulry qui, pour l'association BLUES en AVEYRON, donna une conf\u00e9rence sur le swing. Le swing captive la jeunesse aveyronnaise ! \u00a0 \u00c0 ce sujet Blues en Aveyron remercie le conseil municipal pour ses efforts en la\u2026","rel":"","context":"Dans &quot;Non class\u00e9&quot;","block_context":{"text":"Non class\u00e9","link":"http:\/\/www.fabriceeulry-laboutique.com\/blog\/?cat=1"},"img":{"alt_text":"","src":"https:\/\/i0.wp.com\/www.fabriceeulry-laboutique.com\/blog\/wp-content\/uploads\/2017\/09\/con1.png?resize=350%2C200","width":350,"height":200},"classes":[]},{"id":11890,"url":"http:\/\/www.fabriceeulry-laboutique.com\/blog\/?p=11890","url_meta":{"origin":9498,"position":4},"title":"CONF\u00c9RENCE BLUES POUR UN MILLIER DE JEUNES","author":"Le Canard du pianiste","date":"20 mai 2019","format":false,"excerpt":"Gr\u00e2ce \u00e0 Fred Bonnet, professeur adul\u00e9 du conservatoire d'Espalion, 1000 \u00e9l\u00e8ves des \u00e9coles et coll\u00e8ges furent rassembl\u00e9s en plusieurs sessions dans la vaste salle Poulenc\u00a0pour\u00a0assister\u00a0\u00e0\u00a0une\u00a0conf\u00e9rence\u00a0sur\u00a0le\u00a0blues\u00a0donn\u00e9e\u00a0par\u00a0Fabrice\u00a0Eulry\u00a0dans\u00a0le\u00a0cadre\u00a0du\u00a0festival\u00a0Blues\u00a0en\u00a0Aveyron. Apr\u00e8s une demi-heure de r\u00e9cits sur l'histoire du blues, agr\u00e9ment\u00e9 d'\u00e9changes\u00a0et de r\u00e9flexions avec\u00a0les\u00a0jeunes\u00a0sur\u00a0la\u00a0question\u00a0l'esclavage\u00a0et\u00a0de\u00a0la\u00a0r\u00e9silience\u00a0par\u00a0la\u00a0musique... ... d'images de vid\u00e9os, et de morceaux de pianos, Les enfants\u2026","rel":"","context":"Dans &quot;Non class\u00e9&quot;","block_context":{"text":"Non class\u00e9","link":"http:\/\/www.fabriceeulry-laboutique.com\/blog\/?cat=1"},"img":{"alt_text":"","src":"https:\/\/i0.wp.com\/www.fabriceeulry-laboutique.com\/blog\/wp-content\/uploads\/2019\/05\/Confe5.png?resize=350%2C200","width":350,"height":200},"classes":[]},{"id":11498,"url":"http:\/\/www.fabriceeulry-laboutique.com\/blog\/?p=11498","url_meta":{"origin":9498,"position":5},"title":"LE FESTIVAL BLUES EN AVEYRON 2019 !","author":"Le Canard du pianiste","date":"14 janvier 2019","format":false,"excerpt":"Chers amis du blues,L'association Blues en Aveyron a d\u00e9j\u00e0 \u00e0 son actif deux \u00e9ditions du festival BLUES EN AVEYRON. Les Pr\u00e9ambules du Festival 2019 12 mars 2019 14h30 Concert pour le public scolaire Fabrice EULRY conte le Blues Entr\u00e9e Libre (Eglise St Pie X de Bozouls) * 19 avril 2019\u2026","rel":"","context":"Dans &quot;Non class\u00e9&quot;","block_context":{"text":"Non class\u00e9","link":"http:\/\/www.fabriceeulry-laboutique.com\/blog\/?cat=1"},"img":{"alt_text":"","src":"https:\/\/i0.wp.com\/www.fabriceeulry-laboutique.com\/blog\/wp-content\/uploads\/2019\/03\/milliet-eulry.png?resize=350%2C200","width":350,"height":200,"srcset":"https:\/\/i0.wp.com\/www.fabriceeulry-laboutique.com\/blog\/wp-content\/uploads\/2019\/03\/milliet-eulry.png?resize=350%2C200 1x, https:\/\/i0.wp.com\/www.fabriceeulry-laboutique.com\/blog\/wp-content\/uploads\/2019\/03\/milliet-eulry.png?resize=525%2C300 1.5x, https:\/\/i0.wp.com\/www.fabriceeulry-laboutique.com\/blog\/wp-content\/uploads\/2019\/03\/milliet-eulry.png?resize=700%2C400 2x"},"classes":[]}],"_links":{"self":[{"href":"http:\/\/www.fabriceeulry-laboutique.com\/blog\/index.php?rest_route=\/wp\/v2\/posts\/9498","targetHints":{"allow":["GET"]}}],"collection":[{"href":"http:\/\/www.fabriceeulry-laboutique.com\/blog\/index.php?rest_route=\/wp\/v2\/posts"}],"about":[{"href":"http:\/\/www.fabriceeulry-laboutique.com\/blog\/index.php?rest_route=\/wp\/v2\/types\/post"}],"author":[{"embeddable":true,"href":"http:\/\/www.fabriceeulry-laboutique.com\/blog\/index.php?rest_route=\/wp\/v2\/users\/2"}],"replies":[{"embeddable":true,"href":"http:\/\/www.fabriceeulry-laboutique.com\/blog\/index.php?rest_route=%2Fwp%2Fv2%2Fcomments&post=9498"}],"version-history":[{"count":2,"href":"http:\/\/www.fabriceeulry-laboutique.com\/blog\/index.php?rest_route=\/wp\/v2\/posts\/9498\/revisions"}],"predecessor-version":[{"id":11267,"href":"http:\/\/www.fabriceeulry-laboutique.com\/blog\/index.php?rest_route=\/wp\/v2\/posts\/9498\/revisions\/11267"}],"wp:attachment":[{"href":"http:\/\/www.fabriceeulry-laboutique.com\/blog\/index.php?rest_route=%2Fwp%2Fv2%2Fmedia&parent=9498"}],"wp:term":[{"taxonomy":"category","embeddable":true,"href":"http:\/\/www.fabriceeulry-laboutique.com\/blog\/index.php?rest_route=%2Fwp%2Fv2%2Fcategories&post=9498"},{"taxonomy":"post_tag","embeddable":true,"href":"http:\/\/www.fabriceeulry-laboutique.com\/blog\/index.php?rest_route=%2Fwp%2Fv2%2Ftags&post=9498"}],"curies":[{"name":"wp","href":"https:\/\/api.w.org\/{rel}","templated":true}]}}