{"id":9595,"date":"2017-08-24T14:20:01","date_gmt":"2017-08-24T14:20:01","guid":{"rendered":"http:\/\/www.fabriceeulry-laboutique.com\/blog\/?p=9595"},"modified":"2018-12-12T01:19:41","modified_gmt":"2018-12-12T01:19:41","slug":"le-piano-wurlitzer-de-ray-charles","status":"publish","type":"post","link":"http:\/\/www.fabriceeulry-laboutique.com\/blog\/?p=9595","title":{"rendered":"LE PIANO WURLITZER DE RAY CHARLES"},"content":{"rendered":"<h2 style=\"text-align: center;\"><span style=\"color: #000000;\"><strong>Le piano \u00e9lectrique Wurlitzer comprend 64 touches. Les sons sont produits par des marteaux percutant des lames de m\u00e9tal et amplifi\u00e9 dans deux petits hautparleurs incorpor\u00e9s.<\/strong><\/span><\/h2>\n<h2 style=\"text-align: center;\"><span style=\"color: #000000;\"><strong>Utilis\u00e9 de Ray Charles \u00e0 Supertramp, des Doors \u00e0 Daft punk, il n&rsquo;a qu&rsquo;un seul son mais celui-ci est inimitable. Pour cette raison, il a surv\u00e9cu aux ann\u00e9es quatre-vingt qui, \u00e9poque \u00e0 laquelle les synth\u00e9tiseurs ont \u00e9chantillonn\u00e9 le son de chaque instrument mena\u00e7ant de tous les remplacer.<\/strong><\/span><\/h2>\n<h2 style=\"text-align: center;\"><span style=\"color: #000000;\"><strong>Ici Fabrice Eulry en<br \/>\n<a href=\"https:\/\/i0.wp.com\/www.fabriceeulry-laboutique.com\/blog\/wp-content\/uploads\/2017\/07\/Concfblues.jpg\"><img data-recalc-dims=\"1\" loading=\"lazy\" decoding=\"async\" class=\"alignright size-full wp-image-9596\" src=\"https:\/\/i0.wp.com\/www.fabriceeulry-laboutique.com\/blog\/wp-content\/uploads\/2017\/07\/Concfblues.jpg?resize=536%2C338\" alt=\"Concfblues\" width=\"536\" height=\"338\" srcset=\"https:\/\/i0.wp.com\/www.fabriceeulry-laboutique.com\/blog\/wp-content\/uploads\/2017\/07\/Concfblues.jpg?w=536 536w, https:\/\/i0.wp.com\/www.fabriceeulry-laboutique.com\/blog\/wp-content\/uploads\/2017\/07\/Concfblues.jpg?resize=300%2C189 300w\" sizes=\"auto, (max-width: 536px) 100vw, 536px\" \/><\/a>\u00a0action sur le piano Wurlitzer lors de la conf\u00e9rence qu&rsquo;il donna sur le blues au Nayrac. Sa prochaine conf\u00e9rence portera sur le swing : il l&rsquo;illustrera en tant que forme de pulsation et en tant que courant musical en exposera l&rsquo;histoire et l&rsquo;\u00e9volution complexe de ce courant musical.<\/strong><\/span><\/h2>\n<h2 style=\"text-align: center;\"><strong><span style=\"color: #000000;\">Tout d&rsquo;abord une bonne nouvelle ! Il a finalement \u00e9t\u00e9 d\u00e9cid\u00e9 que l&rsquo;acc\u00e8s \u00e0 cette conf\u00e9rence soit totalement libre !<\/span><\/strong><\/h2>\n<h2 style=\"text-align: center;\"><span style=\"color: #000000;\"><strong>Profitez-en mais n&rsquo;oubliez pas d&rsquo;adh\u00e9rer \u00e0 Blues En Aveyron !<\/strong><\/span><\/h2>\n<h2 style=\"text-align: center;\"><strong><span style=\"color: #000000;\">Chers amis du blues, chers adh\u00e9rents de Blues en Aveyron,<\/span><\/strong><\/h2>\n<h2 style=\"text-align: center;\"><span style=\"color: #000000;\"><strong>L&rsquo;association reprend ses activit\u00e9s d\u00e8s septembre et proposera divers \u00e9v\u00e8nements au cours de la saison dont l&rsquo;apoth\u00e9ose sera bien s\u00fbr le festival d\u00e9but mai 2018, et tout d&rsquo;abord :<\/strong><\/span><\/h2>\n<p><a href=\"https:\/\/i0.wp.com\/www.fabriceeulry-laboutique.com\/blog\/wp-content\/uploads\/2017\/08\/CONFSWINGAV.png\"><img data-recalc-dims=\"1\" loading=\"lazy\" decoding=\"async\" class=\"size-full wp-image-9669 aligncenter\" src=\"https:\/\/i0.wp.com\/www.fabriceeulry-laboutique.com\/blog\/wp-content\/uploads\/2017\/08\/CONFSWINGAV.png?resize=326%2C462\" alt=\"CONFSWINGAV\" width=\"326\" height=\"462\" srcset=\"https:\/\/i0.wp.com\/www.fabriceeulry-laboutique.com\/blog\/wp-content\/uploads\/2017\/08\/CONFSWINGAV.png?w=326 326w, https:\/\/i0.wp.com\/www.fabriceeulry-laboutique.com\/blog\/wp-content\/uploads\/2017\/08\/CONFSWINGAV.png?resize=212%2C300 212w, https:\/\/i0.wp.com\/www.fabriceeulry-laboutique.com\/blog\/wp-content\/uploads\/2017\/08\/CONFSWINGAV.png?resize=300%2C425 300w\" sizes=\"auto, (max-width: 326px) 100vw, 326px\" \/><\/a><\/p>\n<h2 style=\"text-align: center;\"><span style=\"color: #000000;\"><strong><span id=\"yiv6016373704yui_3_16_0_ym19_1_1496434554988_68709\">Le festival BLUES EN AVEYRON 2018 accueillera entre autres le chanteur RICKY NORTON !<\/span><\/strong><\/span><\/h2>\n<p><a href=\"https:\/\/www.youtube.com\/watch?v=eKH05vspAkY\"><img data-recalc-dims=\"1\" loading=\"lazy\" decoding=\"async\" class=\"alignright size-full wp-image-9600\" src=\"https:\/\/i0.wp.com\/www.fabriceeulry-laboutique.com\/blog\/wp-content\/uploads\/2017\/07\/Norton-1.jpg?resize=261%2C175\" alt=\"Norton 1\" width=\"261\" height=\"175\" \/><\/a><\/p>\n<h2 style=\"text-align: center;\"><span style=\"color: #000000;\"><strong><span id=\"yiv6016373704yui_3_16_0_ym19_1_1496434554988_68709\">L&rsquo;association Blues en Aveyron a la joie de vous annoncer que cette t\u00eate d&rsquo;affiche du rock&rsquo;n roll<\/span><\/strong><\/span><\/h2>\n<p style=\"text-align: center;\"><span style=\"color: #000000;\">(cliquez sur une image pour visionner la vid\u00e9o de son concert au casino de Bordeaux)<\/span><\/p>\n<h2 style=\"text-align: center;\"><strong style=\"color: #000000; font-size: 16px; line-height: 1.5;\"><span id=\"yiv6016373704yui_3_16_0_ym19_1_1496434554988_68709\"><a href=\"https:\/\/www.youtube.com\/watch?v=eKH05vspAkY\"><img data-recalc-dims=\"1\" loading=\"lazy\" decoding=\"async\" class=\"size-full wp-image-9599 aligncenter\" src=\"https:\/\/i0.wp.com\/www.fabriceeulry-laboutique.com\/blog\/wp-content\/uploads\/2017\/07\/Norton-7.jpg?resize=349%2C276\" alt=\"Norton 7\" width=\"349\" height=\"276\" srcset=\"https:\/\/i0.wp.com\/www.fabriceeulry-laboutique.com\/blog\/wp-content\/uploads\/2017\/07\/Norton-7.jpg?w=349 349w, https:\/\/i0.wp.com\/www.fabriceeulry-laboutique.com\/blog\/wp-content\/uploads\/2017\/07\/Norton-7.jpg?resize=300%2C237 300w\" sizes=\"auto, (max-width: 349px) 100vw, 349px\" \/><\/a><\/span><\/strong><\/h2>\n<h1 style=\"text-align: center;\"><strong style=\"color: #000000; font-size: 16px; line-height: 1.5;\"><span id=\"yiv6016373704yui_3_16_0_ym19_1_1496434554988_68709\">sera accompagn\u00e9e par l&rsquo;orchestre de Fabrice Eulry le vendredi 4 mai au Nayrac et le samedi 5 mai \u00e0 Espalion (salle Poulenc)<\/span><\/strong><a href=\"https:\/\/i0.wp.com\/www.fabriceeulry-laboutique.com\/blog\/wp-content\/uploads\/2017\/07\/Norton-3.jpg\"><br \/>\n<img data-recalc-dims=\"1\" loading=\"lazy\" decoding=\"async\" class=\"size-full wp-image-9602 aligncenter\" src=\"https:\/\/i0.wp.com\/www.fabriceeulry-laboutique.com\/blog\/wp-content\/uploads\/2017\/07\/Norton-3.jpg?resize=248%2C254\" alt=\"Norton 3\" width=\"248\" height=\"254\" \/><\/a><\/h1>\n<h2 dir=\"ltr\" style=\"text-align: center;\"><span style=\"color: #000000;\"><strong><span id=\"yiv6016373704yui_3_16_0_ym19_1_1496434554988_68858\">BLUES EN AVEYRON a d\u00e9j\u00e0 \u00e0 son actif une premi\u00e8re \u00e9dition du festival\u00a0<\/span><\/strong><\/span><\/h2>\n<h2 style=\"text-align: center;\"><a href=\"https:\/\/i0.wp.com\/www.fabriceeulry-laboutique.com\/blog\/wp-content\/uploads\/2017\/05\/BeA.png\"><img data-recalc-dims=\"1\" loading=\"lazy\" decoding=\"async\" class=\"size-full wp-image-9439 aligncenter\" src=\"https:\/\/i0.wp.com\/www.fabriceeulry-laboutique.com\/blog\/wp-content\/uploads\/2017\/05\/BeA.png?resize=400%2C567\" alt=\"BeA\" width=\"400\" height=\"567\" srcset=\"https:\/\/i0.wp.com\/www.fabriceeulry-laboutique.com\/blog\/wp-content\/uploads\/2017\/05\/BeA.png?w=400 400w, https:\/\/i0.wp.com\/www.fabriceeulry-laboutique.com\/blog\/wp-content\/uploads\/2017\/05\/BeA.png?resize=212%2C300 212w, https:\/\/i0.wp.com\/www.fabriceeulry-laboutique.com\/blog\/wp-content\/uploads\/2017\/05\/BeA.png?resize=300%2C425 300w\" sizes=\"auto, (max-width: 400px) 100vw, 400px\" \/><\/a><span style=\"color: #000000;\"><strong><span id=\"yiv6016373704yui_3_16_0_ym19_1_1496434554988_68886\">Adh\u00e9rez \u00e0 l&rsquo;association BLUES EN AVEYRON pour promouvoir le blues et le patrimoine aveyronnais.\u00a0<a href=\"http:\/\/www.fabriceeulry-laboutique.com\/blog\/wp-content\/uploads\/2017\/03\/saint-c\u00f4me.jpg\"><br \/>\n<\/a><\/span><\/strong><\/span><\/h2>\n<p><a href=\"https:\/\/i0.wp.com\/www.fabriceeulry-laboutique.com\/blog\/wp-content\/uploads\/2017\/05\/BeA-5tet.png\"><img data-recalc-dims=\"1\" loading=\"lazy\" decoding=\"async\" class=\"size-full wp-image-9437 aligncenter\" src=\"https:\/\/i0.wp.com\/www.fabriceeulry-laboutique.com\/blog\/wp-content\/uploads\/2017\/05\/BeA-5tet.png?resize=538%2C405\" alt=\"BeA 5tet\" width=\"538\" height=\"405\" srcset=\"https:\/\/i0.wp.com\/www.fabriceeulry-laboutique.com\/blog\/wp-content\/uploads\/2017\/05\/BeA-5tet.png?w=538 538w, https:\/\/i0.wp.com\/www.fabriceeulry-laboutique.com\/blog\/wp-content\/uploads\/2017\/05\/BeA-5tet.png?resize=300%2C226 300w\" sizes=\"auto, (max-width: 538px) 100vw, 538px\" \/><\/a><\/p>\n<h2 id=\"yiv6016373704yui_3_16_0_ym19_1_1496434554988_68694\" dir=\"ltr\" style=\"text-align: center;\"><span style=\"color: #000000;\"><strong><span id=\"yiv6016373704yui_3_16_0_ym19_1_1496434554988_68934\">Votre adh\u00e9sion (20 \u20ac pour une ann\u00e9e) vous donnera droit entre autres, \u00e0 deux entr\u00e9es gratuites dans un des quatre concerts d\u00e9j\u00e0 programm\u00e9s par l&rsquo;association dans le cadre de la deuxi\u00e8me \u00e9dition du festival Blues en Aveyron d\u00e9but mai 2018 autour de la ville d&rsquo;Espalion.<\/span><\/strong><\/span><\/h2>\n<h2 id=\"yiv6016373704yui_3_16_0_ym19_1_1496434554988_68694\" dir=\"ltr\" style=\"text-align: center;\"><span style=\"color: #000000;\"><strong><span id=\"yiv6016373704yui_3_16_0_ym19_1_1496434554988_69178\">Pour adh\u00e9rer il vous suffit d&rsquo;envoyer un ch\u00e8que de 20 \u20ac \u00e0 l&rsquo;ordre de Blues en Aveyron, et de le joindre au bulletin d&rsquo;adh\u00e9sion (ci-dessous) d\u00fbment rempli<\/span><\/strong><\/span><\/h2>\n<div id=\"yiv6016373704yqtfd47329\" class=\"yiv6016373704yqt8853084425\">\n<h2 id=\"yiv6016373704yui_3_16_0_ym19_1_1496434554988_68694\" dir=\"ltr\" style=\"text-align: center;\"><span style=\"color: #000000;\"><strong><span id=\"yiv6016373704yui_3_16_0_1_1496508572906_34976\">\u00e0 l&rsquo;adresse suivante :<\/span><\/strong><\/span><\/h2>\n<h2 id=\"yiv6016373704yui_3_16_0_ym19_1_1496434554988_68694\" dir=\"ltr\" style=\"text-align: center;\"><span style=\"color: #000000;\"><strong><span id=\"yiv6016373704yui_3_16_0_ym19_1_1496434554988_69236\">BLUES EN AVEYRON<\/span><\/strong><\/span><\/h2>\n<h2 id=\"yiv6016373704yui_3_16_0_ym19_1_1496434554988_68694\" dir=\"ltr\" style=\"text-align: center;\"><span style=\"color: #000000;\"><strong><span id=\"yiv6016373704yui_3_16_0_ym19_1_1496434554988_69239\">46 RUE DE L&rsquo;ANCIENNE MAIRIE<\/span><\/strong><\/span><\/h2>\n<h2 id=\"yiv6016373704yui_3_16_0_ym19_1_1496434554988_68694\" dir=\"ltr\" style=\"text-align: center;\"><span style=\"color: #000000;\"><strong><span id=\"yiv6016373704yui_3_16_0_ym19_1_1496434554988_69182\">92 100 BOULOGNE-BILLANCOURT<\/span><\/strong><\/span><\/h2>\n<h2 id=\"yiv6016373704yui_3_16_0_ym19_1_1496434554988_68694\" dir=\"ltr\" style=\"text-align: center;\"><span style=\"color: #000000;\"><strong><span id=\"yiv6016373704yui_3_16_0_ym19_1_1496434554988_69210\">Vous recevrez votre carte d&rsquo;adh\u00e9rent par retour de courriel<\/span><\/strong><\/span><\/h2>\n<h2 id=\"yiv6016373704yui_3_16_0_ym19_1_1496434554988_68859\"><span style=\"color: #000000;\"><strong>\u00a0 \u00a0 \u00a0 \u00a0 \u00a0 \u00a0 \u00a0 \u00a0 \u00a0 \u00a0 \u00a0 \u00a0 \u00a0 \u00a0 \u00a0 \u00a0 \u00a0 \u00a0 \u00a0 \u00a0 \u00a0 \u00a0 \u00a0 \u00a0 \u00a0 \u00a0Bien musicalement<\/strong><\/span><\/h2>\n<div id=\"yiv6016373704yui_3_16_0_ym19_1_1496434554988_68861\" class=\"yiv6016373704signature\">\n<div id=\"yiv6016373704yui_3_16_0_1_1411233096791_2560\">\n<h2 id=\"yiv6016373704yui_3_16_0_ym19_1_1496434554988_69054\"><span style=\"color: #000000;\"><strong><span id=\"yiv6016373704yui_3_16_0_ym19_1_1496434554988_69053\"><a id=\"yiv6016373704yui_3_16_0_ym19_1_1496434554988_69052\" style=\"color: #000000;\" href=\"http:\/\/www.fabriceeulry-laboutique.com\/blog\/?p=8844\" target=\"_blank\" rel=\"nofollow\" shape=\"rect\"><img data-recalc-dims=\"1\" loading=\"lazy\" decoding=\"async\" id=\"yiv6016373704yui_3_16_0_ym19_1_1496434554988_69064\" class=\"yiv6016373704 yiv6016373704size-full yiv6016373704wp-image-8415 yiv6016373704img-overlay-selected yiv6016373704img-overlay-selected aligncenter\" src=\"https:\/\/i0.wp.com\/www.fabriceeulry-laboutique.com\/blog\/wp-content\/uploads\/2016\/04\/visuel-fabrice-.jpg?resize=359%2C156\" alt=\"visuel fabrice\" width=\"359\" height=\"156\" srcset=\"https:\/\/i0.wp.com\/www.fabriceeulry-laboutique.com\/blog\/wp-content\/uploads\/2016\/04\/visuel-fabrice-.jpg?w=359 359w, https:\/\/i0.wp.com\/www.fabriceeulry-laboutique.com\/blog\/wp-content\/uploads\/2016\/04\/visuel-fabrice-.jpg?resize=300%2C130 300w\" sizes=\"auto, (max-width: 359px) 100vw, 359px\" \/><\/a><\/span><\/strong><\/span><\/h2>\n<h2 class=\"p1\" style=\"text-align: center;\">&#8212;&#8212;&#8212;&#8212;&#8212;&#8212;&#8212;&#8212;&#8212;&#8212;&#8212;&#8212;&#8212;&#8212;&#8212;&#8212;&#8212;&#8212;&#8212;&#8212;&#8212;&#8212;&#8212;&#8212;&#8212;&#8212;&#8212;&#8212;&#8212;&#8211;<\/h2>\n<h2 class=\"p1\" style=\"text-align: center;\"><span style=\"color: #000000;\">BULLETIN D&rsquo;ADH\u00c9SION<\/span><\/h2>\n<h2 class=\"p1\" style=\"text-align: center;\"><span style=\"color: #000000;\">\u00e0 L&rsquo;ASSOCIATION BLUES EN AVEYRON<\/span><\/h2>\n<h2 class=\"p1\" style=\"text-align: center;\"><span style=\"color: #000000;\">Association soumise \u00e0 la loi du 1er juillet 1901 et au d\u00e9cret du 16 ao\u00fbt 1901<\/span><\/h2>\n<h2 class=\"p3\" style=\"text-align: center;\"><span style=\"color: #000000;\">\u00c0 remplir par l&rsquo;adh\u00e9rent <i>(exemplaire \u00e0 conserver par l&rsquo;association) :<\/i><\/span><\/h2>\n<h2 class=\"p3\" style=\"text-align: center;\"><span style=\"color: #000000;\">Pr\u00e9nom :\u2026\u2026\u2026\u2026\u2026\u2026\u2026\u2026\u2026\u2026\u2026\u2026\u2026\u2026\u2026\u2026\u2026\u2026\u2026\u2026\u2026\u2026\u2026\u2026\u2026\u2026\u2026\u2026\u2026\u2026\u2026<\/span><\/h2>\n<h2 class=\"p3\" style=\"text-align: center;\"><span style=\"color: #000000;\">Nom :\u2026\u2026\u2026\u2026\u2026\u2026\u2026\u2026\u2026\u2026\u2026\u2026\u2026\u2026\u2026\u2026\u2026\u2026\u2026\u2026\u2026\u2026\u2026\u2026\u2026\u2026\u2026\u2026\u2026\u2026\u2026\u2026..<\/span><\/h2>\n<h2 class=\"p3\" style=\"text-align: center;\"><span style=\"color: #000000;\">Adresse internet :\u2026\u2026\u2026\u2026\u2026\u2026\u2026\u2026\u2026\u2026\u2026\u2026\u2026\u2026\u2026\u2026\u2026\u2026\u2026\u2026\u2026\u2026\u2026\u2026\u2026\u2026\u2026.<\/span><\/h2>\n<h2 class=\"p3\" style=\"text-align: center;\"><span style=\"color: #000000;\">Adresse postale :\u2026\u2026\u2026\u2026\u2026\u2026\u2026\u2026\u2026\u2026\u2026\u2026\u2026\u2026\u2026\u2026\u2026\u2026\u2026\u2026\u2026\u2026\u2026\u2026\u2026\u2026\u2026.<\/span><\/h2>\n<h2 class=\"p3\" style=\"text-align: center;\"><span style=\"color: #000000;\">Code postal :\u2026\u2026\u2026\u2026\u2026\u2026\u2026\u2026\u2026\u2026\u2026\u2026\u2026\u2026\u2026\u2026\u2026\u2026\u2026\u2026\u2026\u2026\u2026\u2026\u2026\u2026\u2026\u2026\u2026<\/span><\/h2>\n<h2 class=\"p3\" style=\"text-align: center;\"><span style=\"color: #000000;\">Ville :\u2026\u2026\u2026\u2026\u2026\u2026\u2026\u2026\u2026\u2026\u2026\u2026\u2026\u2026\u2026\u2026\u2026\u2026\u2026\u2026\u2026\u2026\u2026\u2026\u2026\u2026\u2026\u2026\u2026\u2026\u2026\u2026..<\/span><\/h2>\n<h2 class=\"p3\" style=\"text-align: center;\"><span style=\"color: #000000;\">Je d\u00e9clare par la pr\u00e9sente souhaiter devenir membre de l&rsquo;association BLUES EN AVEYRON.<\/span><\/h2>\n<h2 class=\"p3\" style=\"text-align: center;\"><span style=\"color: #000000;\">\u00c0 ce titre, je d\u00e9clare l&rsquo;objet de l&rsquo;association, et en avoir accept\u00e9 les statuts qui sont \u00e0 ma disposition dans les locaux de l&rsquo;association, et accepte de verser ma cotisation due pour l&rsquo;ann\u00e9e en cours.<\/span><\/h2>\n<h2 class=\"p3\" style=\"text-align: center;\"><span style=\"color: #000000;\">Le montant de la cotisation est de 20 \u20ac, payable par ch\u00e8que uniquement.<\/span><\/h2>\n<h2 class=\"p3\" style=\"text-align: center;\"><span style=\"color: #000000;\">Fait \u00e0\u2026\u2026\u2026\u2026\u2026\u2026\u2026\u2026\u2026.., le \u2026\u2026\u2026\u2026\u2026\u2026\u2026\u2026\u2026\u2026\u2026.<\/span><\/h2>\n<h2 class=\"p3\" style=\"text-align: center;\"><span style=\"color: #000000;\">Signature (faire pr\u00e9c\u00e9der de la mention \u00ab\u00a0Lu et approuv\u00e9\u00a0\u00bb)<\/span><\/h2>\n<h2 class=\"p1\" style=\"text-align: center;\"><span style=\"color: #000000;\"><i>Les informations recueillies sont n\u00e9cessaires pour votre adh\u00e9sion. Conform\u00e9ment \u00e0 la loi \u00ab\u00a0informatique et libert\u00e9s\u00a0\u00bb du 6 janvier 1978, vous disposez d&rsquo;un droit d&rsquo;acc\u00e8s et de rectification aux donn\u00e9es personnelles vous concernant. Pour l&rsquo;exercer, adressez-vous au secr\u00e9tariat de l&rsquo;association.<\/i><\/span><\/h2>\n<\/div>\n<\/div>\n<\/div>\n","protected":false},"excerpt":{"rendered":"<p>Le piano \u00e9lectrique Wurlitzer comprend 64 touches. Les sons sont produits par des marteaux percutant des lames de m\u00e9tal et amplifi\u00e9 dans deux petits hautparleurs incorpor\u00e9s. Utilis\u00e9 de Ray Charles \u00e0 Supertramp, des Doors \u00e0 Daft punk, il n&rsquo;a qu&rsquo;un &hellip; <a href=\"http:\/\/www.fabriceeulry-laboutique.com\/blog\/?p=9595\">Continuer la lecture <span class=\"meta-nav\">&rarr;<\/span><\/a><\/p>\n","protected":false},"author":2,"featured_media":0,"comment_status":"open","ping_status":"open","sticky":false,"template":"","format":"standard","meta":{"jetpack_post_was_ever_published":false,"_jetpack_newsletter_access":"","_jetpack_dont_email_post_to_subs":true,"_jetpack_newsletter_tier_id":0,"_jetpack_memberships_contains_paywalled_content":false,"_jetpack_memberships_contains_paid_content":false,"footnotes":"","jetpack_publicize_message":"","jetpack_publicize_feature_enabled":true,"jetpack_social_post_already_shared":true,"jetpack_social_options":{"image_generator_settings":{"template":"highway","default_image_id":0,"font":"","enabled":false},"version":2}},"categories":[1],"tags":[8],"class_list":["post-9595","post","type-post","status-publish","format-standard","hentry","category-non-classe","tag-blues"],"jetpack_publicize_connections":[],"jetpack_featured_media_url":"","jetpack_sharing_enabled":true,"jetpack_shortlink":"https:\/\/wp.me\/p2D6dI-2uL","jetpack_likes_enabled":true,"jetpack-related-posts":[{"id":10169,"url":"http:\/\/www.fabriceeulry-laboutique.com\/blog\/?p=10169","url_meta":{"origin":9595,"position":0},"title":"LE PIANO DE RAY CHARLES REMIS EN ETAT","author":"Le Canard du pianiste","date":"31 janvier 2018","format":false,"excerpt":"Le piano \u00e9lectrique Wurlitzer comprend 64 touches. Les sons sont produits par des marteaux percutant des lames de m\u00e9tal et amplifi\u00e9s dans deux petits hautparleurs incorpor\u00e9s. Utilis\u00e9 de Ray Charles \u00e0 Supertramp, des Doors \u00e0 Daft punk, il n'a qu'un seul son mais celui-ci est inimitable. Pour cette raison, il\u2026","rel":"","context":"Dans &quot;Non class\u00e9&quot;","block_context":{"text":"Non class\u00e9","link":"http:\/\/www.fabriceeulry-laboutique.com\/blog\/?cat=1"},"img":{"alt_text":"Concfblues","src":"https:\/\/i0.wp.com\/www.fabriceeulry-laboutique.com\/blog\/wp-content\/uploads\/2017\/07\/Concfblues.jpg?resize=350%2C200","width":350,"height":200,"srcset":"https:\/\/i0.wp.com\/www.fabriceeulry-laboutique.com\/blog\/wp-content\/uploads\/2017\/07\/Concfblues.jpg?resize=350%2C200 1x, https:\/\/i0.wp.com\/www.fabriceeulry-laboutique.com\/blog\/wp-content\/uploads\/2017\/07\/Concfblues.jpg?resize=525%2C300 1.5x"},"classes":[]},{"id":9498,"url":"http:\/\/www.fabriceeulry-laboutique.com\/blog\/?p=9498","url_meta":{"origin":9595,"position":1},"title":"CONF\u00c9RENCE SUR LE BLUES","author":"Le Canard du pianiste","date":"15 juin 2017","format":false,"excerpt":"Dans le cadre des activit\u00e9s de l'association Blues en Aveyron, une conf\u00e9rence \u00e9tait donn\u00e9e au Nayrac par Fabrice Eulry devant un auditoire tr\u00e8s attentif. Une carte du monde \u00e0 main lev\u00e9e pour expliquer la gen\u00e8se du blues \u00e0 travers le commerce triangulaire puis les migrations nord-sud aux \u00c9tats-unis au gr\u00e9\u2026","rel":"","context":"Dans &quot;Non class\u00e9&quot;","block_context":{"text":"Non class\u00e9","link":"http:\/\/www.fabriceeulry-laboutique.com\/blog\/?cat=1"},"img":{"alt_text":"","src":"https:\/\/i0.wp.com\/www.fabriceeulry-laboutique.com\/blog\/wp-content\/uploads\/2017\/06\/confb7.jpg?resize=350%2C200","width":350,"height":200,"srcset":"https:\/\/i0.wp.com\/www.fabriceeulry-laboutique.com\/blog\/wp-content\/uploads\/2017\/06\/confb7.jpg?resize=350%2C200 1x, https:\/\/i0.wp.com\/www.fabriceeulry-laboutique.com\/blog\/wp-content\/uploads\/2017\/06\/confb7.jpg?resize=525%2C300 1.5x"},"classes":[]},{"id":12931,"url":"http:\/\/www.fabriceeulry-laboutique.com\/blog\/?p=12931","url_meta":{"origin":9595,"position":2},"title":"UNE BELLE ANN\u00c9E POUR R\u00c9SONNANCE FRANCE","author":"Le Canard du pianiste","date":"27 juin 2024","format":false,"excerpt":"La filiale fran\u00e7aise de la fondation d'Elizabeth Sombart avait surmont\u00e9 courageusement l'ignoble \u00e9pisode covidiste, puis est remont\u00e9 lentement \u00e0 son ancien niveau d'activit\u00e9. Les dons repartent et permettent d'offrir \u00e0 nouveau des concerts de solidarit\u00e9. Voici le dernier en date en ce mois de juin 2024 dans la Dr\u00f4me. L'\u00e9tablissement\u2026","rel":"","context":"Dans &quot;Non class\u00e9&quot;","block_context":{"text":"Non class\u00e9","link":"http:\/\/www.fabriceeulry-laboutique.com\/blog\/?cat=1"},"img":{"alt_text":"","src":"https:\/\/i0.wp.com\/www.fabriceeulry-laboutique.com\/blog\/wp-content\/uploads\/2024\/06\/Bouchet.png?resize=350%2C200","width":350,"height":200,"srcset":"https:\/\/i0.wp.com\/www.fabriceeulry-laboutique.com\/blog\/wp-content\/uploads\/2024\/06\/Bouchet.png?resize=350%2C200 1x, https:\/\/i0.wp.com\/www.fabriceeulry-laboutique.com\/blog\/wp-content\/uploads\/2024\/06\/Bouchet.png?resize=525%2C300 1.5x, https:\/\/i0.wp.com\/www.fabriceeulry-laboutique.com\/blog\/wp-content\/uploads\/2024\/06\/Bouchet.png?resize=700%2C400 2x, https:\/\/i0.wp.com\/www.fabriceeulry-laboutique.com\/blog\/wp-content\/uploads\/2024\/06\/Bouchet.png?resize=1050%2C600 3x, https:\/\/i0.wp.com\/www.fabriceeulry-laboutique.com\/blog\/wp-content\/uploads\/2024\/06\/Bouchet.png?resize=1400%2C800 4x"},"classes":[]},{"id":9842,"url":"http:\/\/www.fabriceeulry-laboutique.com\/blog\/?p=9842","url_meta":{"origin":9595,"position":3},"title":"R\u00c9PARATION DU PIANO WURLITZER DE RAY CHARLES","author":"Le Canard du pianiste","date":"14 novembre 2017","format":false,"excerpt":"Le Canard du pianiste vous a parl\u00e9 r\u00e9cemment de ce fameux piano Wurlitzer, ici d\u00e9capot\u00e9, sur lequel Ray Charles joue entre autres What'd I say et qu'il a utilis\u00e9 dans les Blues\u00a0Brothers. Le mod\u00e8le qui sera utilis\u00e9 par Fabrice Eulry lors de l'hommage au\u00a0Genius prochainement, vient d'\u00eatre r\u00e9vis\u00e9 par l'ing\u00e9nieur\u2026","rel":"","context":"Dans &quot;Non class\u00e9&quot;","block_context":{"text":"Non class\u00e9","link":"http:\/\/www.fabriceeulry-laboutique.com\/blog\/?cat=1"},"img":{"alt_text":"","src":"https:\/\/i0.wp.com\/www.fabriceeulry-laboutique.com\/blog\/wp-content\/uploads\/2017\/11\/wur6.png?resize=350%2C200","width":350,"height":200,"srcset":"https:\/\/i0.wp.com\/www.fabriceeulry-laboutique.com\/blog\/wp-content\/uploads\/2017\/11\/wur6.png?resize=350%2C200 1x, https:\/\/i0.wp.com\/www.fabriceeulry-laboutique.com\/blog\/wp-content\/uploads\/2017\/11\/wur6.png?resize=525%2C300 1.5x, https:\/\/i0.wp.com\/www.fabriceeulry-laboutique.com\/blog\/wp-content\/uploads\/2017\/11\/wur6.png?resize=700%2C400 2x"},"classes":[]},{"id":12223,"url":"http:\/\/www.fabriceeulry-laboutique.com\/blog\/?p=12223","url_meta":{"origin":9595,"position":4},"title":"BLUES \u00c0 SAVINES LE LAC","author":"Le Canard du pianiste","date":"1 d\u00e9cembre 2019","format":false,"excerpt":"Savines le lac est un site magnifique mais il faut faire la route pour le d\u00e9couvrir ! Tout d'abord, en allant jusqu'\u00e0 Gap, puis en continuant \u00e0 travers les monts magnifiques des Alpes du sud. Le d\u00e9placement vaut aussi le coup pour la chaleur du public, comme souvent dans les\u2026","rel":"","context":"Dans &quot;Non class\u00e9&quot;","block_context":{"text":"Non class\u00e9","link":"http:\/\/www.fabriceeulry-laboutique.com\/blog\/?cat=1"},"img":{"alt_text":"","src":"https:\/\/i0.wp.com\/www.fabriceeulry-laboutique.com\/blog\/wp-content\/uploads\/2019\/12\/savines.png?resize=350%2C200","width":350,"height":200},"classes":[]},{"id":9873,"url":"http:\/\/www.fabriceeulry-laboutique.com\/blog\/?p=9873","url_meta":{"origin":9595,"position":5},"title":"600 AUDITEURS POUR L&rsquo;HOMMAGE \u00c0 RAY CHARLES","author":"Le Canard du pianiste","date":"2 d\u00e9cembre 2017","format":false,"excerpt":"Les amis de Blues en Aveyron a fait un battage des plus efficaces dans les journ\u00e9es qui ont pr\u00e9c\u00e9d\u00e9 les deux concerts. Le reportage du bulletin d'Espalion : Celui de la gazette du Nayrac : Sur la photo du bas Fabrice Eulry joue sur le piano Wurlitzer (piano \u00e9lectro-acoustique du\u2026","rel":"","context":"Dans &quot;Non class\u00e9&quot;","block_context":{"text":"Non class\u00e9","link":"http:\/\/www.fabriceeulry-laboutique.com\/blog\/?cat=1"},"img":{"alt_text":"","src":"https:\/\/i0.wp.com\/www.fabriceeulry-laboutique.com\/blog\/wp-content\/uploads\/2017\/12\/Capture-d%E2%80%99%C3%A9cran-2017-12-02-%C3%A0-01.43.07.png?resize=350%2C200","width":350,"height":200},"classes":[]}],"_links":{"self":[{"href":"http:\/\/www.fabriceeulry-laboutique.com\/blog\/index.php?rest_route=\/wp\/v2\/posts\/9595","targetHints":{"allow":["GET"]}}],"collection":[{"href":"http:\/\/www.fabriceeulry-laboutique.com\/blog\/index.php?rest_route=\/wp\/v2\/posts"}],"about":[{"href":"http:\/\/www.fabriceeulry-laboutique.com\/blog\/index.php?rest_route=\/wp\/v2\/types\/post"}],"author":[{"embeddable":true,"href":"http:\/\/www.fabriceeulry-laboutique.com\/blog\/index.php?rest_route=\/wp\/v2\/users\/2"}],"replies":[{"embeddable":true,"href":"http:\/\/www.fabriceeulry-laboutique.com\/blog\/index.php?rest_route=%2Fwp%2Fv2%2Fcomments&post=9595"}],"version-history":[{"count":2,"href":"http:\/\/www.fabriceeulry-laboutique.com\/blog\/index.php?rest_route=\/wp\/v2\/posts\/9595\/revisions"}],"predecessor-version":[{"id":9674,"href":"http:\/\/www.fabriceeulry-laboutique.com\/blog\/index.php?rest_route=\/wp\/v2\/posts\/9595\/revisions\/9674"}],"wp:attachment":[{"href":"http:\/\/www.fabriceeulry-laboutique.com\/blog\/index.php?rest_route=%2Fwp%2Fv2%2Fmedia&parent=9595"}],"wp:term":[{"taxonomy":"category","embeddable":true,"href":"http:\/\/www.fabriceeulry-laboutique.com\/blog\/index.php?rest_route=%2Fwp%2Fv2%2Fcategories&post=9595"},{"taxonomy":"post_tag","embeddable":true,"href":"http:\/\/www.fabriceeulry-laboutique.com\/blog\/index.php?rest_route=%2Fwp%2Fv2%2Ftags&post=9595"}],"curies":[{"name":"wp","href":"https:\/\/api.w.org\/{rel}","templated":true}]}}