{"id":9617,"date":"2017-07-28T00:22:25","date_gmt":"2017-07-28T00:22:25","guid":{"rendered":"http:\/\/www.fabriceeulry-laboutique.com\/blog\/?p=9617"},"modified":"2018-12-12T01:23:38","modified_gmt":"2018-12-12T01:23:38","slug":"sur-le-pont-du-festival-davignon","status":"publish","type":"post","link":"http:\/\/www.fabriceeulry-laboutique.com\/blog\/?p=9617","title":{"rendered":"SUR LE PONT (du festival) D&rsquo;AVIGNON"},"content":{"rendered":"<p style=\"text-align: center;\"><span style=\"color: #000000;\"><strong>Le pont Saint-B\u00e9n\u00e9zet dit Pont d&rsquo;Avignon, reconstitu\u00e9 en 3D tel qu&rsquo;il \u00e9tait au Moyen-\u00e2ge (vous savez cette \u00e9poque obscurantiste) sous Philippe-Auguste au XIII \u00e8me si\u00e8cle avant que les crues du Rh\u00f4ne du XVII\u00e8me si\u00e8cle ne l&#8217;emportassent sous le r\u00e8gne de Louis XVI, en ne laissant que les quatre premi\u00e8res arches :<\/strong><\/span><\/p>\n<p style=\"text-align: center;\"><span style=\"color: #000000;\"><strong>C&rsquo;est en r\u00e9alit\u00e9 sous les arches que l&rsquo;on dansait et non sur le pont comme le dit la chanson. En effet, les \u00eeles de galets que l&rsquo;on voit sur la vid\u00e9o se sont peu \u00e0 peu agglom\u00e9r\u00e9es avec les alluvions pour former une \u00eele bois\u00e9e, et sous les arches se tenaient de petites guinguettes&#8230;<\/strong><\/span><\/p>\n<p><span class=\"embed-youtube\" style=\"text-align:center; display: block;\"><iframe loading=\"lazy\" class=\"youtube-player\" width=\"640\" height=\"360\" src=\"https:\/\/www.youtube.com\/embed\/tlArBdehDJU?version=3&#038;rel=1&#038;showsearch=0&#038;showinfo=1&#038;iv_load_policy=1&#038;fs=1&#038;hl=fr-FR&#038;autohide=2&#038;wmode=transparent\" allowfullscreen=\"true\" style=\"border:0;\" sandbox=\"allow-scripts allow-same-origin allow-popups allow-presentation allow-popups-to-escape-sandbox\"><\/iframe><\/span><\/p>\n<p style=\"text-align: center;\"><strong><span style=\"color: #000000;\">Le festival d&rsquo;Avignon 2017 s&rsquo;ach\u00e8ve bient\u00f4t : parmi les spectacles que l&rsquo;ont peut encore voir : Fabrice Eulry et son piano (lequel est le plus fou ?)<\/span> <\/strong><\/p>\n<p style=\"text-align: center;\"><span style=\"color: #000000;\"><strong>Une derni\u00e8re chance d&rsquo;avoir des places avant le 30 juillet (derni\u00e8re) ?\u00a0<\/strong><\/span><\/p>\n<p style=\"text-align: center;\"><span style=\"color: #000000;\"><strong>R\u00e9servez au 06 26 17 24 12<\/strong><\/span><a href=\"https:\/\/i0.wp.com\/www.fabriceeulry-laboutique.com\/blog\/wp-content\/uploads\/2017\/07\/fabvents.jpg\"><img data-recalc-dims=\"1\" loading=\"lazy\" decoding=\"async\" class=\"alignright size-full wp-image-9608\" src=\"https:\/\/i0.wp.com\/www.fabriceeulry-laboutique.com\/blog\/wp-content\/uploads\/2017\/07\/fabvents.jpg?resize=584%2C390\" alt=\"fabvents\" width=\"584\" height=\"390\" srcset=\"https:\/\/i0.wp.com\/www.fabriceeulry-laboutique.com\/blog\/wp-content\/uploads\/2017\/07\/fabvents.jpg?w=584 584w, https:\/\/i0.wp.com\/www.fabriceeulry-laboutique.com\/blog\/wp-content\/uploads\/2017\/07\/fabvents.jpg?resize=300%2C200 300w\" sizes=\"auto, (max-width: 584px) 100vw, 584px\" \/><\/a><\/p>\n<p style=\"text-align: center;\"><strong><span style=\"color: #000000;\">\u00a0<\/span><\/strong><\/p>\n<p style=\"text-align: center;\"><span style=\"color: #000000;\"><strong>Merci \u00e0 \u00a9Philippe Hanula pour la photo<\/strong><\/span><\/p>\n","protected":false},"excerpt":{"rendered":"<p>Le pont Saint-B\u00e9n\u00e9zet dit Pont d&rsquo;Avignon, reconstitu\u00e9 en 3D tel qu&rsquo;il \u00e9tait au Moyen-\u00e2ge (vous savez cette \u00e9poque obscurantiste) sous Philippe-Auguste au XIII \u00e8me si\u00e8cle avant que les crues du Rh\u00f4ne du XVII\u00e8me si\u00e8cle ne l&#8217;emportassent sous le r\u00e8gne de &hellip; <a href=\"http:\/\/www.fabriceeulry-laboutique.com\/blog\/?p=9617\">Continuer la lecture <span class=\"meta-nav\">&rarr;<\/span><\/a><\/p>\n","protected":false},"author":2,"featured_media":0,"comment_status":"open","ping_status":"open","sticky":false,"template":"","format":"standard","meta":{"jetpack_post_was_ever_published":false,"_jetpack_newsletter_access":"","_jetpack_dont_email_post_to_subs":true,"_jetpack_newsletter_tier_id":0,"_jetpack_memberships_contains_paywalled_content":false,"_jetpack_memberships_contains_paid_content":false,"footnotes":"","jetpack_publicize_message":"","jetpack_publicize_feature_enabled":true,"jetpack_social_post_already_shared":true,"jetpack_social_options":{"image_generator_settings":{"template":"highway","default_image_id":0,"font":"","enabled":false},"version":2}},"categories":[1],"tags":[33],"class_list":["post-9617","post","type-post","status-publish","format-standard","hentry","category-non-classe","tag-festival-davignon"],"jetpack_publicize_connections":[],"jetpack_featured_media_url":"","jetpack_sharing_enabled":true,"jetpack_shortlink":"https:\/\/wp.me\/p2D6dI-2v7","jetpack_likes_enabled":true,"jetpack-related-posts":[{"id":12969,"url":"http:\/\/www.fabriceeulry-laboutique.com\/blog\/?p=12969","url_meta":{"origin":9617,"position":0},"title":"FESTIVAL D&rsquo;AVIGNON SUR L&rsquo;EAU","author":"Le Canard du pianiste","date":"20 juillet 2024","format":false,"excerpt":"Cette \u00e9dition 2024 du festival d'Avignon a vu une formule tr\u00e8s originale : le festival d\u00e9borde des remparts et embarque sur le Rh\u00f4ne pour une croisi\u00e8re de quelques heures qui enjambe le cr\u00e9puscule et permet de retrouver l'autre Ville \u00e9ternelle sous ses illuminations nocturnes. La p\u00e9niche LE MIRIEO vous donne\u2026","rel":"","context":"Dans &quot;Non class\u00e9&quot;","block_context":{"text":"Non class\u00e9","link":"http:\/\/www.fabriceeulry-laboutique.com\/blog\/?cat=1"},"img":{"alt_text":"","src":"https:\/\/i0.wp.com\/www.fabriceeulry-laboutique.com\/blog\/wp-content\/uploads\/2024\/07\/1000002220-scaled.jpg?resize=350%2C200","width":350,"height":200,"srcset":"https:\/\/i0.wp.com\/www.fabriceeulry-laboutique.com\/blog\/wp-content\/uploads\/2024\/07\/1000002220-scaled.jpg?resize=350%2C200 1x, https:\/\/i0.wp.com\/www.fabriceeulry-laboutique.com\/blog\/wp-content\/uploads\/2024\/07\/1000002220-scaled.jpg?resize=525%2C300 1.5x, https:\/\/i0.wp.com\/www.fabriceeulry-laboutique.com\/blog\/wp-content\/uploads\/2024\/07\/1000002220-scaled.jpg?resize=700%2C400 2x, https:\/\/i0.wp.com\/www.fabriceeulry-laboutique.com\/blog\/wp-content\/uploads\/2024\/07\/1000002220-scaled.jpg?resize=1050%2C600 3x, https:\/\/i0.wp.com\/www.fabriceeulry-laboutique.com\/blog\/wp-content\/uploads\/2024\/07\/1000002220-scaled.jpg?resize=1400%2C800 4x"},"classes":[]},{"id":9586,"url":"http:\/\/www.fabriceeulry-laboutique.com\/blog\/?p=9586","url_meta":{"origin":9617,"position":1},"title":"EULRY 24 HEURES AU PIANO, MAIS DE FUN\u00c8S PLUSIEURS FOIS 12 HEURES !","author":"Le Canard du pianiste","date":"20 juillet 2017","format":false,"excerpt":"C'est aussi en jouant r\u00e9guli\u00e8rement 12 heures d'affil\u00e9e que Fabrice Eulry eu l'id\u00e9e en 2005 de proposer en solo un\u00a0marathon pianistique de 24 heures\u00a0(cliquez sur le lien pour visionner la folle minute finale)\u00a0 \u00c0 la sortie de \"L'aile ou la cuisse\", Louis de Fun\u00e8s nous confie certains souvenirs dont ceux\u2026","rel":"","context":"Dans &quot;Non class\u00e9&quot;","block_context":{"text":"Non class\u00e9","link":"http:\/\/www.fabriceeulry-laboutique.com\/blog\/?cat=1"},"img":{"alt_text":"Hanula1","src":"https:\/\/i0.wp.com\/www.fabriceeulry-laboutique.com\/blog\/wp-content\/uploads\/2017\/07\/Hanula1.jpg?resize=350%2C200","width":350,"height":200,"srcset":"https:\/\/i0.wp.com\/www.fabriceeulry-laboutique.com\/blog\/wp-content\/uploads\/2017\/07\/Hanula1.jpg?resize=350%2C200 1x, https:\/\/i0.wp.com\/www.fabriceeulry-laboutique.com\/blog\/wp-content\/uploads\/2017\/07\/Hanula1.jpg?resize=525%2C300 1.5x, https:\/\/i0.wp.com\/www.fabriceeulry-laboutique.com\/blog\/wp-content\/uploads\/2017\/07\/Hanula1.jpg?resize=700%2C400 2x"},"classes":[]},{"id":9588,"url":"http:\/\/www.fabriceeulry-laboutique.com\/blog\/?p=9588","url_meta":{"origin":9617,"position":2},"title":"AVIGNON : LE TH\u00c9\u00c2TRE DES VENTS PLEIN DEPUIS LE 14 JUILLET","author":"Le Canard du pianiste","date":"19 juillet 2017","format":false,"excerpt":"Apr\u00e8s une progression r\u00e9guli\u00e8re, \u00a0depuis le 14 juillet le Th\u00e9\u00e2tre des vents est complet pour accueillir le nouveau spectacle de Fabrice Eulry. Les r\u00e9servations ne font encore que les trois-quarts de la salle chaque matin mais les spectateurs arriv\u00e9s au dernier moment cr\u00e9ent une salle bond\u00e9e \u00e0 18h30. Vous avez\u2026","rel":"","context":"Dans &quot;Non class\u00e9&quot;","block_context":{"text":"Non class\u00e9","link":"http:\/\/www.fabriceeulry-laboutique.com\/blog\/?cat=1"},"img":{"alt_text":"","src":"https:\/\/i0.wp.com\/www.fabriceeulry-laboutique.com\/blog\/wp-content\/uploads\/2017\/07\/Hanula1.jpg?resize=350%2C200","width":350,"height":200,"srcset":"https:\/\/i0.wp.com\/www.fabriceeulry-laboutique.com\/blog\/wp-content\/uploads\/2017\/07\/Hanula1.jpg?resize=350%2C200 1x, https:\/\/i0.wp.com\/www.fabriceeulry-laboutique.com\/blog\/wp-content\/uploads\/2017\/07\/Hanula1.jpg?resize=525%2C300 1.5x, https:\/\/i0.wp.com\/www.fabriceeulry-laboutique.com\/blog\/wp-content\/uploads\/2017\/07\/Hanula1.jpg?resize=700%2C400 2x"},"classes":[]},{"id":9508,"url":"http:\/\/www.fabriceeulry-laboutique.com\/blog\/?p=9508","url_meta":{"origin":9617,"position":3},"title":"FABRICE EULRY AU FESTIVAL D&rsquo;AVIGNON 2017","author":"Le Canard du pianiste","date":"15 juin 2017","format":false,"excerpt":"Le Festival d'Avignon 2017 accueillera Fabrice Eulry dans son nouveau spectacle au th\u00e9\u00e2tre des vents tous les jours du 7 au 30 juillet \u00e0 18h30 (cliquez sur l'image pour acc\u00e9der au site du th\u00e9\u00e2tre et pour r\u00e9server) R\u00e9servations : 06 20 17 24 12 Voici pendant l'\u00e9dition 2016 d'Avignon un\u2026","rel":"","context":"Dans &quot;Non class\u00e9&quot;","block_context":{"text":"Non class\u00e9","link":"http:\/\/www.fabriceeulry-laboutique.com\/blog\/?cat=1"},"img":{"alt_text":"tv","src":"https:\/\/i0.wp.com\/www.fabriceeulry-laboutique.com\/blog\/wp-content\/uploads\/2017\/02\/tv.jpg?resize=350%2C200","width":350,"height":200},"classes":[]},{"id":9580,"url":"http:\/\/www.fabriceeulry-laboutique.com\/blog\/?p=9580","url_meta":{"origin":9617,"position":4},"title":"FESTIVAL D&rsquo;AVIGNON : 14 JUILLET COMPLET POUR FABRICE EULRY","author":"Le Canard du pianiste","date":"15 juillet 2017","format":false,"excerpt":"Pour ce 14 juillet le th\u00e9\u00e2tre des vents \u00e9tait COMPLET pour accueillir la huiti\u00e8me repr\u00e9sentation du nouveau spectacle de Fabrice Eulry. Le succ\u00e8s du spectacle s'est concr\u00e9tis\u00e9 par une fr\u00e9quentation croissante qui augure un affichage COMPLET pour les derniers jours. R\u00e9servez vite sur le site du festival d'Avignon ! Le\u2026","rel":"","context":"Dans &quot;Non class\u00e9&quot;","block_context":{"text":"Non class\u00e9","link":"http:\/\/www.fabriceeulry-laboutique.com\/blog\/?cat=1"},"img":{"alt_text":"affiche Avignon 2017","src":"https:\/\/i0.wp.com\/www.fabriceeulry-laboutique.com\/blog\/wp-content\/uploads\/2017\/07\/affiche-Avignon-2017.jpg?resize=350%2C200","width":350,"height":200},"classes":[]},{"id":8644,"url":"http:\/\/www.fabriceeulry-laboutique.com\/blog\/?p=8644","url_meta":{"origin":9617,"position":5},"title":"FESTIVAL D&rsquo;AVIGNON","author":"Le Canard du pianiste","date":"18 juillet 2016","format":false,"excerpt":"Fabrice Eulry vous attend \u00e0 Avignon tous les soirs jusqu'au 30 juillet au th\u00e9\u00e2tre du rempart \u00e0 22h. Ici brandissant fi\u00e8rement l'affiche de son spectacle avec le r\u00e9gisseur g\u00e9n\u00e9ral du th\u00e9\u00e2tre, Sylvain Cano-Cl\u00e9mente. et Jo\u00eblle Dupuy la programmatrice : R\u00e9servez-vite sur le site du Festival Off ! L'affluence monte chaque\u2026","rel":"","context":"Dans &quot;Non class\u00e9&quot;","block_context":{"text":"Non class\u00e9","link":"http:\/\/www.fabriceeulry-laboutique.com\/blog\/?cat=1"},"img":{"alt_text":"Rempart","src":"https:\/\/i0.wp.com\/www.fabriceeulry-laboutique.com\/blog\/wp-content\/uploads\/2016\/07\/Rempart--300x248.jpg?resize=350%2C200","width":350,"height":200},"classes":[]}],"_links":{"self":[{"href":"http:\/\/www.fabriceeulry-laboutique.com\/blog\/index.php?rest_route=\/wp\/v2\/posts\/9617","targetHints":{"allow":["GET"]}}],"collection":[{"href":"http:\/\/www.fabriceeulry-laboutique.com\/blog\/index.php?rest_route=\/wp\/v2\/posts"}],"about":[{"href":"http:\/\/www.fabriceeulry-laboutique.com\/blog\/index.php?rest_route=\/wp\/v2\/types\/post"}],"author":[{"embeddable":true,"href":"http:\/\/www.fabriceeulry-laboutique.com\/blog\/index.php?rest_route=\/wp\/v2\/users\/2"}],"replies":[{"embeddable":true,"href":"http:\/\/www.fabriceeulry-laboutique.com\/blog\/index.php?rest_route=%2Fwp%2Fv2%2Fcomments&post=9617"}],"version-history":[{"count":3,"href":"http:\/\/www.fabriceeulry-laboutique.com\/blog\/index.php?rest_route=\/wp\/v2\/posts\/9617\/revisions"}],"predecessor-version":[{"id":9621,"href":"http:\/\/www.fabriceeulry-laboutique.com\/blog\/index.php?rest_route=\/wp\/v2\/posts\/9617\/revisions\/9621"}],"wp:attachment":[{"href":"http:\/\/www.fabriceeulry-laboutique.com\/blog\/index.php?rest_route=%2Fwp%2Fv2%2Fmedia&parent=9617"}],"wp:term":[{"taxonomy":"category","embeddable":true,"href":"http:\/\/www.fabriceeulry-laboutique.com\/blog\/index.php?rest_route=%2Fwp%2Fv2%2Fcategories&post=9617"},{"taxonomy":"post_tag","embeddable":true,"href":"http:\/\/www.fabriceeulry-laboutique.com\/blog\/index.php?rest_route=%2Fwp%2Fv2%2Ftags&post=9617"}],"curies":[{"name":"wp","href":"https:\/\/api.w.org\/{rel}","templated":true}]}}