{"id":9693,"date":"2017-09-11T13:04:20","date_gmt":"2017-09-11T13:04:20","guid":{"rendered":"http:\/\/www.fabriceeulry-laboutique.com\/blog\/?p=9693"},"modified":"2018-12-12T01:17:44","modified_gmt":"2018-12-12T01:17:44","slug":"radio-liberte-la-fusion-f-eulry-philharmonique-de-kharkov","status":"publish","type":"post","link":"http:\/\/www.fabriceeulry-laboutique.com\/blog\/?p=9693","title":{"rendered":"RADIO LIBERT\u00c9 : \u00ab\u00a0LA FUSION F. EULRY &#8211; PHILHARMONIQUE DE KHARKOV\u00a0\u00bb"},"content":{"rendered":"<p style=\"text-align: center;\"><span style=\"color: #000000;\"><strong>Radio svoboda (radio libert\u00e9) a assist\u00e9 aux r\u00e9p\u00e9titions et nous livre de courts extraits des premiers d\u00e9chiffrages (un riff du 3\u00e8me mouvement du concerto n\u00b02, le d\u00e9but de Fabrispecial, et en conclusion l&rsquo;extrait une improvisation en piano solo offerte aux auditeurs pendant la pause de l&rsquo;orchestre).<\/strong><\/span><\/p>\n<p style=\"text-align: center;\"><span style=\"color: #000000;\"><strong>Fabrice EULRY puis le chef d&rsquo;orchestre Yuriy Yanko nous expliquent ce qui a provoqu\u00e9 et motiv\u00e9 la rencontre avec le philharmonique.<\/strong><\/span><\/p>\n<p style=\"text-align: center;\"><span style=\"color: #000000;\"><strong><em>(cliquez sur l&rsquo;image pour visionner le reportage)<\/em><\/strong><\/span><\/p>\n<p style=\"text-align: center;\"><a href=\"https:\/\/www.radiosvoboda.org\/a\/video\/28725837.html\"><img data-recalc-dims=\"1\" loading=\"lazy\" decoding=\"async\" class=\"size-full wp-image-9695 aligncenter\" src=\"https:\/\/i0.wp.com\/www.fabriceeulry-laboutique.com\/blog\/wp-content\/uploads\/2016\/09\/KHARKOV-solo-e1505135012816.jpg?resize=397%2C532\" alt=\"KHARKOV solo\" width=\"397\" height=\"532\" srcset=\"https:\/\/i0.wp.com\/www.fabriceeulry-laboutique.com\/blog\/wp-content\/uploads\/2016\/09\/KHARKOV-solo-e1505135012816.jpg?w=397 397w, https:\/\/i0.wp.com\/www.fabriceeulry-laboutique.com\/blog\/wp-content\/uploads\/2016\/09\/KHARKOV-solo-e1505135012816.jpg?resize=224%2C300 224w, https:\/\/i0.wp.com\/www.fabriceeulry-laboutique.com\/blog\/wp-content\/uploads\/2016\/09\/KHARKOV-solo-e1505135012816.jpg?resize=300%2C402 300w\" sizes=\"auto, (max-width: 397px) 100vw, 397px\" \/><\/a><\/p>\n<h2 style=\"text-align: center;\"><span style=\"color: #000000;\"><strong>Concerto N\u00b0 1 en DO# mineur &#8211; Fabrice Eulry<\/strong><\/span><\/h2>\n<div>\n<p style=\"text-align: center;\"><span style=\"color: #000000;\"><a style=\"color: #000000;\" href=\"http:\/\/www.fabriceeulry.com\/discographie.html\"><img data-recalc-dims=\"1\" decoding=\"async\" src=\"https:\/\/i0.wp.com\/www.fabriceeulry.com\/images\/cd\/pochette-concerto.png?w=640\" alt=\"Concerto en DO di\u00e8se mineur\" \/><\/a>\u00a0<em>cliquez sur l&rsquo;image pour \u00e9couter des extraits et le commander<\/em><\/span><\/p>\n<\/div>\n","protected":false},"excerpt":{"rendered":"<p>Radio svoboda (radio libert\u00e9) a assist\u00e9 aux r\u00e9p\u00e9titions et nous livre de courts extraits des premiers d\u00e9chiffrages (un riff du 3\u00e8me mouvement du concerto n\u00b02, le d\u00e9but de Fabrispecial, et en conclusion l&rsquo;extrait une improvisation en piano solo offerte aux &hellip; <a href=\"http:\/\/www.fabriceeulry-laboutique.com\/blog\/?p=9693\">Continuer la lecture <span class=\"meta-nav\">&rarr;<\/span><\/a><\/p>\n","protected":false},"author":2,"featured_media":0,"comment_status":"open","ping_status":"open","sticky":false,"template":"","format":"standard","meta":{"jetpack_post_was_ever_published":false,"_jetpack_newsletter_access":"","_jetpack_dont_email_post_to_subs":true,"_jetpack_newsletter_tier_id":0,"_jetpack_memberships_contains_paywalled_content":false,"_jetpack_memberships_contains_paid_content":false,"footnotes":"","jetpack_publicize_message":"","jetpack_publicize_feature_enabled":true,"jetpack_social_post_already_shared":true,"jetpack_social_options":{"image_generator_settings":{"template":"highway","default_image_id":0,"font":"","enabled":false},"version":2}},"categories":[1],"tags":[11],"class_list":["post-9693","post","type-post","status-publish","format-standard","hentry","category-non-classe","tag-musique-philharmonique"],"jetpack_publicize_connections":[],"jetpack_featured_media_url":"","jetpack_sharing_enabled":true,"jetpack_shortlink":"https:\/\/wp.me\/p2D6dI-2wl","jetpack_likes_enabled":true,"jetpack-related-posts":[{"id":9634,"url":"http:\/\/www.fabriceeulry-laboutique.com\/blog\/?p=9634","url_meta":{"origin":9693,"position":0},"title":"LE PHILHARMONIQUE DE KHARKOV ET FABRICE EULRY","author":"Le Canard du pianiste","date":"4 ao\u00fbt 2017","format":false,"excerpt":"En concert \u00e0 Kharkov le samedi 9 septembre 2017, dans la salle d'orgue\u00a0de la Philharmonie de Kharkov \u00a0\u00e9quip\u00e9e d'un plafond mobile pour r\u00e9gler l'acoustique\u00a0 \u00a0 Au programme le Concerto pour piano n\u00b0 2 en sol majeur \"Expiatoire\" compos\u00e9 par Fabrice Eulry et quelques airs populaires symphonis\u00e9s (Summertime...). Ci-dessous un extrait\u2026","rel":"","context":"Dans &quot;Non class\u00e9&quot;","block_context":{"text":"Non class\u00e9","link":"http:\/\/www.fabriceeulry-laboutique.com\/blog\/?cat=1"},"img":{"alt_text":"KHA4","src":"https:\/\/i0.wp.com\/www.fabriceeulry-laboutique.com\/blog\/wp-content\/uploads\/2017\/08\/KHA4.jpg?resize=350%2C200","width":350,"height":200},"classes":[]},{"id":9584,"url":"http:\/\/www.fabriceeulry-laboutique.com\/blog\/?p=9584","url_meta":{"origin":9693,"position":1},"title":"L&rsquo;ORCHESTRE PHILHARMONIQUE DE KHARKOV","author":"Le Canard du pianiste","date":"15 juillet 2017","format":false,"excerpt":"Le Canard du pianiste propose quelques liens des concerts de ce prestigieux orchestre. Le premier est celui d'un concert incroyable offert par la ville de Kharkov : dans cette station de m\u00e9tro qui pour l'occasion a interrompu le trafic \u00e0 minuit, notez l'\u00e9coute respectueuse et passionn\u00e9e du public, l'un des\u2026","rel":"","context":"Dans &quot;Non class\u00e9&quot;","block_context":{"text":"Non class\u00e9","link":"http:\/\/www.fabriceeulry-laboutique.com\/blog\/?cat=1"},"img":{"alt_text":"","src":"https:\/\/i0.wp.com\/img.youtube.com\/vi\/0-CvcRwC6c0\/0.jpg?resize=350%2C200","width":350,"height":200},"classes":[]},{"id":11034,"url":"http:\/\/www.fabriceeulry-laboutique.com\/blog\/?p=11034","url_meta":{"origin":9693,"position":2},"title":"SALLE COMBLE POUR LE CONCERTO SUPERSONIQUE","author":"Le Canard du pianiste","date":"7 octobre 2018","format":false,"excerpt":"Les m\u00e9lomanes de Belgique ont offert un accueil massif \u00e0 la premi\u00e8re publique du troisi\u00e8me concerto de Fabrice Eulry en Europe de l'ouest !\u00a0 La salle des Beaux arts de Bruxelles \u00e9tait compl\u00e8te pour ce lundi 8 octobre. Au programme : Concerto en fa mineur (Fr\u00e9d\u00e9ric\u00a0Chopin) au piano Elizabeth Sombart\u2026","rel":"","context":"Dans &quot;Non class\u00e9&quot;","block_context":{"text":"Non class\u00e9","link":"http:\/\/www.fabriceeulry-laboutique.com\/blog\/?cat=1"},"img":{"alt_text":"bozart aff","src":"https:\/\/i0.wp.com\/www.fabriceeulry-laboutique.com\/blog\/wp-content\/uploads\/2018\/09\/bozart-aff.png?resize=350%2C200","width":350,"height":200,"srcset":"https:\/\/i0.wp.com\/www.fabriceeulry-laboutique.com\/blog\/wp-content\/uploads\/2018\/09\/bozart-aff.png?resize=350%2C200 1x, https:\/\/i0.wp.com\/www.fabriceeulry-laboutique.com\/blog\/wp-content\/uploads\/2018\/09\/bozart-aff.png?resize=525%2C300 1.5x, https:\/\/i0.wp.com\/www.fabriceeulry-laboutique.com\/blog\/wp-content\/uploads\/2018\/09\/bozart-aff.png?resize=700%2C400 2x"},"classes":[]},{"id":11023,"url":"http:\/\/www.fabriceeulry-laboutique.com\/blog\/?p=11023","url_meta":{"origin":9693,"position":3},"title":"POUR LES M\u00c9LOMANES DE BELGIQUE","author":"Le Canard du pianiste","date":"29 septembre 2018","format":false,"excerpt":"\u00a0 Concerto en fa mineur (Fr\u00e9d\u00e9ric\u00a0Chopin) au piano Elizabeth Sombart et l'orchestre\u00a0philharmonique de\u00a0Kharkiv Concerto en fa mineur n\u00b03 \"supersonique\" (Fabrice Eulry) et Rhapsodie in blue : au piano Fabrice Eulry et l'orchestre\u00a0philharmonique de\u00a0Kharkiv \u00a0 Toutes les dates de la tourn\u00e9e\u00a0sur une seule affiche : \u00c0 noter qu'\u00e0 Suze la Rousse\u2026","rel":"","context":"Dans &quot;Non class\u00e9&quot;","block_context":{"text":"Non class\u00e9","link":"http:\/\/www.fabriceeulry-laboutique.com\/blog\/?cat=1"},"img":{"alt_text":"","src":"https:\/\/i0.wp.com\/www.fabriceeulry-laboutique.com\/blog\/wp-content\/uploads\/2018\/09\/bozart-aff.png?resize=350%2C200","width":350,"height":200,"srcset":"https:\/\/i0.wp.com\/www.fabriceeulry-laboutique.com\/blog\/wp-content\/uploads\/2018\/09\/bozart-aff.png?resize=350%2C200 1x, https:\/\/i0.wp.com\/www.fabriceeulry-laboutique.com\/blog\/wp-content\/uploads\/2018\/09\/bozart-aff.png?resize=525%2C300 1.5x, https:\/\/i0.wp.com\/www.fabriceeulry-laboutique.com\/blog\/wp-content\/uploads\/2018\/09\/bozart-aff.png?resize=700%2C400 2x"},"classes":[]},{"id":9686,"url":"http:\/\/www.fabriceeulry-laboutique.com\/blog\/?p=9686","url_meta":{"origin":9693,"position":4},"title":"CONCERTO N\u00b02 \u00c0 KHARKOV","author":"Le Canard du pianiste","date":"8 septembre 2017","format":false,"excerpt":"\u00a0 En concert \u00e0 Kharkov le samedi 9 septembre 2017, dans la salle d'orgue\u00a0de la Philharmonie de Kharkov Quelques gammes sur le Bosend\u00f6rfer imp\u00e9rial en attendant l'arriv\u00e9e de l'orchestre D'ici quelques heures Le Canard du pianiste diffusera en exclusivit\u00e9 quelques extraits des r\u00e9p\u00e9titions... Au programme du concert : le Concerto\u2026","rel":"","context":"Dans &quot;Non class\u00e9&quot;","block_context":{"text":"Non class\u00e9","link":"http:\/\/www.fabriceeulry-laboutique.com\/blog\/?cat=1"},"img":{"alt_text":"","src":"https:\/\/i0.wp.com\/www.fabriceeulry-laboutique.com\/blog\/wp-content\/uploads\/2017\/09\/Kharkov-adffche-e1504891523700.jpg?resize=350%2C200","width":350,"height":200,"srcset":"https:\/\/i0.wp.com\/www.fabriceeulry-laboutique.com\/blog\/wp-content\/uploads\/2017\/09\/Kharkov-adffche-e1504891523700.jpg?resize=350%2C200 1x, https:\/\/i0.wp.com\/www.fabriceeulry-laboutique.com\/blog\/wp-content\/uploads\/2017\/09\/Kharkov-adffche-e1504891523700.jpg?resize=525%2C300 1.5x"},"classes":[]},{"id":10322,"url":"http:\/\/www.fabriceeulry-laboutique.com\/blog\/?p=10322","url_meta":{"origin":9693,"position":5},"title":"FABRICE EULRY EN PHILHARMONIQUE \u00c0 CARMAUX !","author":"Le Canard du pianiste","date":"14 f\u00e9vrier 2018","format":false,"excerpt":"La ville de Jean Jaur\u00e8s re\u00e7oit un de ses enfants ! \u00a0 Fabrice Eulry sera en concert le lundi 19 mars 2018 \u00e0 Carmaux Salle Fran\u00e7ois Mitterand CARMAUX (Tarn) 20h30 R\u00e9servations par courriel :\u00a0milana.v75@gmail.com \u00a0 Point de vente : Office d'animation du Carmausin, Place Gambetta.\u00a0 sa ville natale du Tarn.\u00a0\u2026","rel":"","context":"Dans &quot;Non class\u00e9&quot;","block_context":{"text":"Non class\u00e9","link":"http:\/\/www.fabriceeulry-laboutique.com\/blog\/?cat=1"},"img":{"alt_text":"jaures3","src":"https:\/\/i0.wp.com\/www.fabriceeulry-laboutique.com\/blog\/wp-content\/uploads\/2017\/04\/jaures3.jpg?resize=350%2C200","width":350,"height":200,"srcset":"https:\/\/i0.wp.com\/www.fabriceeulry-laboutique.com\/blog\/wp-content\/uploads\/2017\/04\/jaures3.jpg?resize=350%2C200 1x, https:\/\/i0.wp.com\/www.fabriceeulry-laboutique.com\/blog\/wp-content\/uploads\/2017\/04\/jaures3.jpg?resize=525%2C300 1.5x, https:\/\/i0.wp.com\/www.fabriceeulry-laboutique.com\/blog\/wp-content\/uploads\/2017\/04\/jaures3.jpg?resize=700%2C400 2x, https:\/\/i0.wp.com\/www.fabriceeulry-laboutique.com\/blog\/wp-content\/uploads\/2017\/04\/jaures3.jpg?resize=1050%2C600 3x, https:\/\/i0.wp.com\/www.fabriceeulry-laboutique.com\/blog\/wp-content\/uploads\/2017\/04\/jaures3.jpg?resize=1400%2C800 4x"},"classes":[]}],"_links":{"self":[{"href":"http:\/\/www.fabriceeulry-laboutique.com\/blog\/index.php?rest_route=\/wp\/v2\/posts\/9693","targetHints":{"allow":["GET"]}}],"collection":[{"href":"http:\/\/www.fabriceeulry-laboutique.com\/blog\/index.php?rest_route=\/wp\/v2\/posts"}],"about":[{"href":"http:\/\/www.fabriceeulry-laboutique.com\/blog\/index.php?rest_route=\/wp\/v2\/types\/post"}],"author":[{"embeddable":true,"href":"http:\/\/www.fabriceeulry-laboutique.com\/blog\/index.php?rest_route=\/wp\/v2\/users\/2"}],"replies":[{"embeddable":true,"href":"http:\/\/www.fabriceeulry-laboutique.com\/blog\/index.php?rest_route=%2Fwp%2Fv2%2Fcomments&post=9693"}],"version-history":[{"count":5,"href":"http:\/\/www.fabriceeulry-laboutique.com\/blog\/index.php?rest_route=\/wp\/v2\/posts\/9693\/revisions"}],"predecessor-version":[{"id":9730,"href":"http:\/\/www.fabriceeulry-laboutique.com\/blog\/index.php?rest_route=\/wp\/v2\/posts\/9693\/revisions\/9730"}],"wp:attachment":[{"href":"http:\/\/www.fabriceeulry-laboutique.com\/blog\/index.php?rest_route=%2Fwp%2Fv2%2Fmedia&parent=9693"}],"wp:term":[{"taxonomy":"category","embeddable":true,"href":"http:\/\/www.fabriceeulry-laboutique.com\/blog\/index.php?rest_route=%2Fwp%2Fv2%2Fcategories&post=9693"},{"taxonomy":"post_tag","embeddable":true,"href":"http:\/\/www.fabriceeulry-laboutique.com\/blog\/index.php?rest_route=%2Fwp%2Fv2%2Ftags&post=9693"}],"curies":[{"name":"wp","href":"https:\/\/api.w.org\/{rel}","templated":true}]}}