{"id":9819,"date":"2017-11-09T21:59:27","date_gmt":"2017-11-09T21:59:27","guid":{"rendered":"http:\/\/www.fabriceeulry-laboutique.com\/blog\/?p=9819"},"modified":"2018-12-12T01:11:44","modified_gmt":"2018-12-12T01:11:44","slug":"concert-de-noel-pour-la-restauration-dune-eglise","status":"publish","type":"post","link":"http:\/\/www.fabriceeulry-laboutique.com\/blog\/?p=9819","title":{"rendered":"CONCERT DE NOEL POUR LA RESTAURATION D&rsquo;UNE EGLISE"},"content":{"rendered":"<h2 style=\"text-align: center;\"><span style=\"color: #000000;\"><strong><a href=\"https:\/\/i0.wp.com\/www.fabriceeulry-laboutique.com\/blog\/wp-content\/uploads\/2017\/01\/roman.png\"><img data-recalc-dims=\"1\" loading=\"lazy\" decoding=\"async\" class=\"alignright size-full wp-image-9134\" src=\"https:\/\/i0.wp.com\/www.fabriceeulry-laboutique.com\/blog\/wp-content\/uploads\/2017\/01\/roman.png?resize=314%2C590\" alt=\"roman\" width=\"314\" height=\"590\" srcset=\"https:\/\/i0.wp.com\/www.fabriceeulry-laboutique.com\/blog\/wp-content\/uploads\/2017\/01\/roman.png?w=314 314w, https:\/\/i0.wp.com\/www.fabriceeulry-laboutique.com\/blog\/wp-content\/uploads\/2017\/01\/roman.png?resize=160%2C300 160w, https:\/\/i0.wp.com\/www.fabriceeulry-laboutique.com\/blog\/wp-content\/uploads\/2017\/01\/roman.png?resize=300%2C564 300w\" sizes=\"auto, (max-width: 314px) 100vw, 314px\" \/><\/a><\/strong><\/span><\/h2>\n<h2 style=\"text-align: center;\"><span style=\"color: #000000;\">Venez nombreux nous aider \u00e0 restaurer son toit en \u00e9coutant les classiques de No\u00ebl dans l&rsquo;atmosph\u00e8re chaleureuse de cette petite \u00e9glise romane de l&rsquo;an Mille, construite \u00e0 mi-chemin entre nous et l&rsquo;\u00e9v\u00e8nement que sa cr\u00e8che c\u00e9l\u00e8brera.\u00a0<\/span><span style=\"color: #000000;\">Et voici la liste des morceaux que vous pourrez y entendre :<\/span><\/h2>\n<h2 id=\"yiv2148004935yui_3_16_0_ym19_1_1510234563303_4820\" style=\"text-align: center;\"><span id=\"yiv2148004935yui_3_16_0_ym19_1_1510234563303_5082\" style=\"color: #000000;\"><b id=\"yiv2148004935yui_3_16_0_ym19_1_1510234563303_6595\">1 Jingle bells p wurl<\/b><\/span><\/h2>\n<h2 id=\"yiv2148004935yui_3_16_0_ym19_1_1510234563303_4820\" style=\"text-align: center;\"><span id=\"yiv2148004935yui_3_16_0_ym19_1_1510234563303_5099\" style=\"color: #000000;\">2 Joy to \u00a0the world p tp<\/span><\/h2>\n<h2 id=\"yiv2148004935yui_3_16_0_ym19_1_1510234563303_4820\" style=\"text-align: center;\"><span id=\"yiv2148004935yui_3_16_0_ym19_1_1510234563303_5182\" style=\"color: #000000;\">3 Le divin enfant p tp<\/span><\/h2>\n<h2 id=\"yiv2148004935yui_3_16_0_ym19_1_1510234563303_4820\" dir=\"ltr\" style=\"text-align: center;\"><span id=\"yiv2148004935yui_3_16_0_ym19_1_1510234563303_5213\" style=\"color: #000000;\">4 NON ENCORE D\u00c9FINI p tp<\/span><\/h2>\n<h2 id=\"yiv2148004935yui_3_16_0_ym19_1_1510234563303_4820\" dir=\"ltr\" style=\"text-align: center;\"><span id=\"yiv2148004935yui_3_16_0_ym19_1_1510234563303_5126\" style=\"color: #000000;\"><b id=\"yiv2148004935yui_3_16_0_ym19_1_1510234563303_6449\">5 Ave Maria solo wurl org\u00a0<\/b><\/span><\/h2>\n<h2 id=\"yiv2148004935yui_3_16_0_ym19_1_1510234563303_4820\" dir=\"ltr\" style=\"text-align: center;\"><span style=\"color: #000000;\"><span id=\"yiv2148004935yui_3_16_0_ym19_1_1510234563303_5215\">6<\/span>\u00a0Sur la paille fra\u00eeche chorale enfants orgue<\/span><\/h2>\n<h2 id=\"yiv2148004935yui_3_16_0_ym19_1_1510234563303_4820\" dir=\"ltr\" style=\"text-align: center;\"><span style=\"color: #000000;\">7 NON ENCORE D\u00c9FINI p tp<\/span><\/h2>\n<h2 id=\"yiv2148004935yui_3_16_0_ym19_1_1510234563303_4820\" dir=\"ltr\" style=\"text-align: center;\"><span style=\"color: #000000;\">8 Les anges dans nos campagnes p tp public<\/span><\/h2>\n<h2 id=\"yiv2148004935yui_3_16_0_ym19_1_1510234563303_4820\" style=\"text-align: center;\"><span style=\"color: #000000;\"><b id=\"yiv2148004935yui_3_16_0_ym19_1_1510234563303_6444\">9 Douce nuit p public qui a les paroles<\/b><\/span><\/h2>\n<h2 id=\"yiv2148004935yui_3_16_0_ym19_1_1510234563303_4820\" style=\"text-align: center;\"><span style=\"color: #000000;\">10 Minuit chr\u00e9tiens p chant<\/span><\/h2>\n<h2 id=\"yiv2148004935yui_3_16_0_ym19_1_1510234563303_4820\" style=\"text-align: center;\"><span style=\"color: #000000;\">11 Emmanuelle p chant<\/span><\/h2>\n<h2 id=\"yiv2148004935yui_3_16_0_ym19_1_1510234563303_4820\" style=\"text-align: center;\"><span style=\"color: #000000;\"><b id=\"yui_3_16_0_ym19_1_1510238775561_108262\">12 Glory hallelujah p<\/b><\/span><\/h2>\n<p>p : piano<\/p>\n<p>wurl : piano Wurlitzer<\/p>\n<p>tp : trompette<\/p>\n<p>org : orgue<\/p>\n<div style=\"text-align: center;\">\n<p><a href=\"https:\/\/i0.wp.com\/www.fabriceeulry-laboutique.com\/blog\/wp-content\/uploads\/2017\/10\/chidno.png\"><img data-recalc-dims=\"1\" loading=\"lazy\" decoding=\"async\" class=\"size-full wp-image-9785 aligncenter\" src=\"https:\/\/i0.wp.com\/www.fabriceeulry-laboutique.com\/blog\/wp-content\/uploads\/2017\/10\/chidno.png?resize=443%2C632\" alt=\"chidno\" width=\"443\" height=\"632\" srcset=\"https:\/\/i0.wp.com\/www.fabriceeulry-laboutique.com\/blog\/wp-content\/uploads\/2017\/10\/chidno.png?w=443 443w, https:\/\/i0.wp.com\/www.fabriceeulry-laboutique.com\/blog\/wp-content\/uploads\/2017\/10\/chidno.png?resize=210%2C300 210w, https:\/\/i0.wp.com\/www.fabriceeulry-laboutique.com\/blog\/wp-content\/uploads\/2017\/10\/chidno.png?resize=300%2C428 300w\" sizes=\"auto, (max-width: 443px) 100vw, 443px\" \/><\/a><\/p>\n<h2 style=\"text-align: center;\"><\/h2>\n<p style=\"text-align: center;\"><a href=\"http:\/\/www.fabriceeulry.com\/discographie.html\"><img data-recalc-dims=\"1\" loading=\"lazy\" decoding=\"async\" class=\"aligncenter size-full wp-image-7928\" src=\"https:\/\/i0.wp.com\/www.fabriceeulry-laboutique.com\/blog\/wp-content\/uploads\/2015\/12\/christmas-.jpg?resize=640%2C213\" alt=\"christmas\" width=\"640\" height=\"213\" srcset=\"https:\/\/i0.wp.com\/www.fabriceeulry-laboutique.com\/blog\/wp-content\/uploads\/2015\/12\/christmas-.jpg?w=1178 1178w, https:\/\/i0.wp.com\/www.fabriceeulry-laboutique.com\/blog\/wp-content\/uploads\/2015\/12\/christmas-.jpg?resize=300%2C100 300w, https:\/\/i0.wp.com\/www.fabriceeulry-laboutique.com\/blog\/wp-content\/uploads\/2015\/12\/christmas-.jpg?resize=1024%2C341 1024w\" sizes=\"auto, (max-width: 640px) 100vw, 640px\" \/><\/a><\/p>\n<\/div>\n<div style=\"text-align: center;\">\n<h2 style=\"text-align: center;\"><span style=\"color: #000000;\"><strong><em>Commandez-le vite (tirage limit\u00e9) cliquez sur l&rsquo;image pour \u00e9couter un extrait.<\/em><\/strong><\/span><\/h2>\n<p>&#8212;&#8212;&#8212;&#8212;&#8212;&#8212;&#8212;&#8212;&#8212;-<\/p>\n<h2 style=\"text-align: center;\"><span style=\"color: #000000;\"><strong>L&rsquo;album le plus soul de Fabrice Eulry<\/strong><\/span><\/h2>\n<h2 style=\"text-align: center;\"><span style=\"color: #000000;\"><strong>Avec Gary Wiggins Gerard Marmet \u00e0 la batterie et Al Sanders \u00e0 la basse<\/strong><\/span><\/h2>\n<p style=\"text-align: center;\"><span style=\"color: #000000;\"><strong><em>(cliq<\/em><em>uez sur la pochette pour le commander)<\/em><\/strong><\/span><\/p>\n<p><a href=\"http:\/\/www.fabriceeulry.com\/discographie.html\"><img data-recalc-dims=\"1\" loading=\"lazy\" decoding=\"async\" class=\"size-full wp-image-6454 aligncenter\" src=\"https:\/\/i0.wp.com\/www.fabriceeulry-laboutique.com\/blog\/wp-content\/uploads\/2015\/02\/jook-.jpg?resize=358%2C357\" alt=\"jook\" width=\"358\" height=\"357\" srcset=\"https:\/\/i0.wp.com\/www.fabriceeulry-laboutique.com\/blog\/wp-content\/uploads\/2015\/02\/jook-.jpg?w=358 358w, https:\/\/i0.wp.com\/www.fabriceeulry-laboutique.com\/blog\/wp-content\/uploads\/2015\/02\/jook-.jpg?resize=150%2C150 150w, https:\/\/i0.wp.com\/www.fabriceeulry-laboutique.com\/blog\/wp-content\/uploads\/2015\/02\/jook-.jpg?resize=300%2C300 300w\" sizes=\"auto, (max-width: 358px) 100vw, 358px\" \/><\/a><\/p>\n<\/div>\n","protected":false},"excerpt":{"rendered":"<p>Venez nombreux nous aider \u00e0 restaurer son toit en \u00e9coutant les classiques de No\u00ebl dans l&rsquo;atmosph\u00e8re chaleureuse de cette petite \u00e9glise romane de l&rsquo;an Mille, construite \u00e0 mi-chemin entre nous et l&rsquo;\u00e9v\u00e8nement que sa cr\u00e8che c\u00e9l\u00e8brera.\u00a0Et voici la liste des &hellip; <a href=\"http:\/\/www.fabriceeulry-laboutique.com\/blog\/?p=9819\">Continuer la lecture <span class=\"meta-nav\">&rarr;<\/span><\/a><\/p>\n","protected":false},"author":2,"featured_media":0,"comment_status":"open","ping_status":"open","sticky":false,"template":"","format":"standard","meta":{"jetpack_post_was_ever_published":false,"_jetpack_newsletter_access":"","_jetpack_dont_email_post_to_subs":true,"_jetpack_newsletter_tier_id":0,"_jetpack_memberships_contains_paywalled_content":false,"_jetpack_memberships_contains_paid_content":false,"footnotes":"","jetpack_publicize_message":"","jetpack_publicize_feature_enabled":true,"jetpack_social_post_already_shared":true,"jetpack_social_options":{"image_generator_settings":{"template":"highway","default_image_id":0,"font":"","enabled":false},"version":2}},"categories":[1],"tags":[29],"class_list":["post-9819","post","type-post","status-publish","format-standard","hentry","category-non-classe","tag-patrimoine"],"jetpack_publicize_connections":[],"jetpack_featured_media_url":"","jetpack_sharing_enabled":true,"jetpack_shortlink":"https:\/\/wp.me\/p2D6dI-2yn","jetpack_likes_enabled":true,"jetpack-related-posts":[{"id":9784,"url":"http:\/\/www.fabriceeulry-laboutique.com\/blog\/?p=9784","url_meta":{"origin":9819,"position":0},"title":"UN CONCERT DE NO\u00cbL POUR LA RESTAURATION D&rsquo;UNE \u00c9GLISE","author":"Le Canard du pianiste","date":"25 octobre 2017","format":false,"excerpt":"Venez nombreux nous aider \u00e0 restaurer son toit en \u00e9coutant les classiques de No\u00ebl dans l'atmosph\u00e8re chaleureuse de cette petite \u00e9glise romane de l'an Mille, construite \u00e0 mi-chemin entre nous et l'\u00e9v\u00e8nement que sa cr\u00e8che c\u00e9l\u00e8brera. Commandez-le vite (tirage limit\u00e9) cliquez sur l'image pour \u00e9couter un extrait.","rel":"","context":"Dans &quot;Non class\u00e9&quot;","block_context":{"text":"Non class\u00e9","link":"http:\/\/www.fabriceeulry-laboutique.com\/blog\/?cat=1"},"img":{"alt_text":"","src":"https:\/\/i0.wp.com\/www.fabriceeulry-laboutique.com\/blog\/wp-content\/uploads\/2017\/10\/chidno.png?resize=350%2C200","width":350,"height":200},"classes":[]},{"id":9959,"url":"http:\/\/www.fabriceeulry-laboutique.com\/blog\/?p=9959","url_meta":{"origin":9819,"position":1},"title":"CONCERT DE NO\u00cbL : OBJECTIF ATTEINT POUR LA RESTAURATION DE L&rsquo;\u00c9GLISE ROMANE","author":"Le Canard du pianiste","date":"17 d\u00e9cembre 2017","format":false,"excerpt":"Merci d'\u00eatre venus nombreux nous aider \u00e0 restaurer son toit en \u00e9coutant les classiques de No\u00ebl dans l'atmosph\u00e8re chaleureuse de cette petite \u00e9glise romane de l'an Mille, construite \u00e0 mi-chemin entre nous et l'\u00e9v\u00e8nement que sa cr\u00e8che c\u00e9l\u00e8bre.\u00a0 Gr\u00e2ce \u00e0 votre pr\u00e9sence et \u00e0 votre contribution, la somme qui manquait\u2026","rel":"","context":"Dans &quot;Non class\u00e9&quot;","block_context":{"text":"Non class\u00e9","link":"http:\/\/www.fabriceeulry-laboutique.com\/blog\/?cat=1"},"img":{"alt_text":"roman","src":"https:\/\/i0.wp.com\/www.fabriceeulry-laboutique.com\/blog\/wp-content\/uploads\/2017\/01\/roman.png?resize=350%2C200","width":350,"height":200},"classes":[]},{"id":4028,"url":"http:\/\/www.fabriceeulry-laboutique.com\/blog\/?p=4028","url_meta":{"origin":9819,"position":2},"title":"LE CONCERT DE NOEL : PRESQUE COMPLET ?","author":"Le Canard du pianiste","date":"7 novembre 2013","format":false,"excerpt":"Il reste encore quelques places mais nous serons certainement complets : Voici une partie du r\u00e9pertoire pour les derniers h\u00e9sitants : Silent night (Douce nuit) White christmas (No\u00ebl blanc) Ave Maria de Gounod Away in a manger Les anges dans nos campagnes We wish you a merry christmas Boogie-woogie du\u2026","rel":"","context":"Dans &quot;Non class\u00e9&quot;","block_context":{"text":"Non class\u00e9","link":"http:\/\/www.fabriceeulry-laboutique.com\/blog\/?cat=1"},"img":{"alt_text":"","src":"https:\/\/i0.wp.com\/www.fabriceeulry-laboutique.com\/blog\/wp-content\/uploads\/2013\/11\/Noe1.jpg?resize=350%2C200","width":350,"height":200,"srcset":"https:\/\/i0.wp.com\/www.fabriceeulry-laboutique.com\/blog\/wp-content\/uploads\/2013\/11\/Noe1.jpg?resize=350%2C200 1x, https:\/\/i0.wp.com\/www.fabriceeulry-laboutique.com\/blog\/wp-content\/uploads\/2013\/11\/Noe1.jpg?resize=525%2C300 1.5x, https:\/\/i0.wp.com\/www.fabriceeulry-laboutique.com\/blog\/wp-content\/uploads\/2013\/11\/Noe1.jpg?resize=700%2C400 2x"},"classes":[]},{"id":4205,"url":"http:\/\/www.fabriceeulry-laboutique.com\/blog\/?p=4205","url_meta":{"origin":9819,"position":3},"title":"UNE EGLISE BONDEE","author":"Le Canard du pianiste","date":"25 d\u00e9cembre 2013","format":false,"excerpt":"Fabrice Eulry a donn\u00e9 un concert de No\u00ebl avec le r\u00e9pertoire de No\u00ebl -trait\u00e9 \u00e0 sa mani\u00e8re ! Le 19 d\u00e9cembre 2013 \u00e0 Bruxelles L'entr\u00e9e \u00e9tait libre et chacun fit sa contribution selon ce qu'il souhaita \u00e0 la sortie, et il faut croire que la formule a plu car l'\u00e9glise\u2026","rel":"","context":"Dans &quot;Non class\u00e9&quot;","block_context":{"text":"Non class\u00e9","link":"http:\/\/www.fabriceeulry-laboutique.com\/blog\/?cat=1"},"img":{"alt_text":"","src":"https:\/\/i0.wp.com\/s3-media4.ak.yelpcdn.com\/bphoto\/CuuIV9wnAE4GcasNrWK-SQ\/120s.jpg?resize=350%2C200","width":350,"height":200},"classes":[]},{"id":11164,"url":"http:\/\/www.fabriceeulry-laboutique.com\/blog\/?p=11164","url_meta":{"origin":9819,"position":4},"title":"DEUX MESSES DE NO\u00cbL GOSPEL 23 ET 24 D\u00c9CEMBRE \u00c0 LYON","author":"Le Canard du pianiste","date":"1 d\u00e9cembre 2018","format":false,"excerpt":"Propos\u00e9es par le choeur d'APOT SING et Fabrice Eulry. ---------------------------- \u00c9glise baptiste\u00a0 85 cours vitton Lyon 6\u00a0Pour le 23 d\u00e9cembre matin\u00a0 \u00a0Temple du change pour le 24 d\u00e9cembre soir\u00a0 2 place du change Lyon 5 \u00c0 droite, Apot chef de choeur. L'album le plus soul de Fabrice Eulry : Avec\u2026","rel":"","context":"Dans &quot;Non class\u00e9&quot;","block_context":{"text":"Non class\u00e9","link":"http:\/\/www.fabriceeulry-laboutique.com\/blog\/?cat=1"},"img":{"alt_text":"","src":"https:\/\/i0.wp.com\/www.fabriceeulry-laboutique.com\/blog\/wp-content\/uploads\/2018\/12\/temple-du-change.png?resize=350%2C200","width":350,"height":200},"classes":[]},{"id":13435,"url":"http:\/\/www.fabriceeulry-laboutique.com\/blog\/?p=13435","url_meta":{"origin":9819,"position":5},"title":"PIANO SAUV\u00c9 DE LA CASSE POUR NOS ANCIENS","author":"Le Canard du pianiste","date":"16 d\u00e9cembre 2025","format":false,"excerpt":"Une petite chronique ordinaire de l'action de R\u00e9sonnance France : Une fan de ma musique me parle de sa maman en Ehpad. Je lui propose de jouer pour elle mais il n'y a pas de piano.. Qu'\u00e0 cela ne tienne : je propose d'en fournir un, un vrai, car pas\u2026","rel":"","context":"Dans &quot;Non class\u00e9&quot;","block_context":{"text":"Non class\u00e9","link":"http:\/\/www.fabriceeulry-laboutique.com\/blog\/?cat=1"},"img":{"alt_text":"","src":"https:\/\/i0.wp.com\/www.fabriceeulry-laboutique.com\/blog\/wp-content\/uploads\/2025\/12\/ST-AGNES-EHPAD-scaled.png?resize=350%2C200","width":350,"height":200,"srcset":"https:\/\/i0.wp.com\/www.fabriceeulry-laboutique.com\/blog\/wp-content\/uploads\/2025\/12\/ST-AGNES-EHPAD-scaled.png?resize=350%2C200 1x, https:\/\/i0.wp.com\/www.fabriceeulry-laboutique.com\/blog\/wp-content\/uploads\/2025\/12\/ST-AGNES-EHPAD-scaled.png?resize=525%2C300 1.5x, https:\/\/i0.wp.com\/www.fabriceeulry-laboutique.com\/blog\/wp-content\/uploads\/2025\/12\/ST-AGNES-EHPAD-scaled.png?resize=700%2C400 2x, https:\/\/i0.wp.com\/www.fabriceeulry-laboutique.com\/blog\/wp-content\/uploads\/2025\/12\/ST-AGNES-EHPAD-scaled.png?resize=1050%2C600 3x, https:\/\/i0.wp.com\/www.fabriceeulry-laboutique.com\/blog\/wp-content\/uploads\/2025\/12\/ST-AGNES-EHPAD-scaled.png?resize=1400%2C800 4x"},"classes":[]}],"_links":{"self":[{"href":"http:\/\/www.fabriceeulry-laboutique.com\/blog\/index.php?rest_route=\/wp\/v2\/posts\/9819","targetHints":{"allow":["GET"]}}],"collection":[{"href":"http:\/\/www.fabriceeulry-laboutique.com\/blog\/index.php?rest_route=\/wp\/v2\/posts"}],"about":[{"href":"http:\/\/www.fabriceeulry-laboutique.com\/blog\/index.php?rest_route=\/wp\/v2\/types\/post"}],"author":[{"embeddable":true,"href":"http:\/\/www.fabriceeulry-laboutique.com\/blog\/index.php?rest_route=\/wp\/v2\/users\/2"}],"replies":[{"embeddable":true,"href":"http:\/\/www.fabriceeulry-laboutique.com\/blog\/index.php?rest_route=%2Fwp%2Fv2%2Fcomments&post=9819"}],"version-history":[{"count":5,"href":"http:\/\/www.fabriceeulry-laboutique.com\/blog\/index.php?rest_route=\/wp\/v2\/posts\/9819\/revisions"}],"predecessor-version":[{"id":9958,"href":"http:\/\/www.fabriceeulry-laboutique.com\/blog\/index.php?rest_route=\/wp\/v2\/posts\/9819\/revisions\/9958"}],"wp:attachment":[{"href":"http:\/\/www.fabriceeulry-laboutique.com\/blog\/index.php?rest_route=%2Fwp%2Fv2%2Fmedia&parent=9819"}],"wp:term":[{"taxonomy":"category","embeddable":true,"href":"http:\/\/www.fabriceeulry-laboutique.com\/blog\/index.php?rest_route=%2Fwp%2Fv2%2Fcategories&post=9819"},{"taxonomy":"post_tag","embeddable":true,"href":"http:\/\/www.fabriceeulry-laboutique.com\/blog\/index.php?rest_route=%2Fwp%2Fv2%2Ftags&post=9819"}],"curies":[{"name":"wp","href":"https:\/\/api.w.org\/{rel}","templated":true}]}}