{"id":986,"date":"2012-11-15T03:49:05","date_gmt":"2012-11-15T03:49:05","guid":{"rendered":"http:\/\/www.fabriceeulry-laboutique.com\/blog\/?p=986"},"modified":"2018-12-13T05:16:52","modified_gmt":"2018-12-13T05:16:52","slug":"986","status":"publish","type":"post","link":"http:\/\/www.fabriceeulry-laboutique.com\/blog\/?p=986","title":{"rendered":"PIANO BLUES BOOGIE EN ROMANDIE : ENCORE DES COMMENTAIRES !"},"content":{"rendered":"<p><strong>Vous pouvez continuer d&rsquo;en laisser sur le forum de cet article, mais voici quelques uns de ceux que vous nous avez envoy\u00e9 directement par courriel:<\/strong><\/p>\n<p><strong>Marie-Laure (LAUSANNE) :\u00a0Merci infiniment, cher Fabrice,\u00a0<var id=\"yiv1697084261yui-ie-cursor\"><\/var>pour ce concert magique de vendredi&#8230;! Ce fut un baume pour l&rsquo;\u00e2me que de rire ainsi et participer \u00e0 ces swings incroyables&#8230; qui jaillissent de vos doigts. Comment faites-vous pour ne pas attrapper des crampes \u00e0 la main gauche, c&rsquo;est un myst\u00e8re.<\/strong><\/p>\n<p>Ovation debout du public lors du salut \u00a0: Lluis Coloma, Fabrice Eulry, Ricky Nye, Jacky Milliet, et les \u00e9l\u00e8ves de R\u00e9sonnance : Romain et Emmanuelle-Marie.<\/p>\n<p><a href=\"https:\/\/i0.wp.com\/www.fabriceeulry-laboutique.com\/blog\/wp-content\/uploads\/2012\/11\/Tous-au-final-photo-Elrica1.jpg\"><img data-recalc-dims=\"1\" loading=\"lazy\" decoding=\"async\" title=\"Tous au final photo Elrica\" src=\"https:\/\/i0.wp.com\/www.fabriceeulry-laboutique.com\/blog\/wp-content\/uploads\/2012\/11\/Tous-au-final-photo-Elrica1.jpg?resize=640%2C480\" alt=\"\" width=\"640\" height=\"480\" \/><\/a><\/p>\n<div><em>Photo : Elrica Doyen<\/em><\/div>\n<p><strong>Carlo\u00a0(LAUSANNE) : \u00ab\u00a0Merci beaucoup pour cette soir\u00e9e pleine de vie et de joie de vivre.\u00a0Et longue vie au Festival piano blues boogie en Romandie.\u00a0\u00bb<\/strong><\/p>\n<p><strong>Jessica ; (NYONS)\u00a0En vous voyant tous sur sc\u00e8ne, une chose ma frapp\u00e9e et inspir\u00e9e: c\u2019est \u00e0 quel point les jambes\/pieds prennent une importance visuelle sur sc\u00e8ne lors du Boogie Woogie. \u00c7a en devient quelque chose de divertissant \u00e0 regarder pendant le concert, car elles se d\u00e9placent avec\u00a0fureur dans tous les sens.\u00a0<\/strong><strong>Flamboyant, g\u00e9n\u00e9reux,\u00a0impeccable et\u00a0<em>terriblement\u00a0<\/em>dr\u00f4le.\u00a0Votre plaisir \u00e0 tous sur sc\u00e8ne \u00e9tait infectieuse, et je parle pour toute ma famille quand je dit qu\u2019on l\u2019a ressenti et que ce plaisir \u00e9tait\u00a0infectieux. Le bonheur des \u00e9l\u00e8ves de la Fondation R\u00e9sonnance qui ont \u00e9t\u00e9 invit\u00e9s \u00e0 jouer sur sc\u00e8ne, rayonnait. On leur a parl\u00e9 quelques minutes apr\u00e8s ils \u00a0n\u2019en revenaient toujours pas !<\/strong><\/p>\n<p><strong>Encore Jessica\u00a0\u00a0(NYONS) : \u00ab\u00a0It was GREAT, GRAND, ENERGETIC, FANTASTIC, FABULOUS, FUNNY, ENTERTAINING, FLABBERGASTING, ENCHANTING!\u00a0\u00bb<\/strong><\/p>\n<p><a href=\"https:\/\/i0.wp.com\/www.fabriceeulry-laboutique.com\/blog\/wp-content\/uploads\/2012\/11\/Bouquet-final-Paderewsky-2012-2.jpg\"><img data-recalc-dims=\"1\" loading=\"lazy\" decoding=\"async\" class=\"alignnone size-large wp-image-1190\" title=\"Bouquet final Paderewsky 2012 2\" src=\"https:\/\/i0.wp.com\/www.fabriceeulry-laboutique.com\/blog\/wp-content\/uploads\/2012\/11\/Bouquet-final-Paderewsky-2012-2.jpg?resize=640%2C423\" alt=\"\" width=\"640\" height=\"423\" srcset=\"https:\/\/i0.wp.com\/www.fabriceeulry-laboutique.com\/blog\/wp-content\/uploads\/2012\/11\/Bouquet-final-Paderewsky-2012-2.jpg?resize=1024%2C678 1024w, https:\/\/i0.wp.com\/www.fabriceeulry-laboutique.com\/blog\/wp-content\/uploads\/2012\/11\/Bouquet-final-Paderewsky-2012-2.jpg?resize=300%2C198 300w, https:\/\/i0.wp.com\/www.fabriceeulry-laboutique.com\/blog\/wp-content\/uploads\/2012\/11\/Bouquet-final-Paderewsky-2012-2.jpg?w=1280 1280w, https:\/\/i0.wp.com\/www.fabriceeulry-laboutique.com\/blog\/wp-content\/uploads\/2012\/11\/Bouquet-final-Paderewsky-2012-2.jpg?w=1920 1920w\" sizes=\"auto, (max-width: 640px) 100vw, 640px\" \/><\/a><\/p>\n<p><em>Photos : Bastien Girshing-Maury<\/em><\/p>\n<p><strong>Claude\u00a0\u00a0(ENGHIEN LES BAINS -FRANCE) : \u00ab\u00a0Encore un grand MERCI d\u2019avoir accueilli nos amis.<\/strong><\/p>\n<p><strong>Le retour que nous en avons eu refl\u00e9tait l\u2019enthousiasme.<\/strong><\/p>\n<p><strong>Comment pourrait-il en \u00eatre autrement\u00a0?\u00a0\u00bb<\/strong><\/p>\n<p><a href=\"https:\/\/i0.wp.com\/www.fabriceeulry-laboutique.com\/blog\/wp-content\/uploads\/2012\/11\/Ricky-Nye-Paderewsky-2012.jpg\"><img data-recalc-dims=\"1\" loading=\"lazy\" decoding=\"async\" class=\"alignnone size-large wp-image-1198\" title=\"Ricky Nye Paderewsky 2012\" src=\"https:\/\/i0.wp.com\/www.fabriceeulry-laboutique.com\/blog\/wp-content\/uploads\/2012\/11\/Ricky-Nye-Paderewsky-2012.jpg?resize=640%2C423\" alt=\"\" width=\"640\" height=\"423\" srcset=\"https:\/\/i0.wp.com\/www.fabriceeulry-laboutique.com\/blog\/wp-content\/uploads\/2012\/11\/Ricky-Nye-Paderewsky-2012.jpg?resize=1024%2C678 1024w, https:\/\/i0.wp.com\/www.fabriceeulry-laboutique.com\/blog\/wp-content\/uploads\/2012\/11\/Ricky-Nye-Paderewsky-2012.jpg?resize=300%2C198 300w, https:\/\/i0.wp.com\/www.fabriceeulry-laboutique.com\/blog\/wp-content\/uploads\/2012\/11\/Ricky-Nye-Paderewsky-2012.jpg?w=1280 1280w, https:\/\/i0.wp.com\/www.fabriceeulry-laboutique.com\/blog\/wp-content\/uploads\/2012\/11\/Ricky-Nye-Paderewsky-2012.jpg?w=1920 1920w\" sizes=\"auto, (max-width: 640px) 100vw, 640px\" \/><\/a><\/p>\n<p><strong>Genevi\u00e8ve :\u00a0\u00a0(ST SYMPHORIN LAVAUX) \u00ab\u00a0Avec mes f\u00e9licitations et mes remerciements pour l\u2019ambiance que vous avez insuffl\u00e9e dans la salle Paderewski<\/strong>.\u00a0\u00bb<\/p>\n<p><a href=\"https:\/\/i0.wp.com\/www.fabriceeulry-laboutique.com\/blog\/wp-content\/uploads\/2012\/11\/La-cravate-1-Paderewsky-2012.jpg\"><img data-recalc-dims=\"1\" loading=\"lazy\" decoding=\"async\" class=\"alignnone size-large wp-image-1196\" title=\"La cravate 1 Paderewsky 2012\" src=\"https:\/\/i0.wp.com\/www.fabriceeulry-laboutique.com\/blog\/wp-content\/uploads\/2012\/11\/La-cravate-1-Paderewsky-2012.jpg?resize=640%2C423\" alt=\"\" width=\"640\" height=\"423\" srcset=\"https:\/\/i0.wp.com\/www.fabriceeulry-laboutique.com\/blog\/wp-content\/uploads\/2012\/11\/La-cravate-1-Paderewsky-2012.jpg?resize=1024%2C678 1024w, https:\/\/i0.wp.com\/www.fabriceeulry-laboutique.com\/blog\/wp-content\/uploads\/2012\/11\/La-cravate-1-Paderewsky-2012.jpg?resize=300%2C198 300w, https:\/\/i0.wp.com\/www.fabriceeulry-laboutique.com\/blog\/wp-content\/uploads\/2012\/11\/La-cravate-1-Paderewsky-2012.jpg?w=1280 1280w, https:\/\/i0.wp.com\/www.fabriceeulry-laboutique.com\/blog\/wp-content\/uploads\/2012\/11\/La-cravate-1-Paderewsky-2012.jpg?w=1920 1920w\" sizes=\"auto, (max-width: 640px) 100vw, 640px\" \/><\/a><\/p>\n<p><strong>Carole\u00a0: (PARIS) \u00ab\u00a0Votre festival \u00e9tait fabuleux\u00a0\u00bb<\/strong><\/p>\n<p><strong><br \/>\n<\/strong><\/p>\n<h2 style=\"text-align: center;\"><strong>Compl\u00e9tez votre discographie des boogie-woogies de Fabrice Eulry\u00a0<\/strong><\/h2>\n<h2 style=\"text-align: center;\"><strong id=\"yui_3_7_2_1_1367286510926_17277\"><a id=\"yui_3_7_2_1_1367286510926_17276\" title=\"Boogie Folies \" href=\"http:\/\/www.fabriceeulry-laboutique.com\/category.php?id_category=13\" rel=\"nofollow\" target=\"_blank\"><img data-recalc-dims=\"1\" decoding=\"async\" id=\"yui_3_7_2_1_1367286510926_17275\" src=\"https:\/\/i0.wp.com\/www.fabriceeulry-laboutique.com\/img\/c\/13-medium.jpg?w=640\" alt=\"\" \/>\u00a0<\/a><a id=\"yui_3_7_2_1_1367286510926_17324\" href=\"http:\/\/www.fabriceeulry-laboutique.com\/category.php?id_category=13\" rel=\"nofollow\" target=\"_blank\">Boogie Folies<\/a>\u00a0\u00a0\u00a0<\/strong><strong id=\"yui_3_7_2_1_1367286510926_17294\"><a id=\"yui_3_7_2_1_1367286510926_17297\" title=\"Boogie Folies Volume 2\" href=\"http:\/\/www.fabriceeulry-laboutique.com\/category.php?id_category=14\" rel=\"nofollow\" target=\"_blank\"><img data-recalc-dims=\"1\" decoding=\"async\" id=\"yui_3_7_2_1_1367286510926_17298\" src=\"https:\/\/i0.wp.com\/www.fabriceeulry-laboutique.com\/img\/c\/14-medium.jpg?w=640\" alt=\"\" \/>\u00a0<\/a><\/strong><strong id=\"yui_3_7_2_1_1367286510926_17294\"><a id=\"yui_3_7_2_1_1367286510926_17293\" href=\"http:\/\/www.fabriceeulry-laboutique.com\/category.php?id_category=14\" rel=\"nofollow\" target=\"_blank\">Boogie Folies Volume 2<\/a><\/strong><\/h2>\n","protected":false},"excerpt":{"rendered":"<p>Vous pouvez continuer d&rsquo;en laisser sur le forum de cet article, mais voici quelques uns de ceux que vous nous avez envoy\u00e9 directement par courriel: Marie-Laure (LAUSANNE) :\u00a0Merci infiniment, cher Fabrice,\u00a0pour ce concert magique de vendredi&#8230;! Ce fut un baume &hellip; <a href=\"http:\/\/www.fabriceeulry-laboutique.com\/blog\/?p=986\">Continuer la lecture <span class=\"meta-nav\">&rarr;<\/span><\/a><\/p>\n","protected":false},"author":2,"featured_media":0,"comment_status":"open","ping_status":"open","sticky":false,"template":"","format":"standard","meta":{"jetpack_post_was_ever_published":false,"_jetpack_newsletter_access":"","_jetpack_dont_email_post_to_subs":true,"_jetpack_newsletter_tier_id":0,"_jetpack_memberships_contains_paywalled_content":false,"_jetpack_memberships_contains_paid_content":false,"footnotes":"","jetpack_publicize_message":"","jetpack_publicize_feature_enabled":true,"jetpack_social_post_already_shared":false,"jetpack_social_options":{"image_generator_settings":{"template":"highway","default_image_id":0,"font":"","enabled":false},"version":2}},"categories":[1],"tags":[25],"class_list":["post-986","post","type-post","status-publish","format-standard","hentry","category-non-classe","tag-boogie-woogie"],"jetpack_publicize_connections":[],"jetpack_featured_media_url":"","jetpack_sharing_enabled":true,"jetpack_shortlink":"https:\/\/wp.me\/s2D6dI-986","jetpack_likes_enabled":true,"jetpack-related-posts":[{"id":1330,"url":"http:\/\/www.fabriceeulry-laboutique.com\/blog\/?p=1330","url_meta":{"origin":986,"position":0},"title":"PIANO BLUES BOOGIE EN ROMANDIE : 2\u00e8me EDITION !","author":"Le Canard du pianiste","date":"28 novembre 2012","format":false,"excerpt":"Le festival est recondit en deuxi\u00e8me ann\u00e9e ! Les dates : 8 et 9 novembre 2013 au casino de Montbenon \u00e0 Lausanne, salle Paderewsky. De \u00a0droite \u00e0 gauche : la pianiste Emmanuelle-Marie, talentueuse \u00e9l\u00e8ve \u00a0de la Fondation R\u00e9sonnance, Un ami de Jacky Milliet, Fabrice Eulry, et Jacky Milliet, derni\u00e8re mise\u2026","rel":"","context":"Dans &quot;Non class\u00e9&quot;","block_context":{"text":"Non class\u00e9","link":"http:\/\/www.fabriceeulry-laboutique.com\/blog\/?cat=1"},"img":{"alt_text":"","src":"https:\/\/i0.wp.com\/www.fabriceeulry-laboutique.com\/blog\/wp-content\/uploads\/2012\/11\/pader-4.jpg?resize=350%2C200","width":350,"height":200,"srcset":"https:\/\/i0.wp.com\/www.fabriceeulry-laboutique.com\/blog\/wp-content\/uploads\/2012\/11\/pader-4.jpg?resize=350%2C200 1x, https:\/\/i0.wp.com\/www.fabriceeulry-laboutique.com\/blog\/wp-content\/uploads\/2012\/11\/pader-4.jpg?resize=525%2C300 1.5x, https:\/\/i0.wp.com\/www.fabriceeulry-laboutique.com\/blog\/wp-content\/uploads\/2012\/11\/pader-4.jpg?resize=700%2C400 2x"},"classes":[]},{"id":3025,"url":"http:\/\/www.fabriceeulry-laboutique.com\/blog\/?p=3025","url_meta":{"origin":986,"position":1},"title":"FABRICE EULRY A PADEREWSKI","author":"Le Canard du pianiste","date":"8 novembre 2013","format":false,"excerpt":"Affiche de Jessica Scheurer Fabrice Eulry a affront\u00e9 le vendredi 8 novembre une premi\u00e8re fois, la salle Paderewski du casino de Montbenon de Lausanne en solo avant d'y donner des duos de pianos ce soir \u00e0 20h.30. et le samedi 9 novembre. \u00a0 Les spectateurs dont un tiers venaient de\u2026","rel":"","context":"Dans &quot;Non class\u00e9&quot;","block_context":{"text":"Non class\u00e9","link":"http:\/\/www.fabriceeulry-laboutique.com\/blog\/?cat=1"},"img":{"alt_text":"","src":"https:\/\/i0.wp.com\/www.fabriceeulry-laboutique.com\/blog\/wp-content\/uploads\/2013\/07\/PIANO-BLUES-BOOGIE-EN-ROMANDIE.png?resize=350%2C200","width":350,"height":200},"classes":[]},{"id":423,"url":"http:\/\/www.fabriceeulry-laboutique.com\/blog\/?p=423","url_meta":{"origin":986,"position":2},"title":"ENCORE DU NOUVEAU POUR LES PIANISTES","author":"Le Canard du pianiste","date":"20 avril 2012","format":false,"excerpt":"Fabrice Eulry propose \u00e9galement une partition\u00a0gratuite\u00a0et \u00e9volutive : Toutes les trois semaines il vous en envoie une nouvelle version pdf en introduisant \u00e0 chaque fois une petite dose de difficult\u00e9 suppl\u00e9mentaire. Le morceau s'appelle \"Boogie facile\". Demandez-le :\u00a0fabriceeulry@yahoo.fr Voici ce qu'\u00e9crit une personne qui vient de le recevoir : \"Merci\u2026","rel":"","context":"Dans &quot;Non class\u00e9&quot;","block_context":{"text":"Non class\u00e9","link":"http:\/\/www.fabriceeulry-laboutique.com\/blog\/?cat=1"},"img":{"alt_text":"","src":"https:\/\/i0.wp.com\/fabriceeulryunblogfr.unblog.fr\/files\/2011\/06\/fabriceaupianoconcerto.jpg?resize=350%2C200","width":350,"height":200},"classes":[]},{"id":7734,"url":"http:\/\/www.fabriceeulry-laboutique.com\/blog\/?p=7734","url_meta":{"origin":986,"position":3},"title":"VOS COMMENTAIRES SUR L&rsquo;OLYMPIA","author":"Le Canard du pianiste","date":"1 novembre 2015","format":false,"excerpt":"C'\u00e9tait un concert de rentr\u00e9e tr\u00e8s difficile \u00e0 promouvoir \u00e0 la t\u00e9l\u00e9vision par exemple, dans la mesure o\u00f9 les grilles de rentr\u00e9es n'\u00e9taient pas encore \u00e9tablies dans la p\u00e9riode qui le pr\u00e9c\u00e9dait, les animateurs n'\u00e9tant m\u00eame pas encore s\u00fbrs d'\u00eatre reconduits. Dans cette configuration, que l'Olympia eut \u00e9t\u00e9 plein d'un\u2026","rel":"","context":"Dans &quot;Non class\u00e9&quot;","block_context":{"text":"Non class\u00e9","link":"http:\/\/www.fabriceeulry-laboutique.com\/blog\/?cat=1"},"img":{"alt_text":"","src":"https:\/\/i0.wp.com\/www.fabriceeulry-laboutique.com\/blog\/wp-content\/uploads\/2015\/11\/OLYMPIA-CAPTURE-2-.jpg?resize=350%2C200","width":350,"height":200,"srcset":"https:\/\/i0.wp.com\/www.fabriceeulry-laboutique.com\/blog\/wp-content\/uploads\/2015\/11\/OLYMPIA-CAPTURE-2-.jpg?resize=350%2C200 1x, https:\/\/i0.wp.com\/www.fabriceeulry-laboutique.com\/blog\/wp-content\/uploads\/2015\/11\/OLYMPIA-CAPTURE-2-.jpg?resize=525%2C300 1.5x, https:\/\/i0.wp.com\/www.fabriceeulry-laboutique.com\/blog\/wp-content\/uploads\/2015\/11\/OLYMPIA-CAPTURE-2-.jpg?resize=700%2C400 2x, https:\/\/i0.wp.com\/www.fabriceeulry-laboutique.com\/blog\/wp-content\/uploads\/2015\/11\/OLYMPIA-CAPTURE-2-.jpg?resize=1050%2C600 3x"},"classes":[]},{"id":1485,"url":"http:\/\/www.fabriceeulry-laboutique.com\/blog\/?p=1485","url_meta":{"origin":986,"position":4},"title":"PUISQUE VOUS AVEZ ECHAPPE A LA FIN DU MONDE !","author":"Le Canard du pianiste","date":"10 d\u00e9cembre 2012","format":false,"excerpt":"\u00a0\u00a0Faites-vous plaisir et faites plaisir, en commandant quelques albums : \u00a0\u00a0Pour les plus press\u00e9s, le d\u00e9lai sera d'autant plus court qu'ils peuvent m\u00eame d\u00e9sormais acheter les disques en version num\u00e9rique par t\u00e9l\u00e9chargement. \u00a0\u00a0Ces albums\u00a0sont t\u00e9l\u00e9chargeables sur ce site. Le son du mp3 est moins riche que celui du disque laser.\u2026","rel":"","context":"Dans &quot;Non class\u00e9&quot;","block_context":{"text":"Non class\u00e9","link":"http:\/\/www.fabriceeulry-laboutique.com\/blog\/?cat=1"},"img":{"alt_text":"","src":"https:\/\/i0.wp.com\/fabriceeulryunblogfr.unblog.fr\/files\/2011\/12\/boogiepassavant.png?resize=350%2C200","width":350,"height":200},"classes":[]},{"id":4617,"url":"http:\/\/www.fabriceeulry-laboutique.com\/blog\/?p=4617","url_meta":{"origin":986,"position":5},"title":"UNE BOUGIE POUR CHOPIN AVEC LE CHOPIN DU BOOGIE","author":"Le Canard du pianiste","date":"12 mars 2014","format":false,"excerpt":"\u00a0Pour f\u00eater la naissance de R\u00e9sonnance Belgique la fondation R\u00e9sonnance a cr\u00e9\u00e9 un \u00e9v\u00e8nement mixte avec Elizabeth Sombart et Fabrice Eulry Pour sa naissance, R\u00e9sonnance Belgique vous d\u00e9roule le tapis rouge ! \u00a0Les deux complices juste avant le concert posent pour la t\u00e9l\u00e9 flamande. Elizabeth Sombart : l'accord final de\u2026","rel":"","context":"Dans &quot;Non class\u00e9&quot;","block_context":{"text":"Non class\u00e9","link":"http:\/\/www.fabriceeulry-laboutique.com\/blog\/?cat=1"},"img":{"alt_text":"","src":"https:\/\/i0.wp.com\/www.fabriceeulry-laboutique.com\/blog\/wp-content\/uploads\/2014\/03\/res.jpg?resize=350%2C200","width":350,"height":200},"classes":[]}],"_links":{"self":[{"href":"http:\/\/www.fabriceeulry-laboutique.com\/blog\/index.php?rest_route=\/wp\/v2\/posts\/986","targetHints":{"allow":["GET"]}}],"collection":[{"href":"http:\/\/www.fabriceeulry-laboutique.com\/blog\/index.php?rest_route=\/wp\/v2\/posts"}],"about":[{"href":"http:\/\/www.fabriceeulry-laboutique.com\/blog\/index.php?rest_route=\/wp\/v2\/types\/post"}],"author":[{"embeddable":true,"href":"http:\/\/www.fabriceeulry-laboutique.com\/blog\/index.php?rest_route=\/wp\/v2\/users\/2"}],"replies":[{"embeddable":true,"href":"http:\/\/www.fabriceeulry-laboutique.com\/blog\/index.php?rest_route=%2Fwp%2Fv2%2Fcomments&post=986"}],"version-history":[{"count":42,"href":"http:\/\/www.fabriceeulry-laboutique.com\/blog\/index.php?rest_route=\/wp\/v2\/posts\/986\/revisions"}],"predecessor-version":[{"id":989,"href":"http:\/\/www.fabriceeulry-laboutique.com\/blog\/index.php?rest_route=\/wp\/v2\/posts\/986\/revisions\/989"}],"wp:attachment":[{"href":"http:\/\/www.fabriceeulry-laboutique.com\/blog\/index.php?rest_route=%2Fwp%2Fv2%2Fmedia&parent=986"}],"wp:term":[{"taxonomy":"category","embeddable":true,"href":"http:\/\/www.fabriceeulry-laboutique.com\/blog\/index.php?rest_route=%2Fwp%2Fv2%2Fcategories&post=986"},{"taxonomy":"post_tag","embeddable":true,"href":"http:\/\/www.fabriceeulry-laboutique.com\/blog\/index.php?rest_route=%2Fwp%2Fv2%2Ftags&post=986"}],"curies":[{"name":"wp","href":"https:\/\/api.w.org\/{rel}","templated":true}]}}