{"id":9873,"date":"2017-12-02T01:21:21","date_gmt":"2017-12-02T01:21:21","guid":{"rendered":"http:\/\/www.fabriceeulry-laboutique.com\/blog\/?p=9873"},"modified":"2018-12-12T01:08:20","modified_gmt":"2018-12-12T01:08:20","slug":"600-auditeurs-pour-lhommage-a-ray-charles","status":"publish","type":"post","link":"http:\/\/www.fabriceeulry-laboutique.com\/blog\/?p=9873","title":{"rendered":"600 AUDITEURS POUR L&rsquo;HOMMAGE \u00c0 RAY CHARLES"},"content":{"rendered":"<p style=\"text-align: center;\"><span style=\"color: #000000;\"><strong>Les amis de <a href=\"http:\/\/www.fabriceeulry-laboutique.com\/blog\/?p=9464\">Blues en Aveyron<\/a> a fait un battage des plus efficaces dans les journ\u00e9es qui ont pr\u00e9c\u00e9d\u00e9 les deux concerts.<\/strong><\/span><\/p>\n<p style=\"text-align: center;\"><a href=\"https:\/\/i0.wp.com\/www.fabriceeulry-laboutique.com\/blog\/wp-content\/uploads\/2017\/11\/affiche2ray-e1511117713182.png\"><img data-recalc-dims=\"1\" loading=\"lazy\" decoding=\"async\" class=\"alignright size-full wp-image-9874\" src=\"https:\/\/i0.wp.com\/www.fabriceeulry-laboutique.com\/blog\/wp-content\/uploads\/2017\/11\/affiche2ray-e1511117713182.png?resize=640%2C699\" alt=\"affiche2ray\" width=\"640\" height=\"699\" srcset=\"https:\/\/i0.wp.com\/www.fabriceeulry-laboutique.com\/blog\/wp-content\/uploads\/2017\/11\/affiche2ray-e1511117713182.png?w=657 657w, https:\/\/i0.wp.com\/www.fabriceeulry-laboutique.com\/blog\/wp-content\/uploads\/2017\/11\/affiche2ray-e1511117713182.png?resize=275%2C300 275w, https:\/\/i0.wp.com\/www.fabriceeulry-laboutique.com\/blog\/wp-content\/uploads\/2017\/11\/affiche2ray-e1511117713182.png?resize=300%2C328 300w\" sizes=\"auto, (max-width: 640px) 100vw, 640px\" \/><\/a><\/p>\n<p style=\"text-align: center;\"><strong><span style=\"color: #000000;\">Le reportage du bulletin d&rsquo;Espalion :<\/span><\/strong><\/p>\n<p style=\"text-align: center;\"><a href=\"https:\/\/i0.wp.com\/www.fabriceeulry-laboutique.com\/blog\/wp-content\/uploads\/2017\/12\/Capture-d%E2%80%99%C3%A9cran-2017-12-02-%C3%A0-01.40.20.png\"><img data-recalc-dims=\"1\" loading=\"lazy\" decoding=\"async\" class=\"size-full wp-image-9911 aligncenter\" src=\"https:\/\/i0.wp.com\/www.fabriceeulry-laboutique.com\/blog\/wp-content\/uploads\/2017\/12\/Capture-d%E2%80%99%C3%A9cran-2017-12-02-%C3%A0-01.40.20.png?resize=498%2C606\" alt=\"Capture d\u2019\u00e9cran 2017-12-02 \u00e0 01.40.20\" width=\"498\" height=\"606\" srcset=\"https:\/\/i0.wp.com\/www.fabriceeulry-laboutique.com\/blog\/wp-content\/uploads\/2017\/12\/Capture-d%E2%80%99%C3%A9cran-2017-12-02-%C3%A0-01.40.20.png?w=498 498w, https:\/\/i0.wp.com\/www.fabriceeulry-laboutique.com\/blog\/wp-content\/uploads\/2017\/12\/Capture-d%E2%80%99%C3%A9cran-2017-12-02-%C3%A0-01.40.20.png?resize=247%2C300 247w, https:\/\/i0.wp.com\/www.fabriceeulry-laboutique.com\/blog\/wp-content\/uploads\/2017\/12\/Capture-d%E2%80%99%C3%A9cran-2017-12-02-%C3%A0-01.40.20.png?resize=300%2C365 300w\" sizes=\"auto, (max-width: 498px) 100vw, 498px\" \/><\/a><\/p>\n<p style=\"text-align: center;\"><strong><span style=\"color: #000000;\">Celui de la gazette du Nayrac :<\/span><\/strong><\/p>\n<p style=\"text-align: center;\"><a href=\"https:\/\/i0.wp.com\/www.fabriceeulry-laboutique.com\/blog\/wp-content\/uploads\/2017\/12\/Capture-d%E2%80%99%C3%A9cran-2017-12-02-%C3%A0-01.43.07.png\"><img data-recalc-dims=\"1\" loading=\"lazy\" decoding=\"async\" class=\"size-full wp-image-9912 aligncenter\" src=\"https:\/\/i0.wp.com\/www.fabriceeulry-laboutique.com\/blog\/wp-content\/uploads\/2017\/12\/Capture-d%E2%80%99%C3%A9cran-2017-12-02-%C3%A0-01.43.07.png?resize=454%2C431\" alt=\"Capture d\u2019\u00e9cran 2017-12-02 \u00e0 01.43.07\" width=\"454\" height=\"431\" srcset=\"https:\/\/i0.wp.com\/www.fabriceeulry-laboutique.com\/blog\/wp-content\/uploads\/2017\/12\/Capture-d%E2%80%99%C3%A9cran-2017-12-02-%C3%A0-01.43.07.png?w=454 454w, https:\/\/i0.wp.com\/www.fabriceeulry-laboutique.com\/blog\/wp-content\/uploads\/2017\/12\/Capture-d%E2%80%99%C3%A9cran-2017-12-02-%C3%A0-01.43.07.png?resize=300%2C285 300w\" sizes=\"auto, (max-width: 454px) 100vw, 454px\" \/><\/a><\/p>\n<p style=\"text-align: center;\"><span style=\"color: #000000;\"><strong>Sur la photo du bas Fabrice Eulry joue sur le piano <a href=\"http:\/\/www.fabriceeulry-laboutique.com\/blog\/?p=9842\">Wurlitzer<\/a> (piano \u00e9lectro-acoustique du m\u00eame mod\u00e8le que celui sur lequel Ray Charles a enregistr\u00e9 What&rsquo;d I say) et accompagne Fred Bonnet (\u00e0 droite) qui a\u00a0<\/strong><\/span><span style=\"color: #000000;\"><b>fait\u00a0<\/b><\/span><strong><span style=\"color: #000000;\">un\u00a0travail colossal pour forger ce grand orchestre.<\/span><\/strong><\/p>\n<p style=\"text-align: center;\"><strong><span style=\"color: #000000;\">Un album-hommage \u00e0 Ray Charles :<\/span><\/strong><\/p>\n<p style=\"text-align: center;\"><span style=\"color: #000000;\"><a style=\"color: #000000;\" href=\"https:\/\/i0.wp.com\/www.fabriceeulry-laboutique.com\/blog\/wp-content\/uploads\/2012\/10\/POCHETTE-TWIST4.jpg\"><img data-recalc-dims=\"1\" loading=\"lazy\" decoding=\"async\" title=\"POCHETTE TWIST\" src=\"https:\/\/i0.wp.com\/www.fabriceeulry-laboutique.com\/blog\/wp-content\/uploads\/2012\/10\/POCHETTE-TWIST4.jpg?resize=200%2C200\" alt=\"\" width=\"200\" height=\"200\" \/><\/a><\/span><\/p>\n<h2 style=\"text-align: center;\"><span style=\"color: #000000;\">\u00a0 \u00a0Paru dans Soul bag magazine, cette chronique du disque Twistin&rsquo; at Ray&rsquo;s \u00e9crite par Andr\u00e9 Hobus, traduite du flamand par le Canard du pianiste.<\/span><\/h2>\n<h2 style=\"text-align: center;\"><span style=\"color: #000000;\"><strong>\u00a0 \u00a0\u00ab\u00a0C&rsquo;est une surprise totale, m\u00eame compte tenu de l&rsquo;\u00e9clectisme de Fabrice Eulry, son go\u00fbt pour la pop et son implication subtile \u00e0 trouver des compromis entre les genres. \u00a0<\/strong><\/span><\/h2>\n<h2 style=\"text-align: center;\"><span style=\"color: #000000;\"><strong>\u00a0 \u00a0Ce CD instrumental est richement orchestr\u00e9 dans le style de la musique de film des ann\u00e9es 60. Je pense \u00e0 John Barry, Herb Alpert ou surtout, Henri Mancini (La Panth\u00e8re rose) Sur d&rsquo;autres pi\u00e8ces, on retrouve Floyd Cramer (pianiste d&rsquo;Elvis).<\/strong><\/span><\/h2>\n<h2 style=\"text-align: center;\"><span style=\"color: #000000;\"><strong>\u00a0 La signature musicale Fabrice Eulry est cependant omnipr\u00e9sente, tant on sent ses grondantes notes de basse toujours aller crescendo. <\/strong><\/span><\/h2>\n<h2 style=\"text-align: center;\"><span style=\"color: #000000;\"><strong>\u00a0 C&rsquo;est un CD remarquable sous une forme attrayante, avec les pas de danse sur le twist et le madison comme jadis. Autre remarque, Ricky Nye est co-producteur de ce disque enregistr\u00e9 \u00e0 Cincinnati .<\/strong><\/span><\/h2>\n<h2 style=\"text-align: center;\"><span style=\"color: #000000;\"><strong>\u00a0 Superbe \u00a0!\u00a0\u00bb<\/strong><\/span><\/h2>\n<h2 style=\"text-align: center;\"><span style=\"color: #000000;\">Andr\u00e9 Hobus<\/span><\/h2>\n<h2 style=\"text-align: center;\"><span style=\"color: #000000;\"><strong><em>Sorti en magasin l&rsquo;\u00e9t\u00e9 dernier aux Etats-unis, ce disque en hommage \u00e0 Ray Charles est disponible en France !<\/em><\/strong><\/span><\/h2>\n<h2 style=\"text-align: center;\"><span style=\"color: #000000;\"><strong style=\"font-size: 1.17em;\">Vous pouvez d\u00e9j\u00e0 le commander en version cd \u00a0ou en num\u00e9rique sur ce site ! Sur la boutique de\u00a0<\/strong><\/span><\/h2>\n<h3 style=\"text-align: center;\"><span style=\"color: #000000;\"><strong><a style=\"color: #000000;\" href=\"http:\/\/www.\/fabriceeulry.com\">http:\/\/www.fabriceeulry.com<\/a>\u00a0<\/strong><\/span><\/h3>\n<h3 style=\"text-align: center;\"><span style=\"color: #000000;\">\u00a0\u00a0 le r\u00e9pertoire de ce disque n&rsquo;est pas ax\u00e9 sur le r\u00e9pertoire de Ray Charles mais sur le son d&rsquo;une des directions musicales qu&rsquo;il a prises.<\/span><\/h3>\n<h3 style=\"text-align: center;\"><span style=\"color: #000000;\">\u00a0\u00a0 Il comprend des compositions de Fabrice Eulry, (Isabelle Madison, You&rsquo;ll never twist alone un morceau siffl\u00e9) des reprises de traditionnels am\u00e9ricains (Swanee river) des reprises du pianiste Ken Jones (Blusesville) ou de Floyd Cramer (On th\u00e9 rebond) le tout orchestr\u00e9 par Fabrice Eulry ou Ken Jones (arrangements de 1960 relev\u00e9s \u00a02002 par Jean-Claude Naude) pour un orchestre d&rsquo;une douzaine de musiciens, suivant les morceaux : 4 trompettistes, 4 trombonistes dont Marc Fields<\/span><\/h3>\n<h3 style=\"text-align: center;\"><span style=\"color: #000000;\"><strong><a style=\"color: #000000;\" href=\"http:\/\/www.fabriceeulry-laboutique.com\/blog\/wp-content\/uploads\/2012\/08\/Marc-Fields1.tif\"><img loading=\"lazy\" decoding=\"async\" title=\"Marc Fields\" src=\"http:\/\/www.fabriceeulry-laboutique.com\/blog\/wp-content\/uploads\/2012\/08\/Marc-Fields1.tif\" alt=\"\" width=\"302\" height=\"220\" \/><\/a><\/strong>\u00a0tromboniste de Ray Charles, piano, contrebasse, batterie, guitare, et parfois vibraphone.<\/span><\/h3>\n","protected":false},"excerpt":{"rendered":"<p>Les amis de Blues en Aveyron a fait un battage des plus efficaces dans les journ\u00e9es qui ont pr\u00e9c\u00e9d\u00e9 les deux concerts. Le reportage du bulletin d&rsquo;Espalion : Celui de la gazette du Nayrac : Sur la photo du bas &hellip; <a href=\"http:\/\/www.fabriceeulry-laboutique.com\/blog\/?p=9873\">Continuer la lecture <span class=\"meta-nav\">&rarr;<\/span><\/a><\/p>\n","protected":false},"author":2,"featured_media":0,"comment_status":"open","ping_status":"open","sticky":false,"template":"","format":"standard","meta":{"jetpack_post_was_ever_published":false,"_jetpack_newsletter_access":"","_jetpack_dont_email_post_to_subs":true,"_jetpack_newsletter_tier_id":0,"_jetpack_memberships_contains_paywalled_content":false,"_jetpack_memberships_contains_paid_content":false,"footnotes":"","jetpack_publicize_message":"","jetpack_publicize_feature_enabled":true,"jetpack_social_post_already_shared":true,"jetpack_social_options":{"image_generator_settings":{"template":"highway","default_image_id":0,"font":"","enabled":false},"version":2}},"categories":[1],"tags":[8],"class_list":["post-9873","post","type-post","status-publish","format-standard","hentry","category-non-classe","tag-blues"],"jetpack_publicize_connections":[],"jetpack_featured_media_url":"","jetpack_sharing_enabled":true,"jetpack_shortlink":"https:\/\/wp.me\/p2D6dI-2zf","jetpack_likes_enabled":true,"jetpack-related-posts":[{"id":6807,"url":"http:\/\/www.fabriceeulry-laboutique.com\/blog\/?p=6807","url_meta":{"origin":9873,"position":0},"title":"CONFERENCE-CONCERT SUR LE BLUES","author":"Le Canard du pianiste","date":"29 avril 2015","format":false,"excerpt":"Le mardi 28 avril 2015, la Fondation R\u00e9sonnance a pr\u00e9sent\u00e9 une conf\u00e9rence-concert-d\u00e9bat sur le blues donn\u00e9e par Jacky Milliet et Fabrice Eulry. Jacky Milliet \u00e9voque le bouillon de culture louisianais et quelques anecdotes sur les pionniers du blues de la Nouvelle Orl\u00e9ans.\u00a0 \u00a0 Le blues illustr\u00e9 en musique avec Tin\u2026","rel":"","context":"Dans &quot;Non class\u00e9&quot;","block_context":{"text":"Non class\u00e9","link":"http:\/\/www.fabriceeulry-laboutique.com\/blog\/?cat=1"},"img":{"alt_text":"","src":"https:\/\/i0.wp.com\/www.fabriceeulry-laboutique.com\/blog\/wp-content\/uploads\/2015\/04\/conf-5-.jpg?resize=350%2C200","width":350,"height":200},"classes":[]},{"id":11554,"url":"http:\/\/www.fabriceeulry-laboutique.com\/blog\/?p=11554","url_meta":{"origin":9873,"position":1},"title":"LES TROPH\u00c9ES DU BLUES 2019","author":"Le Canard du pianiste","date":"3 f\u00e9vrier 2019","format":false,"excerpt":"Dans le cadre du festival Blues en Aveyron 2019 (3\u00e8me \u00e9dition) les Troph\u00e9es du blues accueilleront le mercredi 8 mai \u00e0 Espalion (salle Poulenc), la jeunesse et m\u00eame l'enfance du Blues. Venant d'Aveyron et d'ailleurs, on peut d\u00e9j\u00e0 affirmer qu'encore plus de formations qu'en 2018 seront sur les rangs. Elles\u2026","rel":"","context":"Dans &quot;Non class\u00e9&quot;","block_context":{"text":"Non class\u00e9","link":"http:\/\/www.fabriceeulry-laboutique.com\/blog\/?cat=1"},"img":{"alt_text":"","src":"https:\/\/i0.wp.com\/www.fabriceeulry-laboutique.com\/blog\/wp-content\/uploads\/2019\/02\/troph%C3%A9es-2019-affiche.png?resize=350%2C200","width":350,"height":200},"classes":[]},{"id":9498,"url":"http:\/\/www.fabriceeulry-laboutique.com\/blog\/?p=9498","url_meta":{"origin":9873,"position":2},"title":"CONF\u00c9RENCE SUR LE BLUES","author":"Le Canard du pianiste","date":"15 juin 2017","format":false,"excerpt":"Dans le cadre des activit\u00e9s de l'association Blues en Aveyron, une conf\u00e9rence \u00e9tait donn\u00e9e au Nayrac par Fabrice Eulry devant un auditoire tr\u00e8s attentif. Une carte du monde \u00e0 main lev\u00e9e pour expliquer la gen\u00e8se du blues \u00e0 travers le commerce triangulaire puis les migrations nord-sud aux \u00c9tats-unis au gr\u00e9\u2026","rel":"","context":"Dans &quot;Non class\u00e9&quot;","block_context":{"text":"Non class\u00e9","link":"http:\/\/www.fabriceeulry-laboutique.com\/blog\/?cat=1"},"img":{"alt_text":"","src":"https:\/\/i0.wp.com\/www.fabriceeulry-laboutique.com\/blog\/wp-content\/uploads\/2017\/06\/confb7.jpg?resize=350%2C200","width":350,"height":200,"srcset":"https:\/\/i0.wp.com\/www.fabriceeulry-laboutique.com\/blog\/wp-content\/uploads\/2017\/06\/confb7.jpg?resize=350%2C200 1x, https:\/\/i0.wp.com\/www.fabriceeulry-laboutique.com\/blog\/wp-content\/uploads\/2017\/06\/confb7.jpg?resize=525%2C300 1.5x"},"classes":[]},{"id":10169,"url":"http:\/\/www.fabriceeulry-laboutique.com\/blog\/?p=10169","url_meta":{"origin":9873,"position":3},"title":"LE PIANO DE RAY CHARLES REMIS EN ETAT","author":"Le Canard du pianiste","date":"31 janvier 2018","format":false,"excerpt":"Le piano \u00e9lectrique Wurlitzer comprend 64 touches. Les sons sont produits par des marteaux percutant des lames de m\u00e9tal et amplifi\u00e9s dans deux petits hautparleurs incorpor\u00e9s. Utilis\u00e9 de Ray Charles \u00e0 Supertramp, des Doors \u00e0 Daft punk, il n'a qu'un seul son mais celui-ci est inimitable. Pour cette raison, il\u2026","rel":"","context":"Dans &quot;Non class\u00e9&quot;","block_context":{"text":"Non class\u00e9","link":"http:\/\/www.fabriceeulry-laboutique.com\/blog\/?cat=1"},"img":{"alt_text":"Concfblues","src":"https:\/\/i0.wp.com\/www.fabriceeulry-laboutique.com\/blog\/wp-content\/uploads\/2017\/07\/Concfblues.jpg?resize=350%2C200","width":350,"height":200,"srcset":"https:\/\/i0.wp.com\/www.fabriceeulry-laboutique.com\/blog\/wp-content\/uploads\/2017\/07\/Concfblues.jpg?resize=350%2C200 1x, https:\/\/i0.wp.com\/www.fabriceeulry-laboutique.com\/blog\/wp-content\/uploads\/2017\/07\/Concfblues.jpg?resize=525%2C300 1.5x"},"classes":[]},{"id":10504,"url":"http:\/\/www.fabriceeulry-laboutique.com\/blog\/?p=10504","url_meta":{"origin":9873,"position":4},"title":"LES TROPH\u00c9ES DU BLUES","author":"Le Canard du pianiste","date":"20 mars 2018","format":false,"excerpt":"Dans le cadre du festival Blues en Aveyron 2018 dont voici le programme : \u00a0 l'association Blues en Aveyron organise et d'apr\u00e8s une id\u00e9e originale du chef d'orchestre Fred Bonnet, 6 MAI 2018 \u00e0\u00a0Saint C\u00f4med\u2019Olt \u2013 Salle des\u00a0f\u00eates partir de 16h00- : LES TROPH\u00c9ES DU BLUES 2018 16h \u2013 19h\u00a0:\u2026","rel":"","context":"Dans &quot;Non class\u00e9&quot;","block_context":{"text":"Non class\u00e9","link":"http:\/\/www.fabriceeulry-laboutique.com\/blog\/?cat=1"},"img":{"alt_text":"","src":"https:\/\/i0.wp.com\/www.fabriceeulry-laboutique.com\/blog\/wp-content\/uploads\/2018\/03\/BLUES-EN-AVEYRON-2018-affiche-verson.png?resize=350%2C200","width":350,"height":200},"classes":[]},{"id":13062,"url":"http:\/\/www.fabriceeulry-laboutique.com\/blog\/?p=13062","url_meta":{"origin":9873,"position":5},"title":"D&rsquo;AUTRES PRECISIONS SUR BLUES EN AVEYRON","author":"Le Canard du pianiste","date":"7 septembre 2024","format":false,"excerpt":"Le 28 septembre au Prieur\u00e9 du sauvage, les duels de pianistes mettront \u00e0 l'honneur, outre les classiques du boogie et des reprises de Ray Charles, des blues et boogie issus d'improvisations et de compositions personnelles qui donnent lieu \u00e0 des 2, 4, ou 6 mains accompagn\u00e9s parfois \u00e0 la batterie,\u2026","rel":"","context":"Dans &quot;Non class\u00e9&quot;","block_context":{"text":"Non class\u00e9","link":"http:\/\/www.fabriceeulry-laboutique.com\/blog\/?cat=1"},"img":{"alt_text":"","src":"https:\/\/i0.wp.com\/www.fabriceeulry-laboutique.com\/blog\/wp-content\/uploads\/2024\/09\/Anne-Cadilhac.jpg?resize=350%2C200","width":350,"height":200,"srcset":"https:\/\/i0.wp.com\/www.fabriceeulry-laboutique.com\/blog\/wp-content\/uploads\/2024\/09\/Anne-Cadilhac.jpg?resize=350%2C200 1x, https:\/\/i0.wp.com\/www.fabriceeulry-laboutique.com\/blog\/wp-content\/uploads\/2024\/09\/Anne-Cadilhac.jpg?resize=525%2C300 1.5x, https:\/\/i0.wp.com\/www.fabriceeulry-laboutique.com\/blog\/wp-content\/uploads\/2024\/09\/Anne-Cadilhac.jpg?resize=700%2C400 2x"},"classes":[]}],"_links":{"self":[{"href":"http:\/\/www.fabriceeulry-laboutique.com\/blog\/index.php?rest_route=\/wp\/v2\/posts\/9873","targetHints":{"allow":["GET"]}}],"collection":[{"href":"http:\/\/www.fabriceeulry-laboutique.com\/blog\/index.php?rest_route=\/wp\/v2\/posts"}],"about":[{"href":"http:\/\/www.fabriceeulry-laboutique.com\/blog\/index.php?rest_route=\/wp\/v2\/types\/post"}],"author":[{"embeddable":true,"href":"http:\/\/www.fabriceeulry-laboutique.com\/blog\/index.php?rest_route=\/wp\/v2\/users\/2"}],"replies":[{"embeddable":true,"href":"http:\/\/www.fabriceeulry-laboutique.com\/blog\/index.php?rest_route=%2Fwp%2Fv2%2Fcomments&post=9873"}],"version-history":[{"count":5,"href":"http:\/\/www.fabriceeulry-laboutique.com\/blog\/index.php?rest_route=\/wp\/v2\/posts\/9873\/revisions"}],"predecessor-version":[{"id":9916,"href":"http:\/\/www.fabriceeulry-laboutique.com\/blog\/index.php?rest_route=\/wp\/v2\/posts\/9873\/revisions\/9916"}],"wp:attachment":[{"href":"http:\/\/www.fabriceeulry-laboutique.com\/blog\/index.php?rest_route=%2Fwp%2Fv2%2Fmedia&parent=9873"}],"wp:term":[{"taxonomy":"category","embeddable":true,"href":"http:\/\/www.fabriceeulry-laboutique.com\/blog\/index.php?rest_route=%2Fwp%2Fv2%2Fcategories&post=9873"},{"taxonomy":"post_tag","embeddable":true,"href":"http:\/\/www.fabriceeulry-laboutique.com\/blog\/index.php?rest_route=%2Fwp%2Fv2%2Ftags&post=9873"}],"curies":[{"name":"wp","href":"https:\/\/api.w.org\/{rel}","templated":true}]}}