{"id":9876,"date":"2017-11-23T03:14:22","date_gmt":"2017-11-23T03:14:22","guid":{"rendered":"http:\/\/www.fabriceeulry-laboutique.com\/blog\/?p=9876"},"modified":"2018-12-12T01:09:46","modified_gmt":"2018-12-12T01:09:46","slug":"elizabeth-sombart-et-fabrice-eulry-a-tunis","status":"publish","type":"post","link":"http:\/\/www.fabriceeulry-laboutique.com\/blog\/?p=9876","title":{"rendered":"ELIZABETH SOMBART ET FABRICE EULRY \u00c0 TUNIS"},"content":{"rendered":"<p style=\"text-align: center;\"><span style=\"color: #000000;\"><strong>Invit\u00e9s par l&rsquo;<a href=\"https:\/\/www.facebook.com\/LDLL.TUNISIE\/?timeline_context_item_type=intro_card_work&amp;timeline_context_item_source=1366639831&amp;pnref=lhc\">association<\/a> de Rachid Ben Othman (\u00e0 gauche sur la photo), les deux pianistes donneront un double r\u00e9cital ce jeudi 23 novembre \u00e0 19h30, au magnifique th\u00e9\u00e2tre municipal de Tunis&#8230;<\/strong><\/span><br \/>\n<a href=\"https:\/\/i0.wp.com\/www.fabriceeulry-laboutique.com\/blog\/wp-content\/uploads\/2017\/11\/TUNIS4.png\"><img data-recalc-dims=\"1\" loading=\"lazy\" decoding=\"async\" class=\"alignright size-full wp-image-9880\" src=\"https:\/\/i0.wp.com\/www.fabriceeulry-laboutique.com\/blog\/wp-content\/uploads\/2017\/11\/TUNIS4.png?resize=640%2C325\" alt=\"TUNIS4\" width=\"640\" height=\"325\" srcset=\"https:\/\/i0.wp.com\/www.fabriceeulry-laboutique.com\/blog\/wp-content\/uploads\/2017\/11\/TUNIS4.png?w=648 648w, https:\/\/i0.wp.com\/www.fabriceeulry-laboutique.com\/blog\/wp-content\/uploads\/2017\/11\/TUNIS4.png?resize=300%2C152 300w\" sizes=\"auto, (max-width: 640px) 100vw, 640px\" \/><\/a><\/p>\n<p style=\"text-align: center;\"><span style=\"color: #000000;\"><strong>&#8230; Devant lequel ils posent ci-dessous pour Le Canard du pianiste :<\/strong><\/span><\/p>\n<p style=\"text-align: center;\"><a href=\"https:\/\/i0.wp.com\/www.fabriceeulry-laboutique.com\/blog\/wp-content\/uploads\/2017\/11\/TUNIS8.png\"><img data-recalc-dims=\"1\" loading=\"lazy\" decoding=\"async\" class=\"size-full wp-image-9881 aligncenter\" src=\"https:\/\/i0.wp.com\/www.fabriceeulry-laboutique.com\/blog\/wp-content\/uploads\/2017\/11\/TUNIS8.png?resize=412%2C555\" alt=\"TUNIS8\" width=\"412\" height=\"555\" srcset=\"https:\/\/i0.wp.com\/www.fabriceeulry-laboutique.com\/blog\/wp-content\/uploads\/2017\/11\/TUNIS8.png?w=412 412w, https:\/\/i0.wp.com\/www.fabriceeulry-laboutique.com\/blog\/wp-content\/uploads\/2017\/11\/TUNIS8.png?resize=223%2C300 223w, https:\/\/i0.wp.com\/www.fabriceeulry-laboutique.com\/blog\/wp-content\/uploads\/2017\/11\/TUNIS8.png?resize=300%2C404 300w\" sizes=\"auto, (max-width: 412px) 100vw, 412px\" \/><\/a><\/p>\n<p style=\"text-align: center;\"><strong><span style=\"color: #000000;\">Le th\u00e9\u00e2tre municipal de Tunis inaugur\u00e9 en 1902 est caract\u00e9ristique de \u00ab\u00a0L&rsquo;Art nouveau\u00a0\u00bb : son concepteur, le bien nomm\u00e9 Jean-\u00c9mile Resplandy n&rsquo;est pas sans rappeler Guimard.<\/span><\/strong><\/p>\n<p style=\"text-align: center;\"><strong><span style=\"color: #000000;\">(<em>Cliquer sur l&rsquo;image pour visionner une vid\u00e9o qui vous fera d\u00e9couvrir ce bijou architectural de plus pr\u00e8s<\/em><\/span><\/strong><br \/>\n<a href=\"https:\/\/www.youtube.com\/watch?v=1dtUcK2GCFI\"><img data-recalc-dims=\"1\" loading=\"lazy\" decoding=\"async\" class=\"size-full wp-image-9882 aligncenter\" src=\"https:\/\/i0.wp.com\/www.fabriceeulry-laboutique.com\/blog\/wp-content\/uploads\/2017\/11\/TUNIS9.png?resize=522%2C367\" alt=\"TUNIS9\" width=\"522\" height=\"367\" srcset=\"https:\/\/i0.wp.com\/www.fabriceeulry-laboutique.com\/blog\/wp-content\/uploads\/2017\/11\/TUNIS9.png?w=522 522w, https:\/\/i0.wp.com\/www.fabriceeulry-laboutique.com\/blog\/wp-content\/uploads\/2017\/11\/TUNIS9.png?resize=300%2C211 300w\" sizes=\"auto, (max-width: 522px) 100vw, 522px\" \/><\/a><\/p>\n<p style=\"text-align: center;\">\n","protected":false},"excerpt":{"rendered":"<p>Invit\u00e9s par l&rsquo;association de Rachid Ben Othman (\u00e0 gauche sur la photo), les deux pianistes donneront un double r\u00e9cital ce jeudi 23 novembre \u00e0 19h30, au magnifique th\u00e9\u00e2tre municipal de Tunis&#8230; &#8230; Devant lequel ils posent ci-dessous pour Le Canard &hellip; <a href=\"http:\/\/www.fabriceeulry-laboutique.com\/blog\/?p=9876\">Continuer la lecture <span class=\"meta-nav\">&rarr;<\/span><\/a><\/p>\n","protected":false},"author":2,"featured_media":0,"comment_status":"open","ping_status":"open","sticky":false,"template":"","format":"standard","meta":{"jetpack_post_was_ever_published":false,"_jetpack_newsletter_access":"","_jetpack_dont_email_post_to_subs":true,"_jetpack_newsletter_tier_id":0,"_jetpack_memberships_contains_paywalled_content":false,"_jetpack_memberships_contains_paid_content":false,"footnotes":"","jetpack_publicize_message":"","jetpack_publicize_feature_enabled":true,"jetpack_social_post_already_shared":true,"jetpack_social_options":{"image_generator_settings":{"template":"highway","default_image_id":0,"font":"","enabled":false},"version":2}},"categories":[1],"tags":[22],"class_list":["post-9876","post","type-post","status-publish","format-standard","hentry","category-non-classe","tag-tournees-internationales"],"jetpack_publicize_connections":[],"jetpack_featured_media_url":"","jetpack_sharing_enabled":true,"jetpack_shortlink":"https:\/\/wp.me\/p2D6dI-2zi","jetpack_likes_enabled":true,"jetpack-related-posts":[{"id":9927,"url":"http:\/\/www.fabriceeulry-laboutique.com\/blog\/?p=9927","url_meta":{"origin":9876,"position":0},"title":"ELIZABETH SOMBART ET FABRICE EULRY EN CONCERT (T\u00c9L\u00c9VISION TUNISIENNE)","author":"Le Canard du pianiste","date":"7 d\u00e9cembre 2017","format":false,"excerpt":"Ce reportage de la deuxi\u00e8me cha\u00eene de la t\u00e9l\u00e9vision tunisienne (en bas et \u00e0 partir 21'40) relate le\u00a0double r\u00e9cital que les deux pianistes ont donn\u00e9 au th\u00e9\u00e2tre municipal de Tunis le 23 novembre 2017... https:\/\/www.youtube.com\/watch?v=sNHEruYswTI&feature=youtu.be","rel":"","context":"Dans &quot;Non class\u00e9&quot;","block_context":{"text":"Non class\u00e9","link":"http:\/\/www.fabriceeulry-laboutique.com\/blog\/?cat=1"},"img":{"alt_text":"","src":"https:\/\/i0.wp.com\/img.youtube.com\/vi\/sNHEruYswTI\/0.jpg?resize=350%2C200","width":350,"height":200},"classes":[]},{"id":9759,"url":"http:\/\/www.fabriceeulry-laboutique.com\/blog\/?p=9759","url_meta":{"origin":9876,"position":1},"title":"ACTUALIT\u00c9 DES PIANISTES","author":"Le Canard du pianiste","date":"8 octobre 2017","format":false,"excerpt":"FABRICE EULRY DONNERA UN CONCERT \u00c0 TUNIS AVEC ELIZABETH SOMBART LE 23 NOVEMBRE 2017 \u00a0 \u00a0 \u00a0 \u00a0 \u00a0 \u00a0 \u00a0 \u00a0 \u00a0 \u00a0 TONY KAZIMA PR\u00c9PARE SON DEUXI\u00c8ME DISQUE (EN TRIO) POUR D\u00c9BUT 2018 \u00a0 \u00a0 \u00a0 \u00a0 \u00a0 \u00a0 \u00a0 \u00a0 \u00a0 \u00a0 \u00a0 \u00a0 \u00a0 \u00a0LE CONCERT\u2026","rel":"","context":"Dans &quot;Non class\u00e9&quot;","block_context":{"text":"Non class\u00e9","link":"http:\/\/www.fabriceeulry-laboutique.com\/blog\/?cat=1"},"img":{"alt_text":"","src":"https:\/\/i0.wp.com\/www.fabriceeulry-laboutique.com\/blog\/wp-content\/uploads\/2017\/10\/chris.png?resize=350%2C200","width":350,"height":200},"classes":[]},{"id":6776,"url":"http:\/\/www.fabriceeulry-laboutique.com\/blog\/?p=6776","url_meta":{"origin":9876,"position":2},"title":"FRANCIS DARIZCUREN NOUS PARLE DE RICHARD ANTHONY","author":"Le Canard du pianiste","date":"22 avril 2015","format":false,"excerpt":"\u00a0 \u00a0Vous ne connaissez pas tous son nom mais vous l'avez tous \u00a0entendu des dizaines de fois \u00a0: Francis Darizcuren, ce musicien que toutes les vedettes se sont arrach\u00e9es depuis plus de cinquante ans, ce virtuose pluri-instrumentiste \u00e0 la carri\u00e8re immense,\u00a0c'est lui qui imite le moteur de la Harley Davidson\u2026","rel":"","context":"Dans &quot;Non class\u00e9&quot;","block_context":{"text":"Non class\u00e9","link":"http:\/\/www.fabriceeulry-laboutique.com\/blog\/?cat=1"},"img":{"alt_text":"","src":"https:\/\/i0.wp.com\/www.fabriceeulry-laboutique.com\/blog\/wp-content\/uploads\/2015\/04\/dariz--209x300.jpg?resize=350%2C200","width":350,"height":200},"classes":[]}],"_links":{"self":[{"href":"http:\/\/www.fabriceeulry-laboutique.com\/blog\/index.php?rest_route=\/wp\/v2\/posts\/9876","targetHints":{"allow":["GET"]}}],"collection":[{"href":"http:\/\/www.fabriceeulry-laboutique.com\/blog\/index.php?rest_route=\/wp\/v2\/posts"}],"about":[{"href":"http:\/\/www.fabriceeulry-laboutique.com\/blog\/index.php?rest_route=\/wp\/v2\/types\/post"}],"author":[{"embeddable":true,"href":"http:\/\/www.fabriceeulry-laboutique.com\/blog\/index.php?rest_route=\/wp\/v2\/users\/2"}],"replies":[{"embeddable":true,"href":"http:\/\/www.fabriceeulry-laboutique.com\/blog\/index.php?rest_route=%2Fwp%2Fv2%2Fcomments&post=9876"}],"version-history":[{"count":6,"href":"http:\/\/www.fabriceeulry-laboutique.com\/blog\/index.php?rest_route=\/wp\/v2\/posts\/9876\/revisions"}],"predecessor-version":[{"id":9887,"href":"http:\/\/www.fabriceeulry-laboutique.com\/blog\/index.php?rest_route=\/wp\/v2\/posts\/9876\/revisions\/9887"}],"wp:attachment":[{"href":"http:\/\/www.fabriceeulry-laboutique.com\/blog\/index.php?rest_route=%2Fwp%2Fv2%2Fmedia&parent=9876"}],"wp:term":[{"taxonomy":"category","embeddable":true,"href":"http:\/\/www.fabriceeulry-laboutique.com\/blog\/index.php?rest_route=%2Fwp%2Fv2%2Fcategories&post=9876"},{"taxonomy":"post_tag","embeddable":true,"href":"http:\/\/www.fabriceeulry-laboutique.com\/blog\/index.php?rest_route=%2Fwp%2Fv2%2Ftags&post=9876"}],"curies":[{"name":"wp","href":"https:\/\/api.w.org\/{rel}","templated":true}]}}