{"id":12354,"date":"2020-06-08T00:45:34","date_gmt":"2020-06-08T00:45:34","guid":{"rendered":"http:\/\/www.fabriceeulry-laboutique.com\/blog\/?p=12354"},"modified":"2020-06-08T00:45:38","modified_gmt":"2020-06-08T00:45:38","slug":"resonnance-france-reprend-ses-concerts","status":"publish","type":"post","link":"https:\/\/www.fabriceeulry-laboutique.com\/blog\/?p=12354","title":{"rendered":"R\u00c9SONNANCE FRANCE REPREND SES CONCERTS"},"content":{"rendered":"\n<p style=\"text-align:center\"><strong>Le pianiste masqu\u00e9 est venu venger trois mois d&rsquo;abstinence au Korian des Amandiers \u00e0 Belleville. <\/strong><\/p>\n\n\n\n<figure class=\"wp-block-image\"><img data-recalc-dims=\"1\" loading=\"lazy\" decoding=\"async\" width=\"640\" height=\"308\" src=\"https:\/\/i0.wp.com\/www.fabriceeulry-laboutique.com\/blog\/wp-content\/uploads\/2020\/06\/aman2.png?resize=640%2C308\" alt=\"\" class=\"wp-image-12357\" srcset=\"https:\/\/i0.wp.com\/www.fabriceeulry-laboutique.com\/blog\/wp-content\/uploads\/2020\/06\/aman2.png?w=919&amp;ssl=1 919w, https:\/\/i0.wp.com\/www.fabriceeulry-laboutique.com\/blog\/wp-content\/uploads\/2020\/06\/aman2.png?resize=300%2C144&amp;ssl=1 300w, https:\/\/i0.wp.com\/www.fabriceeulry-laboutique.com\/blog\/wp-content\/uploads\/2020\/06\/aman2.png?resize=768%2C369&amp;ssl=1 768w\" sizes=\"auto, (max-width: 640px) 100vw, 640px\" \/><\/figure>\n\n\n\n<p style=\"text-align:center\"><strong>Derri\u00e8re sa distance de circonstance et son anonymat feint&#8230;<\/strong><\/p>\n\n\n\n<figure class=\"wp-block-image\"><img data-recalc-dims=\"1\" loading=\"lazy\" decoding=\"async\" width=\"640\" height=\"555\" src=\"https:\/\/i0.wp.com\/www.fabriceeulry-laboutique.com\/blog\/wp-content\/uploads\/2020\/06\/aman3.png?resize=640%2C555\" alt=\"\" class=\"wp-image-12358\" srcset=\"https:\/\/i0.wp.com\/www.fabriceeulry-laboutique.com\/blog\/wp-content\/uploads\/2020\/06\/aman3.png?w=702&amp;ssl=1 702w, https:\/\/i0.wp.com\/www.fabriceeulry-laboutique.com\/blog\/wp-content\/uploads\/2020\/06\/aman3.png?resize=300%2C260&amp;ssl=1 300w\" sizes=\"auto, (max-width: 640px) 100vw, 640px\" \/><figcaption>Merci \u00e0 Sabrina pour les photos<\/figcaption><\/figure>\n\n\n\n<p style=\"text-align:center\"><strong> &#8230; Les r\u00e9sidents ont reconnu Fabrice Eulry et son r\u00e9pertoire qui les a fait chanter&#8230;<\/strong><\/p>\n\n\n\n<figure class=\"wp-block-image\"><img data-recalc-dims=\"1\" decoding=\"async\" src=\"https:\/\/i0.wp.com\/www.fabriceeulry-laboutique.com\/blog\/wp-content\/uploads\/2020\/06\/aman.png?w=640\" alt=\"\" class=\"wp-image-12356\"\/><\/figure>\n\n\n\n<p style=\"text-align:center\"> <strong>&#8230; et fait danser le personnel soignant.<\/strong>  <br><\/p>\n\n\n\n<figure class=\"wp-block-image\"><img data-recalc-dims=\"1\" loading=\"lazy\" decoding=\"async\" width=\"640\" height=\"472\" src=\"https:\/\/i0.wp.com\/www.fabriceeulry-laboutique.com\/blog\/wp-content\/uploads\/2020\/06\/grace.png?resize=640%2C472\" alt=\"\" class=\"wp-image-12355\" srcset=\"https:\/\/i0.wp.com\/www.fabriceeulry-laboutique.com\/blog\/wp-content\/uploads\/2020\/06\/grace.png?w=807&amp;ssl=1 807w, https:\/\/i0.wp.com\/www.fabriceeulry-laboutique.com\/blog\/wp-content\/uploads\/2020\/06\/grace.png?resize=300%2C221&amp;ssl=1 300w, https:\/\/i0.wp.com\/www.fabriceeulry-laboutique.com\/blog\/wp-content\/uploads\/2020\/06\/grace.png?resize=768%2C566&amp;ssl=1 768w\" sizes=\"auto, (max-width: 640px) 100vw, 640px\" \/><figcaption>Depuis trois mois, du personnel soignant on applaudit chaque soir l&rsquo;h\u00e9ro\u00efsme,  n&rsquo;en oublions pas sa gr\u00e2ce.<\/figcaption><\/figure>\n\n\n\n<p style=\"text-align:center\"><strong>Un concert offert par R\u00e9sonnance France, qui est heureuse de remplir \u00e0 nouveau sa vocation.<\/strong><\/p>\n","protected":false},"excerpt":{"rendered":"<p>Le pianiste masqu\u00e9 est venu venger trois mois d&rsquo;abstinence au Korian des Amandiers \u00e0 Belleville. Derri\u00e8re sa distance de circonstance et son anonymat feint&#8230; &#8230; Les r\u00e9sidents ont reconnu Fabrice Eulry et son r\u00e9pertoire qui les a fait chanter&#8230; &#8230; &hellip; <a href=\"https:\/\/www.fabriceeulry-laboutique.com\/blog\/?p=12354\">Continuer la lecture <span class=\"meta-nav\">&rarr;<\/span><\/a><\/p>\n","protected":false},"author":2,"featured_media":0,"comment_status":"open","ping_status":"open","sticky":false,"template":"","format":"standard","meta":{"jetpack_post_was_ever_published":false,"_jetpack_newsletter_access":"","_jetpack_dont_email_post_to_subs":false,"_jetpack_newsletter_tier_id":0,"_jetpack_memberships_contains_paywalled_content":false,"_jetpack_memberships_contains_paid_content":false,"footnotes":"","jetpack_publicize_message":"","jetpack_publicize_feature_enabled":true,"jetpack_social_post_already_shared":true,"jetpack_social_options":{"image_generator_settings":{"template":"highway","default_image_id":0,"font":"","enabled":false},"version":2}},"categories":[1],"tags":[],"class_list":["post-12354","post","type-post","status-publish","format-standard","hentry","category-non-classe"],"jetpack_publicize_connections":[],"jetpack_featured_media_url":"","jetpack_sharing_enabled":true,"jetpack_shortlink":"https:\/\/wp.me\/p2D6dI-3dg","jetpack_likes_enabled":true,"jetpack-related-posts":[{"id":5138,"url":"https:\/\/www.fabriceeulry-laboutique.com\/blog\/?p=5138","url_meta":{"origin":12354,"position":0},"title":"DISQUE DE GUILLAUME PERROT CONTRE L&rsquo;OSTEOSARCOME","author":"Le Canard du pianiste","date":"5 juillet 2014","format":false,"excerpt":"ENCORE UNE SURPRISE DE GUILLAUME ! \"En \u00e9coutant les bandes et les vid\u00e9os qu'il nous a laiss\u00e9es de ci de l\u00e0 avant de partir dans l'au-del\u00e0, je suis all\u00e9 vais de surprise en surprise : bien s\u00fbr je n'ai cess\u00e9 de clamer son talent mais je dois confier quelque chose\u2026","rel":"","context":"Dans &quot;Non class\u00e9&quot;","block_context":{"text":"Non class\u00e9","link":"https:\/\/www.fabriceeulry-laboutique.com\/blog\/?cat=1"},"img":{"alt_text":"","src":"https:\/\/i0.wp.com\/www.fabriceeulry-laboutique.com\/blog\/wp-content\/uploads\/2014\/06\/sourire-2.jpg?resize=350%2C200","width":350,"height":200},"classes":[]},{"id":8067,"url":"https:\/\/www.fabriceeulry-laboutique.com\/blog\/?p=8067","url_meta":{"origin":12354,"position":1},"title":"LES VITRAUX D&rsquo;ANZY LE DUC : EPILOGUE","author":"Le Canard du pianiste","date":"30 janvier 2016","format":false,"excerpt":"Votre mobilisation et celle d'associations bienveillantes, ont permis \u00a0l'heureux d\u00e9nouement, relat\u00e9 r\u00e9cemment dans le Canard du pianiste, \u00a0dont les beaux vitraux d'Anzy ont \u00e9t\u00e9 l'objet, menac\u00e9s par un remplacement d\u00e9savantageux. Les Vitraux d\u2019Anzy le Duc : \u00e9pilogue. Dans l\u2019article du Pays Roannais accessible par le lien suivant, http:\/\/www.le-pays.fr\/region\/edition\/rhones-alpes-edition-charlieu\/2016\/01\/23\/lartiste-sollicite-pour-realiser-les-vitraux-de-leglise-danzy-le-duc-reagit_11746881.html G\u00e9rard Fromanger\u2026","rel":"","context":"Dans &quot;Non class\u00e9&quot;","block_context":{"text":"Non class\u00e9","link":"https:\/\/www.fabriceeulry-laboutique.com\/blog\/?cat=1"},"img":{"alt_text":"anzy","src":"https:\/\/i0.wp.com\/www.fabriceeulry-laboutique.com\/blog\/wp-content\/uploads\/2016\/01\/anzy-1.jpg?resize=350%2C200","width":350,"height":200,"srcset":"https:\/\/i0.wp.com\/www.fabriceeulry-laboutique.com\/blog\/wp-content\/uploads\/2016\/01\/anzy-1.jpg?resize=350%2C200 1x, https:\/\/i0.wp.com\/www.fabriceeulry-laboutique.com\/blog\/wp-content\/uploads\/2016\/01\/anzy-1.jpg?resize=525%2C300 1.5x, https:\/\/i0.wp.com\/www.fabriceeulry-laboutique.com\/blog\/wp-content\/uploads\/2016\/01\/anzy-1.jpg?resize=700%2C400 2x"},"classes":[]},{"id":12861,"url":"https:\/\/www.fabriceeulry-laboutique.com\/blog\/?p=12861","url_meta":{"origin":12354,"position":2},"title":"ELIZABETH SOMBART ET MOZART","author":"Le Canard du pianiste","date":"18 f\u00e9vrier 2024","format":false,"excerpt":"La grande pianiste nous offre ici une complicit\u00e9 exceptionnelle avec Mozart. La voici \u00e0 Londres tout r\u00e9cemment. https:\/\/www.youtube.com\/watch?v=T58exYqTSCg Le mensonge prend l'ascenseur, la v\u00e9rit\u00e9 prend l'escalier : Dans les ann\u00e9es 80, Elizabeth Sombart sans c\u00e9der aux tentations et compromissions que le syst\u00e8me d'alors imposait (comp\u00e9tition, plan de carri\u00e8re calqu\u00e9 sur\u2026","rel":"","context":"Dans &quot;Non class\u00e9&quot;","block_context":{"text":"Non class\u00e9","link":"https:\/\/www.fabriceeulry-laboutique.com\/blog\/?cat=1"},"img":{"alt_text":"","src":"https:\/\/i0.wp.com\/img.youtube.com\/vi\/T58exYqTSCg\/0.jpg?resize=350%2C200","width":350,"height":200},"classes":[]},{"id":10564,"url":"https:\/\/www.fabriceeulry-laboutique.com\/blog\/?p=10564","url_meta":{"origin":12354,"position":3},"title":"HIGELIN ET LANCELOT, CHEVALIERS DU PIANO STRIDE","author":"Le Canard du pianiste","date":"8 avril 2018","format":false,"excerpt":"Par Fabrice EULRY \u00a0 \u00a0Ce qui r\u00e9unit ces deux pianistes aux parcours si diff\u00e9rents, est moins leurs d\u00e9c\u00e8s rapproch\u00e9s ou leurs noms si d\u00e9licieusement m\u00e9di\u00e9vaux, mais le fait qu'ils aient \u00e9t\u00e9 parmi les rares pianistes fran\u00e7ais \u00e0 cultiver le piano stride. \u00a0 Cette forme pianistique venant d'Harlem, consistant \u00e0 s'accompagner\u2026","rel":"","context":"Dans &quot;Non class\u00e9&quot;","block_context":{"text":"Non class\u00e9","link":"https:\/\/www.fabriceeulry-laboutique.com\/blog\/?cat=1"},"img":{"alt_text":"JP JOHNSON","src":"https:\/\/i0.wp.com\/www.fabriceeulry-laboutique.com\/blog\/wp-content\/uploads\/2018\/04\/JP-JOHNSON.png?resize=350%2C200","width":350,"height":200},"classes":[]},{"id":10949,"url":"https:\/\/www.fabriceeulry-laboutique.com\/blog\/?p=10949","url_meta":{"origin":12354,"position":4},"title":"QUAND UN CONCERT MUTE EN FIESTA","author":"Le Canard du pianiste","date":"7 septembre 2018","format":false,"excerpt":"Il fallait respecter l'horaire car les handicap\u00e9s lourds devaient aller au dodo \u00e0 heure fixe ; on se posa aussi beaucoup de questions sur le son, pour que les 200 personnes entendent le piano en plein air, en ce 2 septembre au\u00a0Centre d\u2019accueil pour les personnes handicap\u00e9es de l\u2019ordre de\u2026","rel":"","context":"Dans &quot;Non class\u00e9&quot;","block_context":{"text":"Non class\u00e9","link":"https:\/\/www.fabriceeulry-laboutique.com\/blog\/?cat=1"},"img":{"alt_text":"Chabrouh 3","src":"https:\/\/i0.wp.com\/www.fabriceeulry-laboutique.com\/blog\/wp-content\/uploads\/2018\/09\/Chabrouh-3--1024x583.png?resize=350%2C200","width":350,"height":200,"srcset":"https:\/\/i0.wp.com\/www.fabriceeulry-laboutique.com\/blog\/wp-content\/uploads\/2018\/09\/Chabrouh-3--1024x583.png?resize=350%2C200 1x, https:\/\/i0.wp.com\/www.fabriceeulry-laboutique.com\/blog\/wp-content\/uploads\/2018\/09\/Chabrouh-3--1024x583.png?resize=525%2C300 1.5x, https:\/\/i0.wp.com\/www.fabriceeulry-laboutique.com\/blog\/wp-content\/uploads\/2018\/09\/Chabrouh-3--1024x583.png?resize=700%2C400 2x"},"classes":[]},{"id":11216,"url":"https:\/\/www.fabriceeulry-laboutique.com\/blog\/?p=11216","url_meta":{"origin":12354,"position":5},"title":"IMPRO SUR LES GILETS JAUNES (\u00c0 LA DEMANDE DES BRUXELLOIS)","author":"Le Canard du pianiste","date":"9 d\u00e9cembre 2018","format":false,"excerpt":"Deux mois apr\u00e8s la salle comble de Bozar o\u00f9 Fabrice Eulry avait donn\u00e9 la premi\u00e8re de son Concerto n\u00b03 \"supersonique\",\u00a0 c'est pour un r\u00e9cital que le Whalll recevait le \"Chopin du boogie\". Le programme annon\u00e7ait de Bach \u00e0 Hendrix... L'\u00e9clectisme fut donc \u00e0 l'honneur, et le r\u00e9pertoire de circonstance \u00e9galement\u2026","rel":"","context":"Dans &quot;Non class\u00e9&quot;","block_context":{"text":"Non class\u00e9","link":"https:\/\/www.fabriceeulry-laboutique.com\/blog\/?cat=1"},"img":{"alt_text":"bozar.0","src":"https:\/\/i0.wp.com\/www.fabriceeulry-laboutique.com\/blog\/wp-content\/uploads\/2018\/12\/bozar.0.png?resize=350%2C200","width":350,"height":200},"classes":[]}],"_links":{"self":[{"href":"https:\/\/www.fabriceeulry-laboutique.com\/blog\/index.php?rest_route=\/wp\/v2\/posts\/12354","targetHints":{"allow":["GET"]}}],"collection":[{"href":"https:\/\/www.fabriceeulry-laboutique.com\/blog\/index.php?rest_route=\/wp\/v2\/posts"}],"about":[{"href":"https:\/\/www.fabriceeulry-laboutique.com\/blog\/index.php?rest_route=\/wp\/v2\/types\/post"}],"author":[{"embeddable":true,"href":"https:\/\/www.fabriceeulry-laboutique.com\/blog\/index.php?rest_route=\/wp\/v2\/users\/2"}],"replies":[{"embeddable":true,"href":"https:\/\/www.fabriceeulry-laboutique.com\/blog\/index.php?rest_route=%2Fwp%2Fv2%2Fcomments&post=12354"}],"version-history":[{"count":1,"href":"https:\/\/www.fabriceeulry-laboutique.com\/blog\/index.php?rest_route=\/wp\/v2\/posts\/12354\/revisions"}],"predecessor-version":[{"id":12359,"href":"https:\/\/www.fabriceeulry-laboutique.com\/blog\/index.php?rest_route=\/wp\/v2\/posts\/12354\/revisions\/12359"}],"wp:attachment":[{"href":"https:\/\/www.fabriceeulry-laboutique.com\/blog\/index.php?rest_route=%2Fwp%2Fv2%2Fmedia&parent=12354"}],"wp:term":[{"taxonomy":"category","embeddable":true,"href":"https:\/\/www.fabriceeulry-laboutique.com\/blog\/index.php?rest_route=%2Fwp%2Fv2%2Fcategories&post=12354"},{"taxonomy":"post_tag","embeddable":true,"href":"https:\/\/www.fabriceeulry-laboutique.com\/blog\/index.php?rest_route=%2Fwp%2Fv2%2Ftags&post=12354"}],"curies":[{"name":"wp","href":"https:\/\/api.w.org\/{rel}","templated":true}]}}